{"id":4442,"date":"2024-08-02T15:06:01","date_gmt":"2024-08-02T15:06:01","guid":{"rendered":"https:\/\/acquaviva.lavocedelpaese.info\/?p=4442"},"modified":"2024-08-02T15:12:25","modified_gmt":"2024-08-02T15:12:25","slug":"al-via-la-21-edizione-di-argojazz-2024","status":"publish","type":"post","link":"https:\/\/acquaviva.lavocedelpaese.info\/index.php\/2024\/08\/02\/al-via-la-21-edizione-di-argojazz-2024\/","title":{"rendered":"Al via la 21\u00b0 edizione di Argojazz 2024"},"content":{"rendered":"\n<p><br>Si inaugura sabato 3 agosto alle ore 22,00 la ventunesima edizione del festival ARGOJAZZ.<br>Tra i protagonisti del festival diretto da Marilinda Nettis , Felice Casucci e Loredana Calabrese , tantissimi artisti blasonati a tantissimi giovani emergenti .<br>Tanta musica ma anche danza ,\u00a0\u00a0mostre, presentazioni di libri e incontri con gli autori,\u00a0\u00a0mostre fotografiche e altro ancora nel ricco cartellone della fantastica location del porto degli Argonauti.<br>L\u2019associazione culturale Note di Mare ha dedicato affettuosamente alle metamorfosi di Kafha l\u2019importante traguardo dei ventunanni di attivit\u00e0 .<\/p>\n\n\n\n<p>Il festival come spiega Felice Casucci&nbsp;&nbsp;ha l\u2019idea di abbracciare idealmente diverse et\u00e0\u2019 musicali&nbsp;&nbsp;inaugurer\u00e0 la rassegna sabato 3 agosto alle ore 22,00 con il batterista Svizzero Lucio Marelli, di origine italiana. switalo jazz riunisce musicisti svizzeri e italiani, che regolarmente tengono concerti in entrambi i Paesi. Il loro rapporto va oltre la mera interazione musicale manifestandosi nella loro stretta amicizia e stima reciproca. DREAMLAND, l\u2019ultimo album, \u00e8 stato registrato nel 2023 (jetfire records) e viene presentato nell\u2019attuale tour. La formazione convince con un jazz lineare privo di fronzoli e una buona dose di italianit\u00e0. Il sound proposto per l\u2019occasione sapr\u00e0 coinvolgervi e farvi divertire ,il festival proseguir\u00e0 domenica 4 agosto con l\u2019artista Americano Paul Marinaro, .una delle voci maschili pi\u00f9 belle in auge in America. Hanno scritto di Marinaro: &#8220;Il tempo vivace di Marinaro, le note melodiche alternate, il timbro vellutato, il vibrato teso e i pianissimi traslucidi hanno immediatamente annunciato che questa sarebbe stata la notte di Marinaro&#8221;. &#8220;Un cantante formidabile, audace ed evocativo&#8230;Marinaro si \u00e8 evoluto in uno dei cantanti jazz-swing pi\u00f9 affermati e promettenti del paese&#8230;uno degli strumenti vocali pi\u00f9 belli del settore oggi&#8221;. Howard Reich, Chicago Tribune<\/p>\n\n\n\n<p>Marinaro eseguir\u00e0 brani del repertorio di Frank Sinatra ma anche del proprio e sar\u00e0 sostenuto da una ritmica di grande valore composta da: Tom Vaitsas al piano, f Giuseppe Venezia al contrabbasso, Giovanni Scasciamacchia alla batteria.<\/p>\n\n\n\n<p>Gli spettacoli sono a ingresso libero.<\/p>\n\n\n\n<figure class=\"wp-block-image size-full\"><img decoding=\"async\" width=\"1000\" height=\"682\" src=\"https:\/\/acquaviva.lavocedelpaese.info\/wp-content\/uploads\/2024\/08\/7DC9CE06-76E2-406F-9079-FC4F41EEC0F4.jpeg\" alt=\"\" class=\"wp-image-4445\" srcset=\"https:\/\/acquaviva.lavocedelpaese.info\/wp-content\/uploads\/2024\/08\/7DC9CE06-76E2-406F-9079-FC4F41EEC0F4.jpeg 1000w, https:\/\/acquaviva.lavocedelpaese.info\/wp-content\/uploads\/2024\/08\/7DC9CE06-76E2-406F-9079-FC4F41EEC0F4-300x205.jpeg 300w, https:\/\/acquaviva.lavocedelpaese.info\/wp-content\/uploads\/2024\/08\/7DC9CE06-76E2-406F-9079-FC4F41EEC0F4-768x524.jpeg 768w, https:\/\/acquaviva.lavocedelpaese.info\/wp-content\/uploads\/2024\/08\/7DC9CE06-76E2-406F-9079-FC4F41EEC0F4-130x90.jpeg 130w\" sizes=\"(max-width: 1000px) 100vw, 1000px\" \/><\/figure>\n\n\n\n<figure class=\"wp-block-image size-full\"><img decoding=\"async\" width=\"930\" height=\"800\" src=\"https:\/\/acquaviva.lavocedelpaese.info\/wp-content\/uploads\/2024\/08\/81A2E0CA-B215-4936-B5B6-36E007B7C78A.jpeg\" alt=\"\" class=\"wp-image-4443\" srcset=\"https:\/\/acquaviva.lavocedelpaese.info\/wp-content\/uploads\/2024\/08\/81A2E0CA-B215-4936-B5B6-36E007B7C78A.jpeg 930w, https:\/\/acquaviva.lavocedelpaese.info\/wp-content\/uploads\/2024\/08\/81A2E0CA-B215-4936-B5B6-36E007B7C78A-300x258.jpeg 300w, https:\/\/acquaviva.lavocedelpaese.info\/wp-content\/uploads\/2024\/08\/81A2E0CA-B215-4936-B5B6-36E007B7C78A-768x661.jpeg 768w\" sizes=\"(max-width: 930px) 100vw, 930px\" \/><\/figure>\n\n\n\n<figure class=\"wp-block-image size-full\"><img decoding=\"async\" width=\"1000\" height=\"559\" src=\"https:\/\/acquaviva.lavocedelpaese.info\/wp-content\/uploads\/2024\/08\/18575653-E12C-4677-8612-4F79AE091054.jpeg\" alt=\"\" class=\"wp-image-4444\" srcset=\"https:\/\/acquaviva.lavocedelpaese.info\/wp-content\/uploads\/2024\/08\/18575653-E12C-4677-8612-4F79AE091054.jpeg 1000w, https:\/\/acquaviva.lavocedelpaese.info\/wp-content\/uploads\/2024\/08\/18575653-E12C-4677-8612-4F79AE091054-300x168.jpeg 300w, https:\/\/acquaviva.lavocedelpaese.info\/wp-content\/uploads\/2024\/08\/18575653-E12C-4677-8612-4F79AE091054-768x429.jpeg 768w\" sizes=\"(max-width: 1000px) 100vw, 1000px\" \/><\/figure>\n","protected":false},"excerpt":{"rendered":"<p>Si inaugura sabato 3 agosto alle ore 22,00 la ventunesima edizione del festival ARGOJAZZ.Tra i protagonisti del festival diretto da<\/p>\n","protected":false},"author":4,"featured_media":4446,"comment_status":"open","ping_status":"closed","sticky":false,"template":"","format":"standard","meta":{"colormag_page_container_layout":"default_layout","colormag_page_sidebar_layout":"default_layout","_monsterinsights_skip_tracking":false,"_monsterinsights_sitenote_active":false,"_monsterinsights_sitenote_note":"","_monsterinsights_sitenote_category":0,"footnotes":""},"categories":[6,30],"tags":[],"class_list":["post-4442","post","type-post","status-publish","format-standard","has-post-thumbnail","hentry","category-eventi","category-news"],"_links":{"self":[{"href":"https:\/\/acquaviva.lavocedelpaese.info\/index.php\/wp-json\/wp\/v2\/posts\/4442","targetHints":{"allow":["GET"]}}],"collection":[{"href":"https:\/\/acquaviva.lavocedelpaese.info\/index.php\/wp-json\/wp\/v2\/posts"}],"about":[{"href":"https:\/\/acquaviva.lavocedelpaese.info\/index.php\/wp-json\/wp\/v2\/types\/post"}],"author":[{"embeddable":true,"href":"https:\/\/acquaviva.lavocedelpaese.info\/index.php\/wp-json\/wp\/v2\/users\/4"}],"replies":[{"embeddable":true,"href":"https:\/\/acquaviva.lavocedelpaese.info\/index.php\/wp-json\/wp\/v2\/comments?post=4442"}],"version-history":[{"count":1,"href":"https:\/\/acquaviva.lavocedelpaese.info\/index.php\/wp-json\/wp\/v2\/posts\/4442\/revisions"}],"predecessor-version":[{"id":4447,"href":"https:\/\/acquaviva.lavocedelpaese.info\/index.php\/wp-json\/wp\/v2\/posts\/4442\/revisions\/4447"}],"wp:featuredmedia":[{"embeddable":true,"href":"https:\/\/acquaviva.lavocedelpaese.info\/index.php\/wp-json\/wp\/v2\/media\/4446"}],"wp:attachment":[{"href":"https:\/\/acquaviva.lavocedelpaese.info\/index.php\/wp-json\/wp\/v2\/media?parent=4442"}],"wp:term":[{"taxonomy":"category","embeddable":true,"href":"https:\/\/acquaviva.lavocedelpaese.info\/index.php\/wp-json\/wp\/v2\/categories?post=4442"},{"taxonomy":"post_tag","embeddable":true,"href":"https:\/\/acquaviva.lavocedelpaese.info\/index.php\/wp-json\/wp\/v2\/tags?post=4442"}],"curies":[{"name":"wp","href":"https:\/\/api.w.org\/{rel}","templated":true}]}}