{"id":4423,"date":"2024-07-29T15:10:41","date_gmt":"2024-07-29T15:10:41","guid":{"rendered":"https:\/\/acquaviva.lavocedelpaese.info\/?p=4423"},"modified":"2024-07-29T15:12:35","modified_gmt":"2024-07-29T15:12:35","slug":"acquaviva-attivo-lo-sportello-di-porta-futuro","status":"publish","type":"post","link":"https:\/\/acquaviva.lavocedelpaese.info\/index.php\/2024\/07\/29\/acquaviva-attivo-lo-sportello-di-porta-futuro\/","title":{"rendered":"Acquaviva, attivo lo sportello di Porta Futuro"},"content":{"rendered":"\n<p><\/p>\n\n\n\n<p>Acquaviva delle Fonti, 29 luglio 2024 \u2013 Mettere in contatto coloro che cercano lavoro con coloro che stanno cercando figure professionali per la propria impresa. Il Comune di Acquaviva delle Fonti \u00e8 lieto di annunciare l&#8217;apertura dello sportello di Porta Futuro, situato in viale della Repubblica 10, dedicato all&#8217;interazione tra cittadini e aziende, all&#8217;orientamento professionale e alla creazione di impresa.<\/p>\n\n\n\n<p>Il centro \u00e8 parte della rete di job centre della Citt\u00e0 Metropolitana di Bari, che conta 27 sportelli attivi. Lo sportello offre servizi gratuiti di orientamento al lavoro, formazione, sviluppo di competenze, supporto alla ricerca attiva di lavoro e alla creazione di startup e imprese. Per le aziende, sono disponibili servizi di preselezione candidati, organizzazione di recruiting day, e supporto alla creazione d&#8217;impresa.<\/p>\n\n\n\n<p>Lo sportello \u00e8 aperto al pubblico il luned\u00ec, marted\u00ec e venerd\u00ec dalle 09:00 alle 12:00, e il mercoled\u00ec dalle 16:00 alle 18:30, con personale specializzato. Le attivit\u00e0 proseguiranno anche nel corso del mese di agosto, ad esclusione della settimana di Ferragosto.<\/p>\n\n\n\n<p>Il sindaco Marco Lenoci ha sottolineato l&#8217;importanza dell&#8217;iniziativa: &#8220;Porta Futuro rappresenta un ponte vitale tra i nostri cittadini e le opportunit\u00e0 di lavoro, rafforzando il tessuto economico di Acquaviva delle Fonti e promuovendo l&#8217;innovazione e lo sviluppo locale. Un presidio che era necessario e che abbiamo fortemente voluto per mettere insieme domanda e offerta di lavoro\u201d.<\/p>\n\n\n\n<p>L&#8217;assessora alle politiche sociali, Imma Morano, ha aggiunto: &#8220;Questo sportello \u00e8 uno strumento fondamentale per chi cerca lavoro o vuole avviare un&#8217;attivit\u00e0 imprenditoriale. Il nostro obiettivo \u00e8 fornire supporto concreto e risorse utili per il successo professionale e personale dei nostri cittadini. La scelta della collocazione nel quartiere San Giuseppe, poi, \u00e8 un elemento significativo che testimonia una volta di pi\u00f9 l\u2019attenzione di questa amministrazione per le periferie\u201d.<\/p>\n\n\n\n<figure class=\"wp-block-image size-full\"><img decoding=\"async\" width=\"1000\" height=\"563\" src=\"https:\/\/acquaviva.lavocedelpaese.info\/wp-content\/uploads\/2024\/07\/assessora-imma-morano-e-sindaco-marco-lenoci-a-porta-futuro-acquaviva.jpg\" alt=\"\" class=\"wp-image-4424\" srcset=\"https:\/\/acquaviva.lavocedelpaese.info\/wp-content\/uploads\/2024\/07\/assessora-imma-morano-e-sindaco-marco-lenoci-a-porta-futuro-acquaviva.jpg 1000w, https:\/\/acquaviva.lavocedelpaese.info\/wp-content\/uploads\/2024\/07\/assessora-imma-morano-e-sindaco-marco-lenoci-a-porta-futuro-acquaviva-300x169.jpg 300w, https:\/\/acquaviva.lavocedelpaese.info\/wp-content\/uploads\/2024\/07\/assessora-imma-morano-e-sindaco-marco-lenoci-a-porta-futuro-acquaviva-768x432.jpg 768w\" sizes=\"(max-width: 1000px) 100vw, 1000px\" \/><\/figure>\n","protected":false},"excerpt":{"rendered":"<p>Acquaviva delle Fonti, 29 luglio 2024 \u2013 Mettere in contatto coloro che cercano lavoro con coloro che stanno cercando figure<\/p>\n","protected":false},"author":4,"featured_media":4425,"comment_status":"open","ping_status":"closed","sticky":false,"template":"","format":"standard","meta":{"colormag_page_container_layout":"default_layout","colormag_page_sidebar_layout":"default_layout","_monsterinsights_skip_tracking":false,"_monsterinsights_sitenote_active":false,"_monsterinsights_sitenote_note":"","_monsterinsights_sitenote_category":0,"footnotes":""},"categories":[2,28],"tags":[],"class_list":["post-4423","post","type-post","status-publish","format-standard","has-post-thumbnail","hentry","category-attualita","category-primo-piano"],"_links":{"self":[{"href":"https:\/\/acquaviva.lavocedelpaese.info\/index.php\/wp-json\/wp\/v2\/posts\/4423","targetHints":{"allow":["GET"]}}],"collection":[{"href":"https:\/\/acquaviva.lavocedelpaese.info\/index.php\/wp-json\/wp\/v2\/posts"}],"about":[{"href":"https:\/\/acquaviva.lavocedelpaese.info\/index.php\/wp-json\/wp\/v2\/types\/post"}],"author":[{"embeddable":true,"href":"https:\/\/acquaviva.lavocedelpaese.info\/index.php\/wp-json\/wp\/v2\/users\/4"}],"replies":[{"embeddable":true,"href":"https:\/\/acquaviva.lavocedelpaese.info\/index.php\/wp-json\/wp\/v2\/comments?post=4423"}],"version-history":[{"count":1,"href":"https:\/\/acquaviva.lavocedelpaese.info\/index.php\/wp-json\/wp\/v2\/posts\/4423\/revisions"}],"predecessor-version":[{"id":4426,"href":"https:\/\/acquaviva.lavocedelpaese.info\/index.php\/wp-json\/wp\/v2\/posts\/4423\/revisions\/4426"}],"wp:featuredmedia":[{"embeddable":true,"href":"https:\/\/acquaviva.lavocedelpaese.info\/index.php\/wp-json\/wp\/v2\/media\/4425"}],"wp:attachment":[{"href":"https:\/\/acquaviva.lavocedelpaese.info\/index.php\/wp-json\/wp\/v2\/media?parent=4423"}],"wp:term":[{"taxonomy":"category","embeddable":true,"href":"https:\/\/acquaviva.lavocedelpaese.info\/index.php\/wp-json\/wp\/v2\/categories?post=4423"},{"taxonomy":"post_tag","embeddable":true,"href":"https:\/\/acquaviva.lavocedelpaese.info\/index.php\/wp-json\/wp\/v2\/tags?post=4423"}],"curies":[{"name":"wp","href":"https:\/\/api.w.org\/{rel}","templated":true}]}}