{"id":4401,"date":"2024-07-27T14:37:57","date_gmt":"2024-07-27T14:37:57","guid":{"rendered":"https:\/\/acquaviva.lavocedelpaese.info\/?p=4401"},"modified":"2024-07-27T14:44:04","modified_gmt":"2024-07-27T14:44:04","slug":"volleyup-acquaviva-miriana-trotti-ministro-della-difesa-blumagenta","status":"publish","type":"post","link":"https:\/\/acquaviva.lavocedelpaese.info\/index.php\/2024\/07\/27\/volleyup-acquaviva-miriana-trotti-ministro-della-difesa-blumagenta\/","title":{"rendered":"Volleyup Acquaviva: Miriana Trotti, ministro della difesa blumagenta"},"content":{"rendered":"\n<p><\/p>\n\n\n\n<p>Confermata per l&#8217;ottavo anno consecutivo<\/p>\n\n\n\n<p>Anche per la stagione 2024\/2025 a Miriana Trotti sar\u00e0 affidato il ruolo di \u201cministro della difesa\u201d delle libellule nel massimo campionato regionale.<\/p>\n\n\n\n<p>Acquavivese doc con il ruolo di libero, dopo diverse esperienze a Putignano e Bari in campionati di serie B2 e serie C, dal 2017 indossa la casacca blumagenta della societa del Presidente Convertini per difendere i colori della sua citt\u00e0.<\/p>\n\n\n\n<p>Miriana, classe 1997, forte del 60% di efficienza ottenuto lo scorso anno in difesa, si appresta cos\u00ec a guidare la seconda linea delle libellule acquavivesi per l\u2019ottava stagione consecutiva.<\/p>\n\n\n\n<p><a><\/a> \u201cEcco un altro \u201cvolto ormai storico\u201d per la nostra associazione. La riconferma di Miriana \u00e8 garanzia di esperienza, responsabilit\u00e0 ed affidabilit\u00e0 per tutto il gruppo squadra\u201d, queste le parole del Team Manager Lorenzo Belnome.<\/p>\n\n\n\n<p>\u201cSono molto felice di far parte anche quest\u2019anno del progetto della VOLLEYUP Acquaviva, sono pronta a scrivere questo nuovo capitolo della mia personale esperienza nel mondo della pallavolo. Con tutte le mie compagne di squadra, vecchie e nuove, daremo il massimo, sia in allenamento che in partita, al fine di raggiungere tutti gli obiettivi che la societ\u00e0 si \u00e8 prefissati\u201d, queste le parole di Miriana.<\/p>\n\n\n\n<p>Fuori dal rettangolo di gioco \u00e8 infermiera presso il locale Ospedale Generale Regionale \u201cF. Miulli\u201d.<\/p>\n\n\n\n<p><\/p>\n\n\n\n<figure class=\"wp-block-image size-full\"><img decoding=\"async\" width=\"600\" height=\"800\" src=\"https:\/\/acquaviva.lavocedelpaese.info\/wp-content\/uploads\/2024\/07\/LOCANDINA-MIRIANA-2.jpg\" alt=\"\" class=\"wp-image-4406\" srcset=\"https:\/\/acquaviva.lavocedelpaese.info\/wp-content\/uploads\/2024\/07\/LOCANDINA-MIRIANA-2.jpg 600w, https:\/\/acquaviva.lavocedelpaese.info\/wp-content\/uploads\/2024\/07\/LOCANDINA-MIRIANA-2-225x300.jpg 225w\" sizes=\"(max-width: 600px) 100vw, 600px\" \/><\/figure>\n\n\n\n<figure class=\"wp-block-gallery has-nested-images columns-default is-cropped wp-block-gallery-1 is-layout-flex wp-block-gallery-is-layout-flex\">\n<figure class=\"wp-block-image size-full\"><img decoding=\"async\" width=\"582\" height=\"800\" data-id=\"4407\" src=\"https:\/\/acquaviva.lavocedelpaese.info\/wp-content\/uploads\/2024\/07\/miriana01-1.jpg\" alt=\"\" class=\"wp-image-4407\" srcset=\"https:\/\/acquaviva.lavocedelpaese.info\/wp-content\/uploads\/2024\/07\/miriana01-1.jpg 582w, https:\/\/acquaviva.lavocedelpaese.info\/wp-content\/uploads\/2024\/07\/miriana01-1-218x300.jpg 218w\" sizes=\"(max-width: 582px) 100vw, 582px\" \/><\/figure>\n\n\n\n<figure class=\"wp-block-image\"><img decoding=\"async\" src=\"https:\/\/acquaviva.lavocedelpaese.info\/4403a5be-a5ff-494f-99fb-840c9635c2fa\" alt=\"\" \/><\/figure>\n\n\n\n<figure class=\"wp-block-image\"><img decoding=\"async\" src=\"https:\/\/acquaviva.lavocedelpaese.info\/b2ae2eee-d20a-4fc0-95d8-acb77f81d4dd\" alt=\"\" \/><\/figure>\n<\/figure>\n","protected":false},"excerpt":{"rendered":"<p>Confermata per l&#8217;ottavo anno consecutivo Anche per la stagione 2024\/2025 a Miriana Trotti sar\u00e0 affidato il ruolo di \u201cministro della<\/p>\n","protected":false},"author":4,"featured_media":4411,"comment_status":"open","ping_status":"closed","sticky":false,"template":"","format":"standard","meta":{"colormag_page_container_layout":"default_layout","colormag_page_sidebar_layout":"default_layout","_monsterinsights_skip_tracking":false,"_monsterinsights_sitenote_active":false,"_monsterinsights_sitenote_note":"","_monsterinsights_sitenote_category":0,"footnotes":""},"categories":[33,15],"tags":[],"class_list":["post-4401","post","type-post","status-publish","format-standard","has-post-thumbnail","hentry","category-spalla","category-sport"],"_links":{"self":[{"href":"https:\/\/acquaviva.lavocedelpaese.info\/index.php\/wp-json\/wp\/v2\/posts\/4401","targetHints":{"allow":["GET"]}}],"collection":[{"href":"https:\/\/acquaviva.lavocedelpaese.info\/index.php\/wp-json\/wp\/v2\/posts"}],"about":[{"href":"https:\/\/acquaviva.lavocedelpaese.info\/index.php\/wp-json\/wp\/v2\/types\/post"}],"author":[{"embeddable":true,"href":"https:\/\/acquaviva.lavocedelpaese.info\/index.php\/wp-json\/wp\/v2\/users\/4"}],"replies":[{"embeddable":true,"href":"https:\/\/acquaviva.lavocedelpaese.info\/index.php\/wp-json\/wp\/v2\/comments?post=4401"}],"version-history":[{"count":3,"href":"https:\/\/acquaviva.lavocedelpaese.info\/index.php\/wp-json\/wp\/v2\/posts\/4401\/revisions"}],"predecessor-version":[{"id":4413,"href":"https:\/\/acquaviva.lavocedelpaese.info\/index.php\/wp-json\/wp\/v2\/posts\/4401\/revisions\/4413"}],"wp:featuredmedia":[{"embeddable":true,"href":"https:\/\/acquaviva.lavocedelpaese.info\/index.php\/wp-json\/wp\/v2\/media\/4411"}],"wp:attachment":[{"href":"https:\/\/acquaviva.lavocedelpaese.info\/index.php\/wp-json\/wp\/v2\/media?parent=4401"}],"wp:term":[{"taxonomy":"category","embeddable":true,"href":"https:\/\/acquaviva.lavocedelpaese.info\/index.php\/wp-json\/wp\/v2\/categories?post=4401"},{"taxonomy":"post_tag","embeddable":true,"href":"https:\/\/acquaviva.lavocedelpaese.info\/index.php\/wp-json\/wp\/v2\/tags?post=4401"}],"curies":[{"name":"wp","href":"https:\/\/api.w.org\/{rel}","templated":true}]}}