{"id":4398,"date":"2024-07-23T16:30:42","date_gmt":"2024-07-23T16:30:42","guid":{"rendered":"https:\/\/acquaviva.lavocedelpaese.info\/?p=4398"},"modified":"2024-07-27T14:43:34","modified_gmt":"2024-07-27T14:43:34","slug":"acquaviva-passeggiata-di-comunita-per-la-redazione-del-peba","status":"publish","type":"post","link":"https:\/\/acquaviva.lavocedelpaese.info\/index.php\/2024\/07\/23\/acquaviva-passeggiata-di-comunita-per-la-redazione-del-peba\/","title":{"rendered":"Acquaviva, passeggiata di comunit\u00e0 per la redazione del Peba"},"content":{"rendered":"\n<p>Camminare insieme per segnalare tutti gli ostacoli che impediscono ad Acquaviva delle Fonti di essere una citt\u00e0 accogliente e accessibile, per tutti. Con questo scopo il Comune di Acquaviva delle Fonti invita tutti i cittadini a partecipare alla \u201cPasseggiata di Comunit\u00e0\u201d che si terr\u00e0 il 25 luglio 2024 alle ore 17:00, con partenza da Piazza Garibaldi, davanti alla biblioteca comunale.<\/p>\n\n\n\n<p>L&#8217;iniziativa nasce con l&#8217;obiettivo di identificare le criticit\u00e0 presenti nel territorio comunale in merito all&#8217;accessibilit\u00e0 e alla mobilit\u00e0 urbana e completa tutte le azioni introdotte dall\u2019amministrazione comunale per redigere al meglio il piano, come il questionario online e sessioni di dibattito pubblico.<\/p>\n\n\n\n<p>Durante la passeggiata, insieme all\u2019architetta Alessandra Marsico, i partecipanti avranno l&#8217;opportunit\u00e0 di segnalare direttamente sul posto le barriere architettoniche e le problematiche riscontrate. Tali riscontri verranno poi inviati ai tecnici incaricati della redazione del PEBA (Piano per l\u2019Eliminazione delle Barriere Architettoniche), un documento fondamentale per migliorare l\u2019accessibilit\u00e0 e la qualit\u00e0 della vita di tutti i cittadini.<\/p>\n\n\n\n<p>La partecipazione attiva della comunit\u00e0 \u00e8 essenziale per garantire che il PEBA risponda in modo efficace alle esigenze reali della popolazione, inclusi anziani, persone con disabilit\u00e0, genitori con passeggini e chiunque abbia difficolt\u00e0 di mobilit\u00e0.<\/p>\n\n\n\n<p>Il sindaco Marco Lenoci spiega: \u201cInvito tutta la cittadinanza a prendere parte a questa importante iniziativa. La nostra citt\u00e0 deve essere accessibile a tutti e con il contributo di ciascuno possiamo individuare e superare le barriere che ancora ostacolano la piena fruibilit\u00e0 dei nostri spazi urbani\u201d.<\/p>\n\n\n\n<p>Un aiuto per chi il Peba dovr\u00e0 redigerlo, come evidenzia l\u2019assessora alle Politiche sociali, Imma Morano: \u201cLa passeggiata di comunit\u00e0 rappresenta un momento di condivisione e collaborazione. \u00c8 fondamentale che i tecnici abbiano un quadro completo e dettagliato delle criticit\u00e0 esistenti, e solo grazie alla partecipazione attiva dei cittadini possiamo raggiungere questo obiettivo. Vi aspettiamo numerosi!&#8221;.<\/p>\n","protected":false},"excerpt":{"rendered":"<p>Camminare insieme per segnalare tutti gli ostacoli che impediscono ad Acquaviva delle Fonti di essere una citt\u00e0 accogliente e accessibile,<\/p>\n","protected":false},"author":4,"featured_media":4399,"comment_status":"open","ping_status":"closed","sticky":false,"template":"","format":"standard","meta":{"colormag_page_container_layout":"default_layout","colormag_page_sidebar_layout":"default_layout","_monsterinsights_skip_tracking":false,"_monsterinsights_sitenote_active":false,"_monsterinsights_sitenote_note":"","_monsterinsights_sitenote_category":0,"footnotes":""},"categories":[3,33],"tags":[],"class_list":["post-4398","post","type-post","status-publish","format-standard","has-post-thumbnail","hentry","category-politica","category-spalla"],"_links":{"self":[{"href":"https:\/\/acquaviva.lavocedelpaese.info\/index.php\/wp-json\/wp\/v2\/posts\/4398","targetHints":{"allow":["GET"]}}],"collection":[{"href":"https:\/\/acquaviva.lavocedelpaese.info\/index.php\/wp-json\/wp\/v2\/posts"}],"about":[{"href":"https:\/\/acquaviva.lavocedelpaese.info\/index.php\/wp-json\/wp\/v2\/types\/post"}],"author":[{"embeddable":true,"href":"https:\/\/acquaviva.lavocedelpaese.info\/index.php\/wp-json\/wp\/v2\/users\/4"}],"replies":[{"embeddable":true,"href":"https:\/\/acquaviva.lavocedelpaese.info\/index.php\/wp-json\/wp\/v2\/comments?post=4398"}],"version-history":[{"count":1,"href":"https:\/\/acquaviva.lavocedelpaese.info\/index.php\/wp-json\/wp\/v2\/posts\/4398\/revisions"}],"predecessor-version":[{"id":4400,"href":"https:\/\/acquaviva.lavocedelpaese.info\/index.php\/wp-json\/wp\/v2\/posts\/4398\/revisions\/4400"}],"wp:featuredmedia":[{"embeddable":true,"href":"https:\/\/acquaviva.lavocedelpaese.info\/index.php\/wp-json\/wp\/v2\/media\/4399"}],"wp:attachment":[{"href":"https:\/\/acquaviva.lavocedelpaese.info\/index.php\/wp-json\/wp\/v2\/media?parent=4398"}],"wp:term":[{"taxonomy":"category","embeddable":true,"href":"https:\/\/acquaviva.lavocedelpaese.info\/index.php\/wp-json\/wp\/v2\/categories?post=4398"},{"taxonomy":"post_tag","embeddable":true,"href":"https:\/\/acquaviva.lavocedelpaese.info\/index.php\/wp-json\/wp\/v2\/tags?post=4398"}],"curies":[{"name":"wp","href":"https:\/\/api.w.org\/{rel}","templated":true}]}}