{"id":4380,"date":"2024-07-22T10:02:42","date_gmt":"2024-07-22T10:02:42","guid":{"rendered":"https:\/\/acquaviva.lavocedelpaese.info\/?p=4380"},"modified":"2024-07-23T16:50:48","modified_gmt":"2024-07-23T16:50:48","slug":"biblio-in-incontro-con-lautore-francesco-carofiglio","status":"publish","type":"post","link":"https:\/\/acquaviva.lavocedelpaese.info\/index.php\/2024\/07\/22\/biblio-in-incontro-con-lautore-francesco-carofiglio\/","title":{"rendered":"Biblio In &#8211; incontro con l&#8217;autore Francesco Carofiglio"},"content":{"rendered":"\n<p>Gioved\u00ec 25 luglio, alle ore 19.00,\u00a0nell&#8217;Atrio Comunale di Palazzo de Mari, avremo l&#8217;onore di ospitare l&#8217;autore Roberto Emanuelli. A dialogare con lui, Antonia Filippo.<\/p>\n\n\n\n<p>Francesco Carofiglio~ Architetto, regista e illustratore, ha lavorato per molti anni come attore e autore teatrale. Scrive soggetti e sceneggiature per il cinema e la televisione.<br>Oltre a L&#8217;estate del cane nero (Marsilio 2008, quattro edizioni), ha pubblicato per bur nel 2005 il romanzo With or Without you e per Rizzoli nel 2007 il graphic novel Cacciatori nelle tenebre in coppia con suo fratello Gianrico. Tra i suoi romanzi pi\u00f9 recenti ricordiamo Wok (Piemme 2014), La casa nel bosco (Rizzoli 2014), Voglio vivere una volta sola (Piemme 2014), Una specie di felicit\u00e0 (Piemme 2017), Il maestro (Piemme 2017), il libro per ragazzi Jonas e il mondo nero (Piemme 2018), L&#8217;estate dell&#8217;incanto (Piemme 2019), Prometto che ti dar\u00f2 il mondo (Piemme 2021). Per Feltrinelli ha pubblicato, Cattivi. Mister H. (2022), Cattivi. Lady M (2023). Nel 2024 esce per Garzanti, La stagione bella.<\/p>\n\n\n\n<p>Viola ha quarant&#8217;anni. Nuota ogni giorno. Sin da quando era bambina. Decine di vasche avanti e indietro, mentre fuori, il mondo sparisce.<\/p>\n\n\n\n<p>Le sue giornate sembrano muoversi nell&#8217;ipnosi leggera di un tempo fermo e invecchiare non c&#8217;entra, c&#8217;entra la sua vita, quella che esiste, quella che non \u00e8 mai esistita. Forse tutto \u00e8 cominciato quando \u00e8 andata via, troppo presto. O forse molto prima. Viola non pu\u00f2 saperlo. Figlie uniche entrambe, orfane entrambe di un padre mai esistito. Strette da un legame felice e indistruttibile, per tutta la vita. Nella sua bottega a Milano, Viola crea fragranze per una Maison francese. Dentro quella bottega riceve persone che grazie agli odori cercano e a volte ritrovano una strada perduta, curano la memoria ferita con l&#8217;olfatto. E mentre Viola compie l&#8217;operazione minuziosa del riordino nella casa della sua infanzia succede qualcosa tra gli odori di canfora e di lavanda. In un cassetto c&#8217;\u00e8 una scatola mai vista prima, ci sono lettere, fotografie e un nastro registrato di quando Barbara viveva a Parigi prima che lei nascesse. Forse dentro quella scatola si nasconde un segreto. Il segreto di tutta la vita.<\/p>\n\n\n\n<p>L\u2019iniziativa rientra nella programmazione degli eventi di <strong>Biblio In<\/strong>, in collaborazione con la &#8220;<strong>Pro Loco Curtomartino&#8221;<\/strong>&nbsp;e con il supporto della Mondadori Bookstore di Acquaviva delle Fonti.<\/p>\n\n\n\n<p>La partecipazione \u00e8 libera e gratuita.<\/p>\n\n\n\n<p><\/p>\n\n\n\n<figure class=\"wp-block-image size-full\"><img decoding=\"async\" width=\"566\" height=\"800\" src=\"https:\/\/acquaviva.lavocedelpaese.info\/wp-content\/uploads\/2024\/07\/Incontri-con-lautore-Carofiglio-locanidna.jpg\" alt=\"\" class=\"wp-image-4383\" srcset=\"https:\/\/acquaviva.lavocedelpaese.info\/wp-content\/uploads\/2024\/07\/Incontri-con-lautore-Carofiglio-locanidna.jpg 566w, https:\/\/acquaviva.lavocedelpaese.info\/wp-content\/uploads\/2024\/07\/Incontri-con-lautore-Carofiglio-locanidna-212x300.jpg 212w\" sizes=\"(max-width: 566px) 100vw, 566px\" \/><\/figure>\n\n\n\n<p><\/p>\n\n\n\n<figure class=\"wp-block-image size-full\"><img decoding=\"async\" width=\"450\" height=\"800\" src=\"https:\/\/acquaviva.lavocedelpaese.info\/wp-content\/uploads\/2024\/07\/Evento-Carofiglio.jpg\" alt=\"\" class=\"wp-image-4381\" srcset=\"https:\/\/acquaviva.lavocedelpaese.info\/wp-content\/uploads\/2024\/07\/Evento-Carofiglio.jpg 450w, https:\/\/acquaviva.lavocedelpaese.info\/wp-content\/uploads\/2024\/07\/Evento-Carofiglio-169x300.jpg 169w\" sizes=\"(max-width: 450px) 100vw, 450px\" \/><\/figure>\n\n\n\n<figure class=\"wp-block-image size-full\"><img decoding=\"async\" width=\"800\" height=\"800\" src=\"https:\/\/acquaviva.lavocedelpaese.info\/wp-content\/uploads\/2024\/07\/Incontri-con-lautore-Carofiglio.jpg\" alt=\"\" class=\"wp-image-4384\" srcset=\"https:\/\/acquaviva.lavocedelpaese.info\/wp-content\/uploads\/2024\/07\/Incontri-con-lautore-Carofiglio.jpg 800w, https:\/\/acquaviva.lavocedelpaese.info\/wp-content\/uploads\/2024\/07\/Incontri-con-lautore-Carofiglio-300x300.jpg 300w, https:\/\/acquaviva.lavocedelpaese.info\/wp-content\/uploads\/2024\/07\/Incontri-con-lautore-Carofiglio-150x150.jpg 150w, https:\/\/acquaviva.lavocedelpaese.info\/wp-content\/uploads\/2024\/07\/Incontri-con-lautore-Carofiglio-768x768.jpg 768w\" sizes=\"(max-width: 800px) 100vw, 800px\" \/><\/figure>\n","protected":false},"excerpt":{"rendered":"<p>Gioved\u00ec 25 luglio, alle ore 19.00,\u00a0nell&#8217;Atrio Comunale di Palazzo de Mari, avremo l&#8217;onore di ospitare l&#8217;autore Roberto Emanuelli. A dialogare<\/p>\n","protected":false},"author":4,"featured_media":4385,"comment_status":"open","ping_status":"closed","sticky":false,"template":"","format":"standard","meta":{"colormag_page_container_layout":"default_layout","colormag_page_sidebar_layout":"default_layout","_monsterinsights_skip_tracking":false,"_monsterinsights_sitenote_active":false,"_monsterinsights_sitenote_note":"","_monsterinsights_sitenote_category":0,"footnotes":""},"categories":[5,30],"tags":[],"class_list":["post-4380","post","type-post","status-publish","format-standard","has-post-thumbnail","hentry","category-cultura","category-news"],"_links":{"self":[{"href":"https:\/\/acquaviva.lavocedelpaese.info\/index.php\/wp-json\/wp\/v2\/posts\/4380","targetHints":{"allow":["GET"]}}],"collection":[{"href":"https:\/\/acquaviva.lavocedelpaese.info\/index.php\/wp-json\/wp\/v2\/posts"}],"about":[{"href":"https:\/\/acquaviva.lavocedelpaese.info\/index.php\/wp-json\/wp\/v2\/types\/post"}],"author":[{"embeddable":true,"href":"https:\/\/acquaviva.lavocedelpaese.info\/index.php\/wp-json\/wp\/v2\/users\/4"}],"replies":[{"embeddable":true,"href":"https:\/\/acquaviva.lavocedelpaese.info\/index.php\/wp-json\/wp\/v2\/comments?post=4380"}],"version-history":[{"count":3,"href":"https:\/\/acquaviva.lavocedelpaese.info\/index.php\/wp-json\/wp\/v2\/posts\/4380\/revisions"}],"predecessor-version":[{"id":4387,"href":"https:\/\/acquaviva.lavocedelpaese.info\/index.php\/wp-json\/wp\/v2\/posts\/4380\/revisions\/4387"}],"wp:featuredmedia":[{"embeddable":true,"href":"https:\/\/acquaviva.lavocedelpaese.info\/index.php\/wp-json\/wp\/v2\/media\/4385"}],"wp:attachment":[{"href":"https:\/\/acquaviva.lavocedelpaese.info\/index.php\/wp-json\/wp\/v2\/media?parent=4380"}],"wp:term":[{"taxonomy":"category","embeddable":true,"href":"https:\/\/acquaviva.lavocedelpaese.info\/index.php\/wp-json\/wp\/v2\/categories?post=4380"},{"taxonomy":"post_tag","embeddable":true,"href":"https:\/\/acquaviva.lavocedelpaese.info\/index.php\/wp-json\/wp\/v2\/tags?post=4380"}],"curies":[{"name":"wp","href":"https:\/\/api.w.org\/{rel}","templated":true}]}}