{"id":4286,"date":"2024-07-04T16:15:11","date_gmt":"2024-07-04T16:15:11","guid":{"rendered":"https:\/\/acquaviva.lavocedelpaese.info\/?p=4286"},"modified":"2024-07-08T17:49:33","modified_gmt":"2024-07-08T17:49:33","slug":"una-festa-a-regola-darte","status":"publish","type":"post","link":"https:\/\/acquaviva.lavocedelpaese.info\/index.php\/2024\/07\/04\/una-festa-a-regola-darte\/","title":{"rendered":"Una Festa a regola d&#8217;Arte"},"content":{"rendered":"\n<p>Festa della Cipolla Rossa di Acquaviva delle Fonti 2024<\/p>\n\n\n\n<p><br>Una festa a regola d\u2019arte. Con il contributo della Regione Puglia \u2013 Assessorato all\u2019Agricoltura e del Comune di Acquaviva delle Fonti, con il patrocinio della Citt\u00e0 Metropolitana di Bari, del Parco Nazionale dell\u2019Alta Murgia, del Gal Sud-Est Barese e Unpli Puglia, l\u2019Associazione Turistica Pro Loco \u201cCurtomartino\u201d vi invita il 20 e 21 luglio all\u2019attesissimo ritorno della Festa della Cipolla Rossa di Acquaviva delle Fonti.<br>Alessandro Macchia, Presidente della Pro Loco, si dice \u201centusiasta e motivato nell\u2019organizzare nuovamente la festa a cinque anni di distanza dall\u2019ultima edizione. La Festa torna dopo anni difficili a causa della pandemia, ma anche da un riassetto associativo necessario per trovare nuovi stimoli e nuove idee. Torniamo con lo spirito di voler rilanciare la citt\u00e0 e in primis il nostro prodotto tipico per eccellenza. Ma anche con tante novit\u00e0 per offrire a un pubblico sempre pi\u00f9 ampio l\u2019opportunit\u00e0 di godere a pieno di questi due giorni di eventi. Sar\u00e0 una festa a regola d\u2019arte perch\u00e9 sar\u00e0 organizzata nei minimi dettagli, perch\u00e9 avr\u00e0 un chiaro indirizzo culturale e perch\u00e9 coinvolger\u00e0 tutto il nostro territorio con visite e attivit\u00e0 che andranno a valorizzare Acquaviva e tutte le sue peculiarit\u00e0\u201d.<br>Grazie alla presenza di sempre pi\u00f9 giovani e di figure professionali, quest\u2019anno la Festa si arricchisce di due eventi collaterali.<br>Il primo \u00e8 \u201cThe Acquaviveser\u201d, una mostra tematica figlia di \u201cThe Puglieser\u201d, dove giovani artisti locali presenteranno le loro opere all\u2019interno di Palazzo De Mari. Un evento che si lega perfettamente con il territorio perch\u00e9 mostra le nostre tipicit\u00e0, in tutte le loro forme, da un punto di vista artistico e giovanile.<br>La mostra \u00e8 in programma dal 14 al 21 luglio 2024.<br>Il secondo \u00e8 \u201cStrati Music Contest\u201d, un contest musicale per giovani promesse della musica, non solo di Acquaviva ma anche dei paesi limitrofi. Una gara a tutti gli effetti, dove una giuria qualificata valuter\u00e0 le prestazioni dei partecipanti e assegner\u00e0 i quattro premi messi a disposizione. La fase eliminatoria del contest partir\u00e0 il 17 luglio, proseguendo fino al 19, per poi decretare il vincitore nella serata di sabato 20.<br>\u201cAbbiamo, quindi, voluto allargare la forbice della proposta della Festa della Cipolla Rossa \u2013 prosegue il Presidente \u2013 che culminer\u00e0 nelle giornate del 20 e 21 luglio con stand enogastronomici e il concerto gratuito di un\u2019artista a livello nazionale che in quest\u2019ultimo periodo \u00e8 tornata sulla scena musicale con<br>un nuovo inedito e un nuovo sound musicale: Donatella Rettore. Quest\u2019anno la festa sar\u00e0 di casa in Piazza Garibaldi dove, in tutta sicurezza, la manifestazione potr\u00e0 ospitare il pubblico e le diverse attivit\u00e0 in programma. Parallelamente, come tutto l\u2019anno, ci saranno visite guidate, laboratori e esperienze sul<br>territorio, in collaborazione con l\u2019Ufficio Turistico gestito dai soci e volontari della Pro Loco\u201d.<\/p>\n\n\n\n<p><br>PROGRAMMA DELLA FESTA DELLA CIPOLLA ROSSA DI ACQUAVIVA DELLE FONTI 2024<\/p>\n\n\n\n<ul class=\"wp-block-list\">\n<li>Gioved\u00ec 11 luglio ore 11:00 presso Regione Puglia \u2013 Assessorato all\u2019agricoltura<br><br>Conferenza stampa di presentazione della Festa della Cipolla Rossa di Acquaviva delle Fonti alla presenza delle autorit\u00e0 regionali e locali, nonch\u00e9 partner di progetto (Parco Nazionale dell\u2019Alta Murgia, Gal Sud-Est Barese e UNPLI Puglia), giornalisti e testate locali<\/li>\n\n\n\n<li>Dal 14 al 21 luglio dalle ore 18:00 alle ore 21:00 presso Sala C. Colafemmina e Museo Archeologico AMA \u201cAustscio Busto\u201d di Palazzo de Mari<br>Mostra: The Puglieser e The Acquaviveser (ingresso gratuito)<\/li>\n\n\n\n<li>Dal 17 al 19 luglio dalle ore 18:00 alle ore 21:00 in Piazza dei Martiri del 1799 Strati Music Contest (ingresso gratuito)<\/li>\n\n\n\n<li>Sabato 20 luglio<br>Ore 17:00: Rossa di sera \u2013 tour gratuito ai campi di cipolle rosse di Acquaviva con aperitivo<br>Dalle ore 18:00: apertura stand gastronomici \u2013 Piazza Garibaldi<br>Ore 19:00: Alla corte dei De Mari \u2013 visita guidata gratuita al Museo Archeologico \u201cAustacio Busto\u201d e a<br>Palazzo de Mari a cura dell\u2019Archeoclub \u201cSante Zirioni\u201d<br>Dalle ore 18:00: Strati Music Contest la finale \u2013 Piazza Garibaldi<br>Ore 21:00: Gaia Gentile in concerto \u2013 Piazza Garibaldi<br>Ore 23:00: Armando Lenotti \u2013 Dj Set \u2013 Piazza Garibaldi<br>Presenta Nikita Magno<\/li>\n\n\n\n<li>Domenica 21 luglio<br>Dalle ore 18:00: apertura stand gastronomici \u2013 Piazza Garibaldi<br>Ore 19:00: Tra sacro e profano- visita guidata gratuita al centro antico a cura dell\u2019Archeoclub \u201cSante<br>Zirioni\u201d<br>Ore 21:30: Donatella Rettore in concerto in Brilla Summer Tour \u2013 Piazza Garibaldi<br>Ore 23:30: estrazione lotteria abbinata alla Festa della Cipolla Rossa<\/li>\n\n\n\n<li><br>Un evento organizzato da:<br>ASSOCIAZIONE TURISTICA PRO LOCO \u201cCURTOMARTINO\u201d APS<br>Piazza Maria SS. Di Costantinopoli, 16 \u2013 Acquaviva delle Fonti (BA)<br>Con il contributo e il patrocinio della Regione Puglia e del Comune di Acquaviva delle Fonti<br>Con il patrocinio e in collaborazione con Citt\u00e0 Metropolitana di Bari, Parco Nazionale dell\u2019Alta Murgia, Gal<br>Sud-Est Barese e UNPLI Puglia<\/li>\n<\/ul>\n\n\n\n<figure class=\"wp-block-image size-full\"><img decoding=\"async\" width=\"566\" height=\"800\" src=\"https:\/\/acquaviva.lavocedelpaese.info\/wp-content\/uploads\/2024\/07\/GIOCONDA.jpg\" alt=\"\" class=\"wp-image-4288\" srcset=\"https:\/\/acquaviva.lavocedelpaese.info\/wp-content\/uploads\/2024\/07\/GIOCONDA.jpg 566w, https:\/\/acquaviva.lavocedelpaese.info\/wp-content\/uploads\/2024\/07\/GIOCONDA-212x300.jpg 212w\" sizes=\"(max-width: 566px) 100vw, 566px\" \/><\/figure>\n\n\n\n<figure class=\"wp-block-image size-full\"><img decoding=\"async\" width=\"566\" height=\"800\" src=\"https:\/\/acquaviva.lavocedelpaese.info\/wp-content\/uploads\/2024\/07\/MAGRITTE.jpg\" alt=\"\" class=\"wp-image-4289\" srcset=\"https:\/\/acquaviva.lavocedelpaese.info\/wp-content\/uploads\/2024\/07\/MAGRITTE.jpg 566w, https:\/\/acquaviva.lavocedelpaese.info\/wp-content\/uploads\/2024\/07\/MAGRITTE-212x300.jpg 212w\" sizes=\"(max-width: 566px) 100vw, 566px\" \/><\/figure>\n\n\n\n<figure class=\"wp-block-image size-full\"><img decoding=\"async\" width=\"566\" height=\"800\" src=\"https:\/\/acquaviva.lavocedelpaese.info\/wp-content\/uploads\/2024\/07\/FRIDA.jpg\" alt=\"\" class=\"wp-image-4287\" srcset=\"https:\/\/acquaviva.lavocedelpaese.info\/wp-content\/uploads\/2024\/07\/FRIDA.jpg 566w, https:\/\/acquaviva.lavocedelpaese.info\/wp-content\/uploads\/2024\/07\/FRIDA-212x300.jpg 212w\" sizes=\"(max-width: 566px) 100vw, 566px\" \/><\/figure>\n\n\n\n<figure class=\"wp-block-image size-full\"><img decoding=\"async\" width=\"566\" height=\"800\" src=\"https:\/\/acquaviva.lavocedelpaese.info\/wp-content\/uploads\/2024\/07\/ORECCHINO.jpg\" alt=\"\" class=\"wp-image-4290\" srcset=\"https:\/\/acquaviva.lavocedelpaese.info\/wp-content\/uploads\/2024\/07\/ORECCHINO.jpg 566w, https:\/\/acquaviva.lavocedelpaese.info\/wp-content\/uploads\/2024\/07\/ORECCHINO-212x300.jpg 212w\" sizes=\"(max-width: 566px) 100vw, 566px\" \/><\/figure>\n\n\n\n<figure class=\"wp-block-image size-full\"><img decoding=\"async\" width=\"1000\" height=\"667\" src=\"https:\/\/acquaviva.lavocedelpaese.info\/wp-content\/uploads\/2024\/07\/invito-conferenza-festa-cipolla-rossa-2024.jpg\" alt=\"\" class=\"wp-image-4291\" srcset=\"https:\/\/acquaviva.lavocedelpaese.info\/wp-content\/uploads\/2024\/07\/invito-conferenza-festa-cipolla-rossa-2024.jpg 1000w, https:\/\/acquaviva.lavocedelpaese.info\/wp-content\/uploads\/2024\/07\/invito-conferenza-festa-cipolla-rossa-2024-300x200.jpg 300w, https:\/\/acquaviva.lavocedelpaese.info\/wp-content\/uploads\/2024\/07\/invito-conferenza-festa-cipolla-rossa-2024-768x512.jpg 768w\" sizes=\"(max-width: 1000px) 100vw, 1000px\" \/><\/figure>\n\n\n\n<figure class=\"wp-block-image size-full\"><img decoding=\"async\" width=\"640\" height=\"800\" src=\"https:\/\/acquaviva.lavocedelpaese.info\/wp-content\/uploads\/2024\/07\/450247370_1002845448511031_1221019604086761563_n.jpg\" alt=\"\" class=\"wp-image-4313\" srcset=\"https:\/\/acquaviva.lavocedelpaese.info\/wp-content\/uploads\/2024\/07\/450247370_1002845448511031_1221019604086761563_n.jpg 640w, https:\/\/acquaviva.lavocedelpaese.info\/wp-content\/uploads\/2024\/07\/450247370_1002845448511031_1221019604086761563_n-240x300.jpg 240w\" sizes=\"(max-width: 640px) 100vw, 640px\" \/><\/figure>\n","protected":false},"excerpt":{"rendered":"<p>Festa della Cipolla Rossa di Acquaviva delle Fonti 2024 Una festa a regola d\u2019arte. Con il contributo della Regione Puglia<\/p>\n","protected":false},"author":4,"featured_media":4291,"comment_status":"open","ping_status":"closed","sticky":false,"template":"","format":"standard","meta":{"colormag_page_container_layout":"default_layout","colormag_page_sidebar_layout":"default_layout","_monsterinsights_skip_tracking":false,"_monsterinsights_sitenote_active":false,"_monsterinsights_sitenote_note":"","_monsterinsights_sitenote_category":0,"footnotes":""},"categories":[2,6,28],"tags":[],"class_list":["post-4286","post","type-post","status-publish","format-standard","has-post-thumbnail","hentry","category-attualita","category-eventi","category-primo-piano"],"_links":{"self":[{"href":"https:\/\/acquaviva.lavocedelpaese.info\/index.php\/wp-json\/wp\/v2\/posts\/4286","targetHints":{"allow":["GET"]}}],"collection":[{"href":"https:\/\/acquaviva.lavocedelpaese.info\/index.php\/wp-json\/wp\/v2\/posts"}],"about":[{"href":"https:\/\/acquaviva.lavocedelpaese.info\/index.php\/wp-json\/wp\/v2\/types\/post"}],"author":[{"embeddable":true,"href":"https:\/\/acquaviva.lavocedelpaese.info\/index.php\/wp-json\/wp\/v2\/users\/4"}],"replies":[{"embeddable":true,"href":"https:\/\/acquaviva.lavocedelpaese.info\/index.php\/wp-json\/wp\/v2\/comments?post=4286"}],"version-history":[{"count":2,"href":"https:\/\/acquaviva.lavocedelpaese.info\/index.php\/wp-json\/wp\/v2\/posts\/4286\/revisions"}],"predecessor-version":[{"id":4314,"href":"https:\/\/acquaviva.lavocedelpaese.info\/index.php\/wp-json\/wp\/v2\/posts\/4286\/revisions\/4314"}],"wp:featuredmedia":[{"embeddable":true,"href":"https:\/\/acquaviva.lavocedelpaese.info\/index.php\/wp-json\/wp\/v2\/media\/4291"}],"wp:attachment":[{"href":"https:\/\/acquaviva.lavocedelpaese.info\/index.php\/wp-json\/wp\/v2\/media?parent=4286"}],"wp:term":[{"taxonomy":"category","embeddable":true,"href":"https:\/\/acquaviva.lavocedelpaese.info\/index.php\/wp-json\/wp\/v2\/categories?post=4286"},{"taxonomy":"post_tag","embeddable":true,"href":"https:\/\/acquaviva.lavocedelpaese.info\/index.php\/wp-json\/wp\/v2\/tags?post=4286"}],"curies":[{"name":"wp","href":"https:\/\/api.w.org\/{rel}","templated":true}]}}