{"id":4198,"date":"2024-06-10T07:52:08","date_gmt":"2024-06-10T07:52:08","guid":{"rendered":"https:\/\/acquaviva.lavocedelpaese.info\/?p=4198"},"modified":"2024-06-10T07:52:09","modified_gmt":"2024-06-10T07:52:09","slug":"elezioni-europee-meno-della-meta-degli-acquavivesi-e-andata-al-voto","status":"publish","type":"post","link":"https:\/\/acquaviva.lavocedelpaese.info\/index.php\/2024\/06\/10\/elezioni-europee-meno-della-meta-degli-acquavivesi-e-andata-al-voto\/","title":{"rendered":"Elezioni Europee: meno della met\u00e0 degli acquavivesi \u00e8 andata al voto"},"content":{"rendered":"\n<p>Meno della met\u00e0 degli acquavivesi aventi diritto al voto per eleggere il nuovo Parlamento Europeo \u00e8 andato alle urne sabato 8 e domenica 9 giugno: la percentuale, infatti, si \u00e8 attestata al 48,27 % alla chiusura dei seggi secondo i dati diffusi dall&#8217;Ufficio Elettorale Comunale.<\/p>\n\n\n\n<p>In pratica su 17016 elettori acquavivesi aventi diritto, sono andati alle urne in 8213; conteggiate 152 schede nulle e 58 schede bianche.<\/p>\n\n\n\n<p>Rispetto alle Europee di cinque anni fa, il calo dei votanti ad Acquaviva \u00e8 pi\u00f9 evidente: nel 2019 and\u00f2 alle urne il 53,87 % degli aventi diritto al voto.<\/p>\n\n\n\n<p>Al seguente link: <a href=\"https:\/\/elezioni.interno.gov.it\/europee\/votanti\/20240609\/votantiEI4160000000\">https:\/\/elezioni.interno.gov.it\/europee\/votanti\/20240609\/votantiEI4160000000<\/a><\/p>\n\n\n\n<p>l&#8217;affluenza e i risultati ottenuti in tutta la Regione Puglia (43,61%) e nelle diverse Province:<\/p>\n\n\n\n<p>Bari (47,53%), Barletta-Andria- Trani (38,16%), Brindisi (39,54%), Foggia (42,73%), Lecce (46,28%), Taranto (38,29%) dove per\u00f2 in molti Comuni si andava alle urne anche per rinnovare i rispettivi Consigli Comunali ed eleggere il Sindaco ed ancora pi\u00f9 basso rispetto al dato nazionale (49,69%).<\/p>\n","protected":false},"excerpt":{"rendered":"<p>Meno della met\u00e0 degli acquavivesi aventi diritto al voto per eleggere il nuovo Parlamento Europeo \u00e8 andato alle urne sabato<\/p>\n","protected":false},"author":4,"featured_media":4199,"comment_status":"open","ping_status":"closed","sticky":false,"template":"","format":"standard","meta":{"colormag_page_container_layout":"default_layout","colormag_page_sidebar_layout":"default_layout","_monsterinsights_skip_tracking":false,"_monsterinsights_sitenote_active":false,"_monsterinsights_sitenote_note":"","_monsterinsights_sitenote_category":0,"footnotes":""},"categories":[3,33],"tags":[],"class_list":["post-4198","post","type-post","status-publish","format-standard","has-post-thumbnail","hentry","category-politica","category-spalla"],"_links":{"self":[{"href":"https:\/\/acquaviva.lavocedelpaese.info\/index.php\/wp-json\/wp\/v2\/posts\/4198","targetHints":{"allow":["GET"]}}],"collection":[{"href":"https:\/\/acquaviva.lavocedelpaese.info\/index.php\/wp-json\/wp\/v2\/posts"}],"about":[{"href":"https:\/\/acquaviva.lavocedelpaese.info\/index.php\/wp-json\/wp\/v2\/types\/post"}],"author":[{"embeddable":true,"href":"https:\/\/acquaviva.lavocedelpaese.info\/index.php\/wp-json\/wp\/v2\/users\/4"}],"replies":[{"embeddable":true,"href":"https:\/\/acquaviva.lavocedelpaese.info\/index.php\/wp-json\/wp\/v2\/comments?post=4198"}],"version-history":[{"count":1,"href":"https:\/\/acquaviva.lavocedelpaese.info\/index.php\/wp-json\/wp\/v2\/posts\/4198\/revisions"}],"predecessor-version":[{"id":4200,"href":"https:\/\/acquaviva.lavocedelpaese.info\/index.php\/wp-json\/wp\/v2\/posts\/4198\/revisions\/4200"}],"wp:featuredmedia":[{"embeddable":true,"href":"https:\/\/acquaviva.lavocedelpaese.info\/index.php\/wp-json\/wp\/v2\/media\/4199"}],"wp:attachment":[{"href":"https:\/\/acquaviva.lavocedelpaese.info\/index.php\/wp-json\/wp\/v2\/media?parent=4198"}],"wp:term":[{"taxonomy":"category","embeddable":true,"href":"https:\/\/acquaviva.lavocedelpaese.info\/index.php\/wp-json\/wp\/v2\/categories?post=4198"},{"taxonomy":"post_tag","embeddable":true,"href":"https:\/\/acquaviva.lavocedelpaese.info\/index.php\/wp-json\/wp\/v2\/tags?post=4198"}],"curies":[{"name":"wp","href":"https:\/\/api.w.org\/{rel}","templated":true}]}}