{"id":4169,"date":"2024-05-29T19:06:00","date_gmt":"2024-05-29T19:06:00","guid":{"rendered":"https:\/\/acquaviva.lavocedelpaese.info\/?p=4169"},"modified":"2024-06-10T16:29:14","modified_gmt":"2024-06-10T16:29:14","slug":"strati-music-contest-il-contest-musicale-rivolto-alle-giovani-promesse","status":"publish","type":"post","link":"https:\/\/acquaviva.lavocedelpaese.info\/index.php\/2024\/05\/29\/strati-music-contest-il-contest-musicale-rivolto-alle-giovani-promesse\/","title":{"rendered":"\u201cStrati Music Contest\u201d, il contest musicale rivolto alle giovani promesse"},"content":{"rendered":"\n<p><\/p>\n\n\n\n<p><em>di Francesco Lenoci<\/em><\/p>\n\n\n\n<p>Acquaviva e la musica, una storia che non finir\u00e0 mai&#8230;<\/p>\n\n\n\n<p>E questo lo sanno bene tutti i nostri concittadini, dai pi\u00f9 grandi ai pi\u00f9 piccoli.<\/p>\n\n\n\n<p>E lo sa bene anche la <strong>Pro Loco \u201cCurtomartino\u201d<\/strong> <strong>di Acquaviva<\/strong> che, in occasione del tanto atteso ritorno della \u201c<strong>Festa della Cipolla Rossa di Acquaviva delle Fonti<\/strong>\u201d e forte di una ritrovata presenza giovanile all\u2019interno della propria associazione, ha organizzato la prima edizione del contest musicale \u201c<strong>Strati Music Contest<\/strong>\u201d, in programma <strong>dal 17 al 20 luglio 2024<\/strong>.<\/p>\n\n\n\n<p>\u201cStrati Music Contest\u201d \u00e8 un contest musicale rivolto ad <strong>artisti e musicisti che vanno dai 15 anni in su, in formazioni singole o strutturati con band, senza limiti di genere musicale<\/strong>. Il tema leader del contest \u00e8 quello della valorizzazione dei talenti artistici e musicali senza alcun limite geografico.<\/p>\n\n\n\n<p>Gli artisti, una volta inviata la propria candidatura sul sito <a href=\"https:\/\/www.prolocoacquaviva.it\/stratimusic\/\"><u>https:\/\/www.prolocoacquaviva.it\/stratimusic\/<\/u><\/a>, saranno valutati da una giuria dedicata, composta da professionisti del settore, professori e maestri.<\/p>\n\n\n\n<p>Alla fase finale del contest accederanno <strong>massimo 15 artisti<\/strong>. I concorrenti verranno suddivisi in tre serate a gruppi da cinque. I tre vincitori delle serate si \u201csfideranno\u201d in occasione della serata finale del 20 luglio, giorno di inizio della XXI Festa della Cipolla Rossa e per tradizione il giorno con pi\u00f9 affluenze.<\/p>\n\n\n\n<p>Particolare attenzione \u00e8 stata riservata ai <strong>premi<\/strong>: ai tre finalisti, e all\u2019autore\/autrice del miglior testo, sono previsti premi pensati per dare la possibilit\u00e0 di potersi presentare, crescere ed entrare nel migliore dei modi nel mondo della musica.<\/p>\n\n\n\n<p>In collaborazione con <strong>Altrementi Labs<\/strong>, associazione musicale del nostro territorio nata su iniziativa di un gruppo di giovani musicisti, tecnici del suono e comunicatori, interessati al mondo musicale in tutte le sue espressioni e ramificazioni, saranno messi a disposizione servizi come realizzazione <strong>videoclip, recording, mastering, mixing<\/strong>. In aggiunta, <strong>un buono acquisto per strumentazione musicale<\/strong>.<\/p>\n\n\n\n<p>Abbiamo intervistato in primis <strong>Alessandro Macchia, Presidente Pro Loco \u201cCurtomartino\u201d<\/strong>.<\/p>\n\n\n\n<p><em><strong>Presidente, la Pro Loco torna quest\u2019estate innanzitutto con l\u2019attesissima Festa della Cipolla Rossa, ma anche con tante novit\u00e0. Strati \u00e8 una di queste&#8230;<\/strong><\/em><\/p>\n\n\n\n<p>\u201cEsattamente. La Festa della Cipolla Rossa 2024 ritorna con numerose novit\u00e0 che spaziano dalla musica all\u2019arte, affiancando il perno principale della gastronomia. Abbiamo voluto prolungare il periodo della festa con degli eventi culturali che riteniamo in linea con il nostro obiettivo di valorizzazione del territorio.<\/p>\n\n\n\n<p>Il primo \u00e8 \u201c<strong>The Acquaviveser<\/strong>\u201d, una mostra tematica figlia di \u201c<strong>The Puglieser<\/strong>\u201d, dove giovani artisti locali presenteranno le loro opere all\u2019interno di Palazzo De Mari. Un evento che si lega perfettamente con il territorio perch\u00e9 mostra le nostre tipicit\u00e0, in tutte le loro forme, da un punto di vista artistico e giovanile. La mostra \u00e8 in programma dal 14 al 21 luglio 2024.<\/p>\n\n\n\n<p>Il secondo evento \u00e8 \u201c<strong>Strati Music Contest<\/strong>\u201d, un contest musicale per giovani promesse della musica, non solo di Acquaviva ma anche dei paesi limitrofi. Una gara a tutti gli effetti, dove una giuria qualificata valuter\u00e0 le prestazioni dei partecipanti e assegner\u00e0 i quattro premi messi a disposizione.<\/p>\n\n\n\n<p>Abbiamo, quindi, voluto allargare la forbice della proposta della Festa della Cipolla, che culminer\u00e0 nelle giornate del 20 e 21 luglio con stand enogastronomici e il concerto di un\u2019artista a livello nazionale. Quest\u2019anno la festa sar\u00e0 di casa in <strong>Piazza Garibaldi<\/strong> dove, in tutta sicurezza, la manifestazione potr\u00e0 ospitare il pubblico e le diverse attivit\u00e0 in programma. Parallelamente, come tutto l\u2019anno, ci saranno visite guidate e esperienze sul territorio.<\/p>\n\n\n\n<p>\u00c9 giusto dire che la Festa torna, finalmente direi, dopo tanti anni. Anni difficili a causa della pandemia, ma anche da un riassetto associativo necessario per trovare nuovi stimoli e nuove idee. Torniamo con lo spirito di voler rilanciare la citt\u00e0 e il nostro prodotto tipico per eccellenza\u201d.<\/p>\n\n\n\n<p><em><strong>La partecipazione di \u201cforze fresche\u201d quanto \u00e8 stata importante? Come avete accolto le loro proposte?<\/strong><\/em><\/p>\n\n\n\n<p>\u201cAbbiamo accolto in maniera entusiasta l\u2019avvicinamento di questi giovani. Alcuni di essi, gi\u00e0 soci in passato, sono rientrati nuovamente nelle attivit\u00e0, altri fanno ingresso per la prima volta. I giovani sono pieni di fantasia, di voglia di fare, di entusiasmo e rivalsa. Il nostro supporto si concretizza nell\u2019accompagnarli nella direzione giusta e nello strutturare al meglio le loro idee. Colgo l\u2019occasione per ringraziare pubblicamente tutti i ragazzi che si sono prodigati nel progettare queste iniziative collaterali alla Festa. Mi piace molto dare spazio a nuove idee e nuovi progetti, soprattutto quando vengono da giovani del nostro paese, ognuno con le sue professionalit\u00e0 ed esperienze, con visioni aperte e lungimiranti.<\/p>\n\n\n\n<p><em><strong>Come si collocano tutte queste novit\u00e0 all\u2019interno della Festa?<\/strong><\/em><\/p>\n\n\n\n<p>\u201cLa Festa della Cipolla \u00e8 un evento che, per certi versi, cerca di dare al territorio un\u2019identit\u00e0, cerca di dare un\u2019opportunit\u00e0 ai commercianti, ma che va vista anche nella sua interezza e relativa complessit\u00e0. Assieme alla Sagra del Calzone e alla Festa Patronale, la Festa \u00e8 uno dei tre eventi di promozione territoriale che Acquaviva merita di avere e consolidare nel tempo. Quindi bisogna organizzare il tutto senza intoppi e risolvere subito le criticit\u00e0 che ci potrebbero essere. Come ben potete capire, \u00e8 un lavoro che richiede risorse, tempo, sacrificio e investimenti di denaro non indifferenti. Per questo, ringraziamo tutte le istituzioni, sia a livello locale, sia provinciale e regionale, che anche quest\u2019anno ci sosterranno. Con loro stiamo condividendo un percorso progettuale che ha l&#8217;obiettivo di essere duraturo nel tempo\u201d.<\/p>\n\n\n\n<p>Abbiamo intervistato anche due dei ragazzi che si sono fatti promotori dell\u2019iniziativa.<\/p>\n\n\n\n<p><strong>Paride Borreggine<\/strong>, laureando in medicina veterinaria e <strong>maestro di tromba<\/strong> e <strong>Vito Visceglia<\/strong>, <strong>chitarrista, musicista e performer<\/strong> a tutto tondo.<\/p>\n\n\n\n<p><em><strong>Paride, da dove nasce e perch\u00e9 nasce la volont\u00e0 di organizzare un contest musicale?<\/strong><\/em><\/p>\n\n\n\n<p>\u201cLe mie esperienze tra Conservatorio, scuole di musica, bande e associazioni musicali &#8211; ricordate la Vivas Band? &#8211; mi hanno sempre portato a conoscere tante persone, ma soprattutto tanti ragazzi. Tanti ragazzi talentuosi che per\u00f2 avevano difficolt\u00e0 nell\u2019emergere o nel farsi notare.<\/p>\n\n\n\n<p>Ad oggi, riuscire a distinguersi \u00e8 sempre pi\u00f9 difficile e i modi per farlo richiedono investimenti in tempo, attrezzature e servizi professionali. Da musicista, mi sono sentito quasi in dovere di aiutare le giovani promesse della mia citt\u00e0 e di tutto il territorio. Per questo, creando un gruppo di ragazzi unito e che ha condiviso questa volont\u00e0 abbiamo organizzato \u201cStrati Music Contest\u201d. Ritengo un contest musicale una delle forme migliori per ricercare un\u2019opportunit\u00e0. I ragazzi, oltre al talento che li contraddistingue, avranno modo di confrontarsi con altri giovani artisti, con altri stili musicali, con altri modi di intendere la musica e solamente tutto questo \u00e8 gi\u00e0 formativo per la loro cultura.<\/p>\n\n\n\n<p>Il fatto di doversi esibire su un palco, di doversi presentare e di parlare di s\u00e9, ricevendo anche giudizi da professionisti del settore non potr\u00e0 far altro che formarli e spronarli a fare sempre meglio.\u201d<\/p>\n\n\n\n<p><em><strong>Vito, come \u00e8 nato il nome \u201cStrati\u201d e qual \u00e8 il significato che si \u00e8 voluto dare?<\/strong><\/em><\/p>\n\n\n\n<p>\u201cStrati \u00e8 un nome che rimanda a diversi concetti. In primis, omaggiando la nostra cipolla, ricorda i diversi strati, appunto, che la compongono. Per quanto riguarda il contest, gli strati non sono altro che le diverse fasi: si parte dalla preselezione, passando per le 3 serate di esibizioni, arrivando alla fase finale con la sfida a tre. Uno strato alla volta per arrivare dritti al cuore dell\u2019evento, ossia alla vittoria finale. Strati per\u00f2 non \u00e8 solo gastronomia e musica. Quest\u2019anno, sempre all\u2019interno della programmazione della Festa, la Pro Loco ha organizzato una mostra tematica di illustrazioni, \u201cThe Acquaviveser\u201d, in collaborazione con la nostra Olimpia Piragina, l&#8217;illustratrice e promotrice di questo. Qui Strati \u00e8 legato ai diversi livelli delle illustrazioni.<\/p>\n\n\n\n<p>Insomma, Strati punta a diventare un contenitore artistico a tutto tondo, convogliando al suo interno arte, musica, cultura, buon cibo.<\/p>\n\n\n\n<p><a><\/a>Per ultimo, voglio ringraziare la Pro Loco di Acquaviva per averci dato l\u2019opportunit\u00e0 e il supporto per mettere in piedi tutto questo e i ragazzi che ci stanno aiutando e ogni giorno lavorano per far s\u00ec che Strati veda la luce: Alessandro, Antonella, Paride, Francesco, Giuseppe, Gianluca, Vito, Dario, Olimpia, Laura, Valentina, le due Francesche e Tommy.&#8221;<\/p>\n\n\n\n<p>Il link per scoprire il regolamento e iscriversi \u00e8 <a href=\"https:\/\/www.prolocoacquaviva.it\/stratimusic\/\"><u>https:\/\/www.prolocoacquaviva.it\/stratimusic\/<\/u><\/a><\/p>\n\n\n\n<p><strong>Sar\u00e0 possibile iscriversi al contest fino alle ore 23:59 del 23 giugno 2024<\/strong>.<\/p>\n\n\n\n<p>Contatti e info:<\/p>\n\n\n\n<p><strong>Mail<\/strong>: stratimusiccontest@gmail.com<\/p>\n\n\n\n<p><strong>Cell. &amp; Whatsapp<\/strong>: Paride 3270839726 \u2013 Vito 3347301628 \u2013 Giuseppe 3274649499<\/p>\n\n\n\n<p><em>Francesco Lenoci<\/em><\/p>\n\n\n\n<figure class=\"wp-block-image size-full\"><img decoding=\"async\" src=\"https:\/\/acquaviva.lavocedelpaese.info\/wp-content\/uploads\/2024\/05\/v7-intro-FB-DEF.jpg\" alt=\"\" class=\"wp-image-4170\" \/><\/figure>\n","protected":false},"excerpt":{"rendered":"<p>di Francesco Lenoci Acquaviva e la musica, una storia che non finir\u00e0 mai&#8230; E questo lo sanno bene tutti i<\/p>\n","protected":false},"author":4,"featured_media":4170,"comment_status":"open","ping_status":"closed","sticky":false,"template":"","format":"standard","meta":{"colormag_page_container_layout":"default_layout","colormag_page_sidebar_layout":"default_layout","_monsterinsights_skip_tracking":false,"_monsterinsights_sitenote_active":false,"_monsterinsights_sitenote_note":"","_monsterinsights_sitenote_category":0,"footnotes":""},"categories":[5,6,33],"tags":[],"class_list":["post-4169","post","type-post","status-publish","format-standard","has-post-thumbnail","hentry","category-cultura","category-eventi","category-spalla"],"_links":{"self":[{"href":"https:\/\/acquaviva.lavocedelpaese.info\/index.php\/wp-json\/wp\/v2\/posts\/4169","targetHints":{"allow":["GET"]}}],"collection":[{"href":"https:\/\/acquaviva.lavocedelpaese.info\/index.php\/wp-json\/wp\/v2\/posts"}],"about":[{"href":"https:\/\/acquaviva.lavocedelpaese.info\/index.php\/wp-json\/wp\/v2\/types\/post"}],"author":[{"embeddable":true,"href":"https:\/\/acquaviva.lavocedelpaese.info\/index.php\/wp-json\/wp\/v2\/users\/4"}],"replies":[{"embeddable":true,"href":"https:\/\/acquaviva.lavocedelpaese.info\/index.php\/wp-json\/wp\/v2\/comments?post=4169"}],"version-history":[{"count":1,"href":"https:\/\/acquaviva.lavocedelpaese.info\/index.php\/wp-json\/wp\/v2\/posts\/4169\/revisions"}],"predecessor-version":[{"id":4171,"href":"https:\/\/acquaviva.lavocedelpaese.info\/index.php\/wp-json\/wp\/v2\/posts\/4169\/revisions\/4171"}],"wp:featuredmedia":[{"embeddable":true,"href":"https:\/\/acquaviva.lavocedelpaese.info\/index.php\/wp-json\/wp\/v2\/media\/4170"}],"wp:attachment":[{"href":"https:\/\/acquaviva.lavocedelpaese.info\/index.php\/wp-json\/wp\/v2\/media?parent=4169"}],"wp:term":[{"taxonomy":"category","embeddable":true,"href":"https:\/\/acquaviva.lavocedelpaese.info\/index.php\/wp-json\/wp\/v2\/categories?post=4169"},{"taxonomy":"post_tag","embeddable":true,"href":"https:\/\/acquaviva.lavocedelpaese.info\/index.php\/wp-json\/wp\/v2\/tags?post=4169"}],"curies":[{"name":"wp","href":"https:\/\/api.w.org\/{rel}","templated":true}]}}