{"id":4133,"date":"2024-05-07T09:00:00","date_gmt":"2024-05-07T09:00:00","guid":{"rendered":"https:\/\/acquaviva.lavocedelpaese.info\/?p=4133"},"modified":"2024-05-08T16:00:25","modified_gmt":"2024-05-08T16:00:25","slug":"iniziative-su-genitorialita-e-diversabilita","status":"publish","type":"post","link":"https:\/\/acquaviva.lavocedelpaese.info\/index.php\/2024\/05\/07\/iniziative-su-genitorialita-e-diversabilita\/","title":{"rendered":"Iniziative su genitorialit\u00e0 e diversabilit\u00e0"},"content":{"rendered":"\n<h1 class=\"wp-block-heading\"><\/h1>\n\n\n\n<p>Due appuntamenti a sostegno delle persone e della genitorialit\u00e0 ad Acquaviva, promossi dall\u2019assessorato alle Politiche Sociali, guidato da Imma Morano.<\/p>\n\n\n\n<p>Alle 10.30 con studenti e docenti del Liceo\u201d Don Milani- Da Vinci\u201d si terr\u00e0 un incontro che prender\u00e0 il via dal libro \u201cIl ragazzo delle arance\u201d.<\/p>\n\n\n\n<p>In presenza ci sar\u00e0 l\u2019autrice Giulia Poli Disanto, per approfondire la storia del giovane Tobia e della sua famiglia e, sullo sfondo, il grande tema dello spettro autistico.<\/p>\n\n\n\n<p>Alle 17.00 un\u2019altra tappa del programma formativo finanziato dal Comune di Acquaviva delle Fonti.<\/p>\n\n\n\n<p>Si tratta del \u201cPercorso Allattamento\u201d, organizzato dall\u2019associazione \u201cIl Melograno\u201d che prevede, oggi nella scuola primaria Collodi, l\u2019incontro dal titolo \u201cAllattare con Amore\u201d.<\/p>\n\n\n\n<p>L\u2019assessora Morano: \u201cCostruiamo insieme percorsi di crescita per la comunit\u00e0; promuoviamo sensibilizzazione, riconosciamo stereotipi e barriere, per superarli e tradurli in azioni concrete a favore delle persone, soprattutto dei pi\u00f9 fragili, con diversabilit\u00e0. Siamo orgogliosi, inoltre, di continuare a promuovere attivit\u00e0 a sostegno della genitorialit\u00e0. Questo il nostro, il mio impegno\u201d.<\/p>\n\n\n\n<p><\/p>\n\n\n\n<figure class=\"wp-block-image size-full\"><img decoding=\"async\" width=\"709\" height=\"398\" src=\"https:\/\/acquaviva.lavocedelpaese.info\/wp-content\/uploads\/2024\/05\/24127718241O__Oiniziativedellassessoratoallepolitichesocialidelcomunediacquavivasugenitorialitedisabilit.jpg\" alt=\"\" class=\"wp-image-4135\" srcset=\"https:\/\/acquaviva.lavocedelpaese.info\/wp-content\/uploads\/2024\/05\/24127718241O__Oiniziativedellassessoratoallepolitichesocialidelcomunediacquavivasugenitorialitedisabilit.jpg 709w, https:\/\/acquaviva.lavocedelpaese.info\/wp-content\/uploads\/2024\/05\/24127718241O__Oiniziativedellassessoratoallepolitichesocialidelcomunediacquavivasugenitorialitedisabilit-300x168.jpg 300w\" sizes=\"(max-width: 709px) 100vw, 709px\" \/><\/figure>\n","protected":false},"excerpt":{"rendered":"<p>Due appuntamenti a sostegno delle persone e della genitorialit\u00e0 ad Acquaviva, promossi dall\u2019assessorato alle Politiche Sociali, guidato da Imma Morano.<\/p>\n","protected":false},"author":4,"featured_media":4134,"comment_status":"open","ping_status":"closed","sticky":false,"template":"","format":"standard","meta":{"colormag_page_container_layout":"default_layout","colormag_page_sidebar_layout":"default_layout","_monsterinsights_skip_tracking":false,"_monsterinsights_sitenote_active":false,"_monsterinsights_sitenote_note":"","_monsterinsights_sitenote_category":0,"footnotes":""},"categories":[2,33],"tags":[],"class_list":["post-4133","post","type-post","status-publish","format-standard","has-post-thumbnail","hentry","category-attualita","category-spalla"],"_links":{"self":[{"href":"https:\/\/acquaviva.lavocedelpaese.info\/index.php\/wp-json\/wp\/v2\/posts\/4133","targetHints":{"allow":["GET"]}}],"collection":[{"href":"https:\/\/acquaviva.lavocedelpaese.info\/index.php\/wp-json\/wp\/v2\/posts"}],"about":[{"href":"https:\/\/acquaviva.lavocedelpaese.info\/index.php\/wp-json\/wp\/v2\/types\/post"}],"author":[{"embeddable":true,"href":"https:\/\/acquaviva.lavocedelpaese.info\/index.php\/wp-json\/wp\/v2\/users\/4"}],"replies":[{"embeddable":true,"href":"https:\/\/acquaviva.lavocedelpaese.info\/index.php\/wp-json\/wp\/v2\/comments?post=4133"}],"version-history":[{"count":1,"href":"https:\/\/acquaviva.lavocedelpaese.info\/index.php\/wp-json\/wp\/v2\/posts\/4133\/revisions"}],"predecessor-version":[{"id":4136,"href":"https:\/\/acquaviva.lavocedelpaese.info\/index.php\/wp-json\/wp\/v2\/posts\/4133\/revisions\/4136"}],"wp:featuredmedia":[{"embeddable":true,"href":"https:\/\/acquaviva.lavocedelpaese.info\/index.php\/wp-json\/wp\/v2\/media\/4134"}],"wp:attachment":[{"href":"https:\/\/acquaviva.lavocedelpaese.info\/index.php\/wp-json\/wp\/v2\/media?parent=4133"}],"wp:term":[{"taxonomy":"category","embeddable":true,"href":"https:\/\/acquaviva.lavocedelpaese.info\/index.php\/wp-json\/wp\/v2\/categories?post=4133"},{"taxonomy":"post_tag","embeddable":true,"href":"https:\/\/acquaviva.lavocedelpaese.info\/index.php\/wp-json\/wp\/v2\/tags?post=4133"}],"curies":[{"name":"wp","href":"https:\/\/api.w.org\/{rel}","templated":true}]}}