{"id":4106,"date":"2024-04-28T07:45:01","date_gmt":"2024-04-28T07:45:01","guid":{"rendered":"https:\/\/acquaviva.lavocedelpaese.info\/?p=4106"},"modified":"2024-04-28T08:04:18","modified_gmt":"2024-04-28T08:04:18","slug":"talk-show-con-lautore-rocco-berloco","status":"publish","type":"post","link":"https:\/\/acquaviva.lavocedelpaese.info\/index.php\/2024\/04\/28\/talk-show-con-lautore-rocco-berloco\/","title":{"rendered":"Talk Show con l&#8217;autore Rocco Berloco"},"content":{"rendered":"\n<p>Appuntamento da non perdere domenica 28 aprile ore 18:30 presso la Sala Colafemmina di Palazzo de Mari ad Acquaviva delle Fonti con la presentazione del libro del Dott. Rocco Berloco \u201c<em>Un\u2019altra ferita alla Luna &#8211; Educazione alla sessualit\u00e0 per adulti e ragazzi\u201d<\/em> attraverso una formula creativa del Talk Show che unisce dialoghi e conversAzioni tra parole, musica, letture e curiosit\u00e0 che, per l\u2019occasione, si fanno anche \u201ceducazione\u201d.<\/p>\n\n\n\n<p>L\u2019evento, curato da Natalizia Carone \u00e8 stato organizzato in collaborazione con l\u2019Ass. Musicale MUSInCanto e il Polo Formativo FestivalLab de Mari del Festival Opera de Mari di Acquaviva delle Fonti, in occasione di &#8216;ArmoniosaMente Voce&#8217;, manifestazione che si \u00e8 tenuta il 21 aprile scorso in occasione della Giornata Mondiale della Voce 2024 (che si celebra ogni anno il 16 aprile in tutto il mondo).<\/p>\n\n\n\n<p>L\u2019idea \u00e8 nata dalla volont\u00e0 di creare uno spazio espressivo e \u201cdar voce\u201d, anche attraverso la Mediazione Artistica, ai contenuti di un libro che permetter\u00e0 all\u2019autore e ai protagonisti del Talk Show (Rocco Berloco, Lucia Accetta, Carlo Milano, Mariangela Nuzzi e Daniela Sette), di parlare de \u201cle cose dell\u2019Amore\u201d, quelle che i greci definivano \u201ct\u00e0 erotik\u00e0\u201d. L&#8217;autore racconter\u00f2 cosa significhi Amare attraverso una vera e propria educazione sentimentale per il nuovo millennio. Si parler\u00e0, anche del perch\u00e9 le donne sono ancora oggi troppo spesso l&#8217;anello debole di una societ\u00e0 che le vede vittime di violenza ed abusi, modulando il tutto attraverso le diverse declinazioni che la voce pu\u00f2 avere.<\/p>\n\n\n\n<p>L&#8217;evento, ad ingresso gratuito, \u00e8 patrocinato e sostenuto dall&#8217;amministrazione Comunale di Acquaviva delle Fonti, con il patrocinio gratuito del Consiglio Regionale e della Citt\u00e0 Metropolitana di Bari.<\/p>\n\n\n\n<figure class=\"wp-block-image size-full\"><img decoding=\"async\" width=\"566\" height=\"800\" src=\"https:\/\/acquaviva.lavocedelpaese.info\/wp-content\/uploads\/2024\/04\/438079448_1003108528209633_7833088365533355486_n-1.jpg\" alt=\"\" class=\"wp-image-4107\" srcset=\"https:\/\/acquaviva.lavocedelpaese.info\/wp-content\/uploads\/2024\/04\/438079448_1003108528209633_7833088365533355486_n-1.jpg 566w, https:\/\/acquaviva.lavocedelpaese.info\/wp-content\/uploads\/2024\/04\/438079448_1003108528209633_7833088365533355486_n-1-212x300.jpg 212w\" sizes=\"(max-width: 566px) 100vw, 566px\" \/><\/figure>\n","protected":false},"excerpt":{"rendered":"<p>Appuntamento da non perdere domenica 28 aprile ore 18:30 presso la Sala Colafemmina di Palazzo de Mari ad Acquaviva delle<\/p>\n","protected":false},"author":4,"featured_media":4102,"comment_status":"open","ping_status":"closed","sticky":false,"template":"","format":"standard","meta":{"colormag_page_container_layout":"default_layout","colormag_page_sidebar_layout":"default_layout","_monsterinsights_skip_tracking":false,"_monsterinsights_sitenote_active":false,"_monsterinsights_sitenote_note":"","_monsterinsights_sitenote_category":0,"footnotes":""},"categories":[5,33],"tags":[],"class_list":["post-4106","post","type-post","status-publish","format-standard","has-post-thumbnail","hentry","category-cultura","category-spalla"],"_links":{"self":[{"href":"https:\/\/acquaviva.lavocedelpaese.info\/index.php\/wp-json\/wp\/v2\/posts\/4106","targetHints":{"allow":["GET"]}}],"collection":[{"href":"https:\/\/acquaviva.lavocedelpaese.info\/index.php\/wp-json\/wp\/v2\/posts"}],"about":[{"href":"https:\/\/acquaviva.lavocedelpaese.info\/index.php\/wp-json\/wp\/v2\/types\/post"}],"author":[{"embeddable":true,"href":"https:\/\/acquaviva.lavocedelpaese.info\/index.php\/wp-json\/wp\/v2\/users\/4"}],"replies":[{"embeddable":true,"href":"https:\/\/acquaviva.lavocedelpaese.info\/index.php\/wp-json\/wp\/v2\/comments?post=4106"}],"version-history":[{"count":1,"href":"https:\/\/acquaviva.lavocedelpaese.info\/index.php\/wp-json\/wp\/v2\/posts\/4106\/revisions"}],"predecessor-version":[{"id":4108,"href":"https:\/\/acquaviva.lavocedelpaese.info\/index.php\/wp-json\/wp\/v2\/posts\/4106\/revisions\/4108"}],"wp:featuredmedia":[{"embeddable":true,"href":"https:\/\/acquaviva.lavocedelpaese.info\/index.php\/wp-json\/wp\/v2\/media\/4102"}],"wp:attachment":[{"href":"https:\/\/acquaviva.lavocedelpaese.info\/index.php\/wp-json\/wp\/v2\/media?parent=4106"}],"wp:term":[{"taxonomy":"category","embeddable":true,"href":"https:\/\/acquaviva.lavocedelpaese.info\/index.php\/wp-json\/wp\/v2\/categories?post=4106"},{"taxonomy":"post_tag","embeddable":true,"href":"https:\/\/acquaviva.lavocedelpaese.info\/index.php\/wp-json\/wp\/v2\/tags?post=4106"}],"curies":[{"name":"wp","href":"https:\/\/api.w.org\/{rel}","templated":true}]}}