{"id":4096,"date":"2024-04-26T17:07:55","date_gmt":"2024-04-26T17:07:55","guid":{"rendered":"https:\/\/acquaviva.lavocedelpaese.info\/?p=4096"},"modified":"2024-04-26T17:29:53","modified_gmt":"2024-04-26T17:29:53","slug":"acquaviva-pubblicato-il-questionario-per-il-peba","status":"publish","type":"post","link":"https:\/\/acquaviva.lavocedelpaese.info\/index.php\/2024\/04\/26\/acquaviva-pubblicato-il-questionario-per-il-peba\/","title":{"rendered":"Acquaviva, pubblicato il questionario per il Peba"},"content":{"rendered":"\n<p>Il Comune di Acquaviva si sta dotando del Peba, Piano per l\u2019Eliminazione delle Barriere Architettoniche, e ha avviato un percorso di partecipazione dei cittadini. Dopo il primo incontro pubblico, infatti, \u00e8 stato pubblicato il questionario online rivolto ai cittadini per raccogliere criticit\u00e0, indicazioni e suggerimenti.<\/p>\n\n\n\n<p>L\u2019obiettivo primario del Peba \u00e8 rendere la citt\u00e0 accessibile a tutti, raggiungendo standard elevati di mobilit\u00e0 nell\u2019intera area comunale. Al suo interno, infatti, sono contenuti misure e accorgimenti utili per consentire a tutti di muoversi senza ostacoli, con particolare riferimento alle categorie pi\u00f9 deboli, come le persone con disabilit\u00e0, che sia motoria, sensoriale, percettiva o cognitiva, o gli anziani e i bambini.<\/p>\n\n\n\n<p>Un obiettivo comune, dunque, che pertanto richiede la partecipazione di tutti, come spiega l\u2019assessora alle Politiche sociali del Comune di Acquaviva,<strong> Imma Morano<\/strong>: \u201cAbbiamo previsto un questionario rivolto alla cittadinanza, anche in forma associativa, per raccogliere indicazioni quanto pi\u00f9 precise possibili per redigere un Peba davvero efficace. Poi faremo tesoro da quanto emerso e, con l\u2019aiuto di tecnici, realizzeremo una prima proposta da proporre ai cittadini in un nuovo incontro pubblico\u201d.<\/p>\n\n\n\n<p>\u201cRedigere un Piano per l\u2019Eliminazione delle Barriere Architettoniche \u2013 puntualizza il sindaco <strong>Marco Lenoci<\/strong> \u2013 non \u00e8 solo una questione tecnica. E\u2019 una scelta politica e questa amministrazione ha deciso di condividere coi cittadini tutto il procedimento, passo per passo. Solo attraverso un patto fondato sulla cooperazione attiva e costruttiva tra amministrazione pubblica, cittadini e soggetti portatori di interessi potremo dare ad Acquaviva il Peba pi\u00f9 efficace per migliorare la qualit\u00e0 della vita di tutti\u201d.<\/p>\n\n\n\n<p>Il questionario \u00e8 raggiungibile al link <a href=\"https:\/\/shorturl.at\/oKMX6\" data-type=\"link\" data-id=\"https:\/\/shorturl.at\/oKMX6\">https:\/\/shorturl.at\/oKMX6<\/a><\/p>\n\n\n\n<p><\/p>\n\n\n\n<p><\/p>\n\n\n\n<figure class=\"wp-block-image size-full\"><img decoding=\"async\" src=\"https:\/\/acquaviva.lavocedelpaese.info\/wp-content\/uploads\/2024\/04\/440752107_122181757262023606_8790542371268439025_n.jpg\" alt=\"\" class=\"wp-image-4097\" \/><\/figure>\n","protected":false},"excerpt":{"rendered":"<p>Il Comune di Acquaviva si sta dotando del Peba, Piano per l\u2019Eliminazione delle Barriere Architettoniche, e ha avviato un percorso<\/p>\n","protected":false},"author":4,"featured_media":4097,"comment_status":"open","ping_status":"closed","sticky":false,"template":"","format":"standard","meta":{"colormag_page_container_layout":"default_layout","colormag_page_sidebar_layout":"default_layout","_monsterinsights_skip_tracking":false,"_monsterinsights_sitenote_active":false,"_monsterinsights_sitenote_note":"","_monsterinsights_sitenote_category":0,"footnotes":""},"categories":[3,33],"tags":[],"class_list":["post-4096","post","type-post","status-publish","format-standard","has-post-thumbnail","hentry","category-politica","category-spalla"],"_links":{"self":[{"href":"https:\/\/acquaviva.lavocedelpaese.info\/index.php\/wp-json\/wp\/v2\/posts\/4096","targetHints":{"allow":["GET"]}}],"collection":[{"href":"https:\/\/acquaviva.lavocedelpaese.info\/index.php\/wp-json\/wp\/v2\/posts"}],"about":[{"href":"https:\/\/acquaviva.lavocedelpaese.info\/index.php\/wp-json\/wp\/v2\/types\/post"}],"author":[{"embeddable":true,"href":"https:\/\/acquaviva.lavocedelpaese.info\/index.php\/wp-json\/wp\/v2\/users\/4"}],"replies":[{"embeddable":true,"href":"https:\/\/acquaviva.lavocedelpaese.info\/index.php\/wp-json\/wp\/v2\/comments?post=4096"}],"version-history":[{"count":2,"href":"https:\/\/acquaviva.lavocedelpaese.info\/index.php\/wp-json\/wp\/v2\/posts\/4096\/revisions"}],"predecessor-version":[{"id":4099,"href":"https:\/\/acquaviva.lavocedelpaese.info\/index.php\/wp-json\/wp\/v2\/posts\/4096\/revisions\/4099"}],"wp:featuredmedia":[{"embeddable":true,"href":"https:\/\/acquaviva.lavocedelpaese.info\/index.php\/wp-json\/wp\/v2\/media\/4097"}],"wp:attachment":[{"href":"https:\/\/acquaviva.lavocedelpaese.info\/index.php\/wp-json\/wp\/v2\/media?parent=4096"}],"wp:term":[{"taxonomy":"category","embeddable":true,"href":"https:\/\/acquaviva.lavocedelpaese.info\/index.php\/wp-json\/wp\/v2\/categories?post=4096"},{"taxonomy":"post_tag","embeddable":true,"href":"https:\/\/acquaviva.lavocedelpaese.info\/index.php\/wp-json\/wp\/v2\/tags?post=4096"}],"curies":[{"name":"wp","href":"https:\/\/api.w.org\/{rel}","templated":true}]}}