{"id":4070,"date":"2024-04-22T17:52:10","date_gmt":"2024-04-22T17:52:10","guid":{"rendered":"https:\/\/acquaviva.lavocedelpaese.info\/?p=4070"},"modified":"2024-04-25T15:42:40","modified_gmt":"2024-04-25T15:42:40","slug":"autonomia-differenziata-effetti-e-difetti-democrazia-e-diritti-differenziati","status":"publish","type":"post","link":"https:\/\/acquaviva.lavocedelpaese.info\/index.php\/2024\/04\/22\/autonomia-differenziata-effetti-e-difetti-democrazia-e-diritti-differenziati\/","title":{"rendered":"Autonomia differenziata: effetti e difetti democrazia e diritti differenziati"},"content":{"rendered":"\n<p>Tavola Rotonda<\/p>\n\n\n\n<p>Si terr\u00e0 mercoled\u00ec 24 aprile, nel salone delle feste al primo piano di Palazzo De Mari ad Acquaviva delle Fonti, l\u2019incontro sul tema \u201cAutonomia differenziata: effetti e difetti \u2013 democrazia e diritti differenziati\u201d.<\/p>\n\n\n\n<p>Alla tavola rotonda, organizzata dallo SPI CGIL e moderata da Anna Maria Sportelli, parteciperanno la consigliera del Comune di Acquaviva e della Citt\u00e0 Metropolitana di Bari Francesca Pietroforte, il medico di medicina generale Michele Abbinante, il segretario generale dello SPI CGIL Puglia Gianni Forte e il segretario generale dello SPI CGIL Bari Alessandro De Mario.Concluder\u00e0 il sindaco di Bari Antonio Decaro.<\/p>\n\n\n\n<p>\u201cRingrazio lo SPI CGIL \u2013 ha affermato <strong>Francesca Pietroforte<\/strong> &#8211; che ci da l\u2019occasione per dibattere su un tema attualissimo, che rischia di impattare pesantemente sulle nostre vite. Con la riforma pensata dal governo nazionale si rischia di creare un\u2019Italia a due velocit\u00e0, dove chi \u00e8 povero diventer\u00e0 sempre pi\u00f9 povero e chi \u00e8 ricco vedr\u00e0 accrescere la propria ricchezza. Ci stiamo battendo e continueremo a farlo contro una norma scellerata che mette a repentaglio l\u2019unit\u00e0 nazionale e qualsiasi principio di solidariet\u00e0, gi\u00e0 oggi esistono divari amplissimi tra Nord e Sud del Paese, pensiamo alle risorse spese per la sanit\u00e0 e per la scuola, obiettivo della politica dovrebbe essere ridurre le differenze fino ad azzerarle, non ampliarle\u201d.<\/p>\n\n\n\n<figure class=\"wp-block-image size-full\"><img decoding=\"async\" src=\"https:\/\/acquaviva.lavocedelpaese.info\/wp-content\/uploads\/2024\/04\/440233818_918049276998026_3581844116354056312_n.jpg\" alt=\"\" class=\"wp-image-4072\" \/><\/figure>\n","protected":false},"excerpt":{"rendered":"<p>Tavola Rotonda Si terr\u00e0 mercoled\u00ec 24 aprile, nel salone delle feste al primo piano di Palazzo De Mari ad Acquaviva<\/p>\n","protected":false},"author":4,"featured_media":4072,"comment_status":"open","ping_status":"closed","sticky":false,"template":"","format":"standard","meta":{"colormag_page_container_layout":"default_layout","colormag_page_sidebar_layout":"default_layout","_monsterinsights_skip_tracking":false,"_monsterinsights_sitenote_active":false,"_monsterinsights_sitenote_note":"","_monsterinsights_sitenote_category":0,"footnotes":""},"categories":[2,33],"tags":[],"class_list":["post-4070","post","type-post","status-publish","format-standard","has-post-thumbnail","hentry","category-attualita","category-spalla"],"_links":{"self":[{"href":"https:\/\/acquaviva.lavocedelpaese.info\/index.php\/wp-json\/wp\/v2\/posts\/4070","targetHints":{"allow":["GET"]}}],"collection":[{"href":"https:\/\/acquaviva.lavocedelpaese.info\/index.php\/wp-json\/wp\/v2\/posts"}],"about":[{"href":"https:\/\/acquaviva.lavocedelpaese.info\/index.php\/wp-json\/wp\/v2\/types\/post"}],"author":[{"embeddable":true,"href":"https:\/\/acquaviva.lavocedelpaese.info\/index.php\/wp-json\/wp\/v2\/users\/4"}],"replies":[{"embeddable":true,"href":"https:\/\/acquaviva.lavocedelpaese.info\/index.php\/wp-json\/wp\/v2\/comments?post=4070"}],"version-history":[{"count":4,"href":"https:\/\/acquaviva.lavocedelpaese.info\/index.php\/wp-json\/wp\/v2\/posts\/4070\/revisions"}],"predecessor-version":[{"id":4079,"href":"https:\/\/acquaviva.lavocedelpaese.info\/index.php\/wp-json\/wp\/v2\/posts\/4070\/revisions\/4079"}],"wp:featuredmedia":[{"embeddable":true,"href":"https:\/\/acquaviva.lavocedelpaese.info\/index.php\/wp-json\/wp\/v2\/media\/4072"}],"wp:attachment":[{"href":"https:\/\/acquaviva.lavocedelpaese.info\/index.php\/wp-json\/wp\/v2\/media?parent=4070"}],"wp:term":[{"taxonomy":"category","embeddable":true,"href":"https:\/\/acquaviva.lavocedelpaese.info\/index.php\/wp-json\/wp\/v2\/categories?post=4070"},{"taxonomy":"post_tag","embeddable":true,"href":"https:\/\/acquaviva.lavocedelpaese.info\/index.php\/wp-json\/wp\/v2\/tags?post=4070"}],"curies":[{"name":"wp","href":"https:\/\/api.w.org\/{rel}","templated":true}]}}