{"id":4060,"date":"2024-04-20T05:49:26","date_gmt":"2024-04-20T05:49:26","guid":{"rendered":"https:\/\/acquaviva.lavocedelpaese.info\/?p=4060"},"modified":"2024-04-20T05:49:27","modified_gmt":"2024-04-20T05:49:27","slug":"passeggiata-per-la-pace-2024","status":"publish","type":"post","link":"https:\/\/acquaviva.lavocedelpaese.info\/index.php\/2024\/04\/20\/passeggiata-per-la-pace-2024\/","title":{"rendered":"&#8220;Passeggiata per la Pace 2024&#8221;"},"content":{"rendered":"\n<p>In occasione del 1\u00b0 maggio, festa dei lavoratori, le organizzazioni territoriali di CGIL &#8211; CISL e UIL di Cassano delle Murge e di Acquaviva delle Fonti, intendono riproporre l\u2019oramai consueto appuntamento con la passeggiata della pace, che purtroppo resta d\u2019attualit\u00e0 nel mondo.<\/p>\n\n\n\n<p>In linea con il dettato Costituzionale della nostra Repubblica, chiediamo la cessazione delle ostilit\u00e0, senza voler individuare colpevoli e senza voler entrare nel merito dei torti e delle ragioni.<\/p>\n\n\n\n<p>Non potr\u00e0 mai esserci giustizia sociale, lavoro dignitoso e democrazia nel mondo se le risorse economiche ed umane verranno usate per uccidere i propri fratelli e non per difendere la vita.<\/p>\n\n\n\n<p>Se giornalmente assistiamo distratti alla violazione del diritto internazionale e umanitario si compir\u00e0 un ulteriore massacro e a farne le spese, come al solito, saranno la povera gente e i bambini.<\/p>\n\n\n\n<p>Se l\u2019orrore di quel che sta succedendo entra nelle nostre vite fino a diventare una presenza abitudinale, avveleneremo anche le future generazioni compromettendole e segnandole per sempre.<\/p>\n\n\n\n<p>L\u2019unica soluzione \u00e8 mobilitarsi per la pace, per il disarmo e per la nonviolenza, in caso contrario otterremo solo la distruzione dei diritti, della convivenza, delle democrazie e del pianeta.<\/p>\n\n\n\n<p>La Pace \u00e8 un tema strettamente connesso alle tematiche del lavoro, in quanto, senza la pace non si pu\u00f2 pensare di costruire una politica di sviluppo e del lavoro, ecco perch\u00e9 il primo maggio.<\/p>\n\n\n\n<p>Il percorso \u00e8 lo stesso degli altri anni, sulla via della amicizia (la vecchia via che collega i due Paesi) tra Acquaviva e Cassano, le due comunit\u00e0, cassanesi ed acquavivesi, si incamminano per incontrandosi a met\u00e0 percorso, in un incontro gioioso e carico di significati di pace e di amicizia.<\/p>\n\n\n\n<p>Cercheremo di realizzare tutte le iniziative per rendere la giornata pi\u00f9 rumorosa, rumori della pace, musica, risate, canti, affinch\u00e9 tacciano i rumori della guerra<\/p>\n\n\n\n<p>Per le informazioni di carattere operativo potete contattarci al 3351441157 (Lino per Acquaviva) e al 3311160600 (Antonio per Cassano), in modo da concordare insieme eventuali interventi.<\/p>\n\n\n\n<p><\/p>\n\n\n\n<p class=\"has-text-align-right\"><strong>Le organizzazioni territoriali di CGIL &#8211; CISL e UIL di Cassano ed Acquaviva<\/strong><\/p>\n\n\n\n<p><\/p>\n\n\n\n<figure class=\"wp-block-image size-full\"><img decoding=\"async\" src=\"https:\/\/acquaviva.lavocedelpaese.info\/wp-content\/uploads\/2024\/04\/436209629_946032857220963_316650410333900033_n.jpg\" alt=\"\" class=\"wp-image-4061\" \/><\/figure>\n","protected":false},"excerpt":{"rendered":"<p>In occasione del 1\u00b0 maggio, festa dei lavoratori, le organizzazioni territoriali di CGIL &#8211; CISL e UIL di Cassano delle<\/p>\n","protected":false},"author":4,"featured_media":4061,"comment_status":"open","ping_status":"closed","sticky":false,"template":"","format":"standard","meta":{"colormag_page_container_layout":"default_layout","colormag_page_sidebar_layout":"default_layout","_monsterinsights_skip_tracking":false,"_monsterinsights_sitenote_active":false,"_monsterinsights_sitenote_note":"","_monsterinsights_sitenote_category":0,"footnotes":""},"categories":[2,33],"tags":[],"class_list":["post-4060","post","type-post","status-publish","format-standard","has-post-thumbnail","hentry","category-attualita","category-spalla"],"_links":{"self":[{"href":"https:\/\/acquaviva.lavocedelpaese.info\/index.php\/wp-json\/wp\/v2\/posts\/4060","targetHints":{"allow":["GET"]}}],"collection":[{"href":"https:\/\/acquaviva.lavocedelpaese.info\/index.php\/wp-json\/wp\/v2\/posts"}],"about":[{"href":"https:\/\/acquaviva.lavocedelpaese.info\/index.php\/wp-json\/wp\/v2\/types\/post"}],"author":[{"embeddable":true,"href":"https:\/\/acquaviva.lavocedelpaese.info\/index.php\/wp-json\/wp\/v2\/users\/4"}],"replies":[{"embeddable":true,"href":"https:\/\/acquaviva.lavocedelpaese.info\/index.php\/wp-json\/wp\/v2\/comments?post=4060"}],"version-history":[{"count":2,"href":"https:\/\/acquaviva.lavocedelpaese.info\/index.php\/wp-json\/wp\/v2\/posts\/4060\/revisions"}],"predecessor-version":[{"id":4065,"href":"https:\/\/acquaviva.lavocedelpaese.info\/index.php\/wp-json\/wp\/v2\/posts\/4060\/revisions\/4065"}],"wp:featuredmedia":[{"embeddable":true,"href":"https:\/\/acquaviva.lavocedelpaese.info\/index.php\/wp-json\/wp\/v2\/media\/4061"}],"wp:attachment":[{"href":"https:\/\/acquaviva.lavocedelpaese.info\/index.php\/wp-json\/wp\/v2\/media?parent=4060"}],"wp:term":[{"taxonomy":"category","embeddable":true,"href":"https:\/\/acquaviva.lavocedelpaese.info\/index.php\/wp-json\/wp\/v2\/categories?post=4060"},{"taxonomy":"post_tag","embeddable":true,"href":"https:\/\/acquaviva.lavocedelpaese.info\/index.php\/wp-json\/wp\/v2\/tags?post=4060"}],"curies":[{"name":"wp","href":"https:\/\/api.w.org\/{rel}","templated":true}]}}