{"id":3971,"date":"2024-04-03T18:39:16","date_gmt":"2024-04-03T18:39:16","guid":{"rendered":"https:\/\/acquaviva.lavocedelpaese.info\/?p=3971"},"modified":"2024-04-06T15:33:17","modified_gmt":"2024-04-06T15:33:17","slug":"acquaviva-presentazione-del-libro-il-sesso-debole","status":"publish","type":"post","link":"https:\/\/acquaviva.lavocedelpaese.info\/index.php\/2024\/04\/03\/acquaviva-presentazione-del-libro-il-sesso-debole\/","title":{"rendered":"Acquaviva, presentazione del libro \u201cIl sesso debole\u201d"},"content":{"rendered":"\n<p>La presentazione di un libro pu\u00f2 essere l\u2019occasione per fare il punto sulla condizione della donna nel nostro Paese, sul suo percorso di emancipazione e sui limiti culturali che ancora la circondano, per non parlare dei casi di violenza.<\/p>\n\n\n\n<p>E\u2019 l\u2019iniziativa del centro antiviolenza Li.A. dell&#8217;Ambito di Grumo Appula, in collaborazione con il Comune di Acquaviva delle Fonti, che venerd\u00ec 5 aprile vedr\u00e0 la presentazione, alle 18 nel salone delle feste di Palazzo De Mari, del libro dal titolo \u201cIl sesso debole. Debolezza femminile e violenza contro le donne\u201d, scritto da Simona Cardinaletti, psicologa e psicoterapeuta e, soprattutto, responsabile della casa rifugio per donne maltrattate &#8220;Zefiro&#8221; di Ancona.<\/p>\n\n\n\n<p>Grazie all\u2019esperienza sul campo, lunga 24 anni, l\u2019autrice ha raccolto non solo casi di violenza fisica ma ha anche fatto una scoperta da lei definita \u201cUna rivoluzione copernicana\u201d. L\u2019autrice, infatti, nel suo libro denuncia il fatto che anche chi come lei non ha subito direttamente dei soprusi \u00e8 in qualche modo, in quanto donna, ingabbiata da alcune regole non scritte e profondamente interiorizzate di cui nemmeno ci si accorge pi\u00f9.<\/p>\n\n\n\n<p>A dialogare con l\u2019autrice ci sar\u00e0 Angela Lacitignola, responsabile del Centro Antiviolenza Li.A. dell&#8217;Ambito di Grumo Appula, dopo gli interventi del sindaco Marco Lenoci e dell\u2019assessora alle Pari opportunit\u00e0, Imma Morano. Le conclusioni saranno affidate a Elisabetta Mastrorocco, assistente sociale.<\/p>\n\n\n\n<p>Il sindaco Marco Lenoci: \u201cCome uomo e padre, prima ancora che sindaco, sento forte il mio impegno personale e quotidiano in contrasto ad ogni forma di violenza, fisica e psicologica. Da avvocato so bene che ci sono leggi che tutelano le vittime ma non si pu\u00f2 pensare che si risolva tutto in tribunale, anzi, in quel momento \u00e8 gi\u00e0 tardi, il reato si \u00e8 gi\u00e0 compiuto. Occorre un lavoro da parte di tutti, soprattutto delle istituzioni, per intervenire prima\u201d.<\/p>\n\n\n\n<p>L\u2019assessora alle Politiche sociali, Imma Morano: \u201cQuesta amministrazione lavora dal primo giorno per dare il proprio contributo a una societ\u00e0 accogliente e inclusiva. Le donne che subiscono violenza o coloro che sono a rischio, perch\u00e9 particolarmente fragili, non devono pi\u00f9 sentirsi sole. La struttura comunale, con gli assistenti sociali, cos\u00ec come i centri antiviolenza, che svolgono un lavoro decisivo, sono porti sicuri nei quali rifugiarsi per chiedere aiuto\u201d.<\/p>\n\n\n\n<p>La responsabile del centro antiviolenza Li.A. dell\u2019Ambito di Grumo Appula, Angela Lacirignola: \u201c&#8221;Il libro di Simona Cardinaletti parla di tutte noi. Parla di noi in quanto operatrici dei centri antiviolenza, dando visibilit\u00e0 al nostro lavoro, alla mission che ci muove, alle politiche che mettiamo in atto per contrastare la violenza maschile. Ma parla anche di noi in quanto donne, quando incontriamo, nella nostra vita, la violenza. Simona, grazie alla sua profondissima esperienza, scandaglia in modo lucidissimo le dinamiche che si innestano quando le donne vengono vittimizzate, ma porta alla luce anche la forza che risiede in ognuna di noi, una forza che salva ed emancipa. Non lasciatevi trarre in inganno dal titolo: il libro traccia un&#8217;immagine della donna totalmente opposta a quella del &#8220;sesso debole&#8221;.<\/p>\n\n\n\n<p><\/p>\n\n\n\n<figure class=\"wp-block-image size-full\"><img decoding=\"async\" width=\"1000\" height=\"563\" src=\"https:\/\/acquaviva.lavocedelpaese.info\/wp-content\/uploads\/2024\/04\/presentazione-del-libro-il-sesso-debole-di-simona-cardinaletti-a-palazzo-de-mari-di-acquaviva.jpg\" alt=\"\" class=\"wp-image-3972\" srcset=\"https:\/\/acquaviva.lavocedelpaese.info\/wp-content\/uploads\/2024\/04\/presentazione-del-libro-il-sesso-debole-di-simona-cardinaletti-a-palazzo-de-mari-di-acquaviva.jpg 1000w, https:\/\/acquaviva.lavocedelpaese.info\/wp-content\/uploads\/2024\/04\/presentazione-del-libro-il-sesso-debole-di-simona-cardinaletti-a-palazzo-de-mari-di-acquaviva-300x169.jpg 300w, https:\/\/acquaviva.lavocedelpaese.info\/wp-content\/uploads\/2024\/04\/presentazione-del-libro-il-sesso-debole-di-simona-cardinaletti-a-palazzo-de-mari-di-acquaviva-768x432.jpg 768w\" sizes=\"(max-width: 1000px) 100vw, 1000px\" \/><\/figure>\n","protected":false},"excerpt":{"rendered":"<p>La presentazione di un libro pu\u00f2 essere l\u2019occasione per fare il punto sulla condizione della donna nel nostro Paese, sul<\/p>\n","protected":false},"author":4,"featured_media":3973,"comment_status":"open","ping_status":"closed","sticky":false,"template":"","format":"standard","meta":{"colormag_page_container_layout":"default_layout","colormag_page_sidebar_layout":"default_layout","_monsterinsights_skip_tracking":false,"_monsterinsights_sitenote_active":false,"_monsterinsights_sitenote_note":"","_monsterinsights_sitenote_category":0,"footnotes":""},"categories":[5,33],"tags":[],"class_list":["post-3971","post","type-post","status-publish","format-standard","has-post-thumbnail","hentry","category-cultura","category-spalla"],"_links":{"self":[{"href":"https:\/\/acquaviva.lavocedelpaese.info\/index.php\/wp-json\/wp\/v2\/posts\/3971","targetHints":{"allow":["GET"]}}],"collection":[{"href":"https:\/\/acquaviva.lavocedelpaese.info\/index.php\/wp-json\/wp\/v2\/posts"}],"about":[{"href":"https:\/\/acquaviva.lavocedelpaese.info\/index.php\/wp-json\/wp\/v2\/types\/post"}],"author":[{"embeddable":true,"href":"https:\/\/acquaviva.lavocedelpaese.info\/index.php\/wp-json\/wp\/v2\/users\/4"}],"replies":[{"embeddable":true,"href":"https:\/\/acquaviva.lavocedelpaese.info\/index.php\/wp-json\/wp\/v2\/comments?post=3971"}],"version-history":[{"count":1,"href":"https:\/\/acquaviva.lavocedelpaese.info\/index.php\/wp-json\/wp\/v2\/posts\/3971\/revisions"}],"predecessor-version":[{"id":3974,"href":"https:\/\/acquaviva.lavocedelpaese.info\/index.php\/wp-json\/wp\/v2\/posts\/3971\/revisions\/3974"}],"wp:featuredmedia":[{"embeddable":true,"href":"https:\/\/acquaviva.lavocedelpaese.info\/index.php\/wp-json\/wp\/v2\/media\/3973"}],"wp:attachment":[{"href":"https:\/\/acquaviva.lavocedelpaese.info\/index.php\/wp-json\/wp\/v2\/media?parent=3971"}],"wp:term":[{"taxonomy":"category","embeddable":true,"href":"https:\/\/acquaviva.lavocedelpaese.info\/index.php\/wp-json\/wp\/v2\/categories?post=3971"},{"taxonomy":"post_tag","embeddable":true,"href":"https:\/\/acquaviva.lavocedelpaese.info\/index.php\/wp-json\/wp\/v2\/tags?post=3971"}],"curies":[{"name":"wp","href":"https:\/\/api.w.org\/{rel}","templated":true}]}}