{"id":3968,"date":"2024-04-03T18:33:25","date_gmt":"2024-04-03T18:33:25","guid":{"rendered":"https:\/\/acquaviva.lavocedelpaese.info\/?p=3968"},"modified":"2024-04-03T18:33:27","modified_gmt":"2024-04-03T18:33:27","slug":"acquaviva-palazzo-de-mari-illuminato-di-blu-per-lintero-mese","status":"publish","type":"post","link":"https:\/\/acquaviva.lavocedelpaese.info\/index.php\/2024\/04\/03\/acquaviva-palazzo-de-mari-illuminato-di-blu-per-lintero-mese\/","title":{"rendered":"Acquaviva. Palazzo De Mari illuminato di blu per l\u2019intero mese"},"content":{"rendered":"\n<p>Palazzo De Mari, sede del Comune e casa delle cittadine e dei cittadini, sar\u00e0 illuminato di blu per tutto il mese di aprile. L\u2019amministrazione comunale di Acquaviva ha inteso sostenere e promuovere una serie di iniziative in favore della consapevolezza sull\u2019autismo, al di l\u00e0 della singola ricorrenza della giornata mondiale del 2 aprile.<\/p>\n\n\n\n<p>Un segnale di vicinanza alle persone che rientrano nello spettro autistico e alle loro famiglie ma non solo. Un gesto concreto per richiamare l\u2019attenzione di tutti e per ricordare le diverse le iniziative che l\u2019amministrazione comunale ha deciso di sostenere per sensibilizzare tutti su un tema di grande attualit\u00e0.<\/p>\n\n\n\n<p>Si comincia gioved\u00ec 4 aprile, alle 10 nel salone delle feste di Palazzo De Mari, con la proiezione del video \u201cI guardiani delle stelle\u201d, realizzato dal Centro Autismo di Acquaviva, con gli alunni degli istituti Caporizzi-Lucarellli e Giovanni XXIII.<\/p>\n\n\n\n<p>Marco Lenoci, sindaco di Acquaviva, spiega le ragioni di questo impegno: \u201cLa consapevolezza sull\u2019autismo non si limita a questioni di carattere amministrativo o sanitario, pur di grande rilevanza. Essere consapevoli sul tema vuol dire avere una mente aperta, che accolga gli altri senza alcuna discriminazione. Questa amministrazione \u00e8 pronta a fare la sua parte\u201d.<\/p>\n\n\n\n<p>L\u2019assessora alle Politiche sociali, Imma Morano, conclude: \u201cProseguiamo sulla strada della costruzione di una comunit\u00e0 sempre pi\u00f9 inclusiva e accogliente. Le persone pi\u00f9 fragili non hanno bisogno di proclami o di tavoli di concertazione ma di risposte ai bisogni quotidiani e, in questo senso, l\u2019amministrazione ha gi\u00e0 dato prova sin dal primo giorno\u201d.<\/p>\n\n\n\n<p><\/p>\n\n\n\n<p><\/p>\n\n\n\n<figure class=\"wp-block-image size-full\"><img decoding=\"async\" src=\"https:\/\/acquaviva.lavocedelpaese.info\/wp-content\/uploads\/2024\/04\/palazzo-de-mari-di-acquaviva-illuminato-di-blu-per-la-consapevolezza-sullautismo.jpg\" alt=\"\" class=\"wp-image-3969\" \/><\/figure>\n","protected":false},"excerpt":{"rendered":"<p>Palazzo De Mari, sede del Comune e casa delle cittadine e dei cittadini, sar\u00e0 illuminato di blu per tutto il<\/p>\n","protected":false},"author":4,"featured_media":3969,"comment_status":"open","ping_status":"closed","sticky":false,"template":"","format":"standard","meta":{"colormag_page_container_layout":"default_layout","colormag_page_sidebar_layout":"default_layout","_monsterinsights_skip_tracking":false,"_monsterinsights_sitenote_active":false,"_monsterinsights_sitenote_note":"","_monsterinsights_sitenote_category":0,"footnotes":""},"categories":[2,33],"tags":[],"class_list":["post-3968","post","type-post","status-publish","format-standard","has-post-thumbnail","hentry","category-attualita","category-spalla"],"_links":{"self":[{"href":"https:\/\/acquaviva.lavocedelpaese.info\/index.php\/wp-json\/wp\/v2\/posts\/3968","targetHints":{"allow":["GET"]}}],"collection":[{"href":"https:\/\/acquaviva.lavocedelpaese.info\/index.php\/wp-json\/wp\/v2\/posts"}],"about":[{"href":"https:\/\/acquaviva.lavocedelpaese.info\/index.php\/wp-json\/wp\/v2\/types\/post"}],"author":[{"embeddable":true,"href":"https:\/\/acquaviva.lavocedelpaese.info\/index.php\/wp-json\/wp\/v2\/users\/4"}],"replies":[{"embeddable":true,"href":"https:\/\/acquaviva.lavocedelpaese.info\/index.php\/wp-json\/wp\/v2\/comments?post=3968"}],"version-history":[{"count":1,"href":"https:\/\/acquaviva.lavocedelpaese.info\/index.php\/wp-json\/wp\/v2\/posts\/3968\/revisions"}],"predecessor-version":[{"id":3970,"href":"https:\/\/acquaviva.lavocedelpaese.info\/index.php\/wp-json\/wp\/v2\/posts\/3968\/revisions\/3970"}],"wp:featuredmedia":[{"embeddable":true,"href":"https:\/\/acquaviva.lavocedelpaese.info\/index.php\/wp-json\/wp\/v2\/media\/3969"}],"wp:attachment":[{"href":"https:\/\/acquaviva.lavocedelpaese.info\/index.php\/wp-json\/wp\/v2\/media?parent=3968"}],"wp:term":[{"taxonomy":"category","embeddable":true,"href":"https:\/\/acquaviva.lavocedelpaese.info\/index.php\/wp-json\/wp\/v2\/categories?post=3968"},{"taxonomy":"post_tag","embeddable":true,"href":"https:\/\/acquaviva.lavocedelpaese.info\/index.php\/wp-json\/wp\/v2\/tags?post=3968"}],"curies":[{"name":"wp","href":"https:\/\/api.w.org\/{rel}","templated":true}]}}