{"id":3965,"date":"2024-04-02T17:41:17","date_gmt":"2024-04-02T17:41:17","guid":{"rendered":"https:\/\/acquaviva.lavocedelpaese.info\/?p=3965"},"modified":"2024-04-11T08:25:12","modified_gmt":"2024-04-11T08:25:12","slug":"diocesi-settimana-del-creato","status":"publish","type":"post","link":"https:\/\/acquaviva.lavocedelpaese.info\/index.php\/2024\/04\/02\/diocesi-settimana-del-creato\/","title":{"rendered":"Diocesi, Settimana del creato"},"content":{"rendered":"\n<p>\u201c<strong>Che scorrano la Giustizia e la Pace\u201d<\/strong><\/p>\n\n\n\n<p>8-14 aprile 2024<\/p>\n\n\n\n<p><\/p>\n\n\n\n<p>In prepazione alla settimana sociale dei cattolici italiani che si terr\u00e0 a Trieste in luglio- ci comunica <strong>Don Mimmo Natale<\/strong>, Responsabile dell&#8217;Ufficio di Pastorale Sociale e del Lavoro- in Diocesi organizziamo la settimana del creato dal 8 al 14 aprile 2024 sul tema \u201cChe scorrano la giustizia e la Pace\u201d Verso la settimana sociale sulla Partecipazione\u201d.<\/p>\n\n\n\n<p>Incuriositi gli chiediamo di illustrarci le iniziative sociali e religiose organizzate per l&#8217;occasione.<\/p>\n\n\n\n<p>\u201cQuesto \u00e8 il programma della settimana: Marted\u00ec 9 aprile a Gravina, nell&#8217;auditorium San Sebastiano alle ore 19:00 si terr\u00e0 la tavola rotonda: il consumo responsabile e la sostenibilit\u00e0 sociale e ambientale con Dott. Michele Micunco, Confconsumatori Altamura, Dott. Vincenzo Florio U.Di.Con.<\/p>\n\n\n\n<p>Mecoled\u00ec 10 aprile ad Altamura, nel salone parrocchiale Redentore alle ore 19:30 si terr\u00e0 l&#8217;incontro su Partecipazione e Comunit\u00e0 Energetiche con d. Valerio Pannasso, Presidente CERS Rodello, Dott. Milano Giuseppe, autore del libro Comunit\u00e0 energetiche, Esper. Di generativit\u00e0 sociale, dott. Ernesto Lupis della S.A.GE.CO<\/p>\n\n\n\n<p>Gioved\u00ec 11 aprile ad Acquaviva, presso l&#8217;auditorium San Domenico alle ore 19:00 appuntamento da non perdere con il Cineforum sul film Il Successore con la presenza del protagonista Vito Alfieri Fontana e la presentazione del suo libro con Ass. Amlet-aps \u201cINSUrrezione di coscienza\u201d.<\/p>\n\n\n\n<p>Sabato 13 aprile ad Altamura dalle ore 10:00-12:00 c\/o Oasi Madre Terra Sorella Ape contrada Vuccolo (http\/\/maps.app.goo.gl\/PGh6kLaMdHw5hNk87) passeggiata ecologica sensoriale con asini, api e lombrichi sulla Murgia.<\/p>\n\n\n\n<p>Domenica 14 aprile il Contest fotografico: ogni comunit\u00e0 parrocchiale \u2013 prosegue Don Natale- sceglie di bonificare una piazza, uno spazio del terriotrio parrocchiale dopo la messa domenicale centrale\u201d.<\/p>\n\n\n\n<p>Tutte le iniziative sono promosse da Ufficio di Pastorale Sociale e del Lavoro, Ufficio Scuola, Ufficio di Pastorale Familiare, Servizio di Pastorale Giovanile, Ufficio Beni Culturali ed Edilizia di Culto, Azione Cattolica Diocesana e Ordine francescano secolare Altamura.<\/p>\n\n\n\n<p><\/p>\n\n\n\n<figure class=\"wp-block-image size-full\"><img decoding=\"async\" width=\"566\" height=\"800\" src=\"https:\/\/acquaviva.lavocedelpaese.info\/wp-content\/uploads\/2024\/04\/752eacdf-72e3-4c95-92d2-ac4063f422af-1.jpg\" alt=\"\" class=\"wp-image-3966\" srcset=\"https:\/\/acquaviva.lavocedelpaese.info\/wp-content\/uploads\/2024\/04\/752eacdf-72e3-4c95-92d2-ac4063f422af-1.jpg 566w, https:\/\/acquaviva.lavocedelpaese.info\/wp-content\/uploads\/2024\/04\/752eacdf-72e3-4c95-92d2-ac4063f422af-1-212x300.jpg 212w\" sizes=\"(max-width: 566px) 100vw, 566px\" \/><\/figure>\n\n\n\n<figure class=\"wp-block-image size-full\"><img decoding=\"async\" width=\"566\" height=\"800\" src=\"https:\/\/acquaviva.lavocedelpaese.info\/wp-content\/uploads\/2024\/04\/0617e646-5b5e-4a2f-8c7f-1e1e911f32d5.jpg\" alt=\"\" class=\"wp-image-3997\" srcset=\"https:\/\/acquaviva.lavocedelpaese.info\/wp-content\/uploads\/2024\/04\/0617e646-5b5e-4a2f-8c7f-1e1e911f32d5.jpg 566w, https:\/\/acquaviva.lavocedelpaese.info\/wp-content\/uploads\/2024\/04\/0617e646-5b5e-4a2f-8c7f-1e1e911f32d5-212x300.jpg 212w\" sizes=\"(max-width: 566px) 100vw, 566px\" \/><\/figure>\n\n\n\n<figure class=\"wp-block-image size-large\"><img decoding=\"async\" width=\"928\" height=\"1024\" src=\"https:\/\/acquaviva.lavocedelpaese.info\/wp-content\/uploads\/2024\/04\/65ea1f45-9315-4088-850d-95c822909575-928x1024.jpg\" alt=\"\" class=\"wp-image-3998\" srcset=\"https:\/\/acquaviva.lavocedelpaese.info\/wp-content\/uploads\/2024\/04\/65ea1f45-9315-4088-850d-95c822909575-928x1024.jpg 928w, https:\/\/acquaviva.lavocedelpaese.info\/wp-content\/uploads\/2024\/04\/65ea1f45-9315-4088-850d-95c822909575-272x300.jpg 272w, https:\/\/acquaviva.lavocedelpaese.info\/wp-content\/uploads\/2024\/04\/65ea1f45-9315-4088-850d-95c822909575-768x848.jpg 768w, https:\/\/acquaviva.lavocedelpaese.info\/wp-content\/uploads\/2024\/04\/65ea1f45-9315-4088-850d-95c822909575.jpg 1079w\" sizes=\"(max-width: 928px) 100vw, 928px\" \/><\/figure>\n\n\n\n<figure class=\"wp-block-image size-large\"><img decoding=\"async\" width=\"1024\" height=\"652\" src=\"https:\/\/acquaviva.lavocedelpaese.info\/wp-content\/uploads\/2024\/04\/ee9539bc-f784-4e9e-a8fc-d10df65f1a02-1024x652.jpg\" alt=\"\" class=\"wp-image-3999\" srcset=\"https:\/\/acquaviva.lavocedelpaese.info\/wp-content\/uploads\/2024\/04\/ee9539bc-f784-4e9e-a8fc-d10df65f1a02-1024x652.jpg 1024w, https:\/\/acquaviva.lavocedelpaese.info\/wp-content\/uploads\/2024\/04\/ee9539bc-f784-4e9e-a8fc-d10df65f1a02-300x191.jpg 300w, https:\/\/acquaviva.lavocedelpaese.info\/wp-content\/uploads\/2024\/04\/ee9539bc-f784-4e9e-a8fc-d10df65f1a02-768x489.jpg 768w, https:\/\/acquaviva.lavocedelpaese.info\/wp-content\/uploads\/2024\/04\/ee9539bc-f784-4e9e-a8fc-d10df65f1a02.jpg 1079w\" sizes=\"(max-width: 1024px) 100vw, 1024px\" \/><\/figure>\n\n\n\n<figure class=\"wp-block-image size-full\"><img decoding=\"async\" width=\"566\" height=\"800\" src=\"https:\/\/acquaviva.lavocedelpaese.info\/wp-content\/uploads\/2024\/04\/434668334_772178111777969_7824888673607539541_n.jpg\" alt=\"\" class=\"wp-image-4001\" srcset=\"https:\/\/acquaviva.lavocedelpaese.info\/wp-content\/uploads\/2024\/04\/434668334_772178111777969_7824888673607539541_n.jpg 566w, https:\/\/acquaviva.lavocedelpaese.info\/wp-content\/uploads\/2024\/04\/434668334_772178111777969_7824888673607539541_n-212x300.jpg 212w\" sizes=\"(max-width: 566px) 100vw, 566px\" \/><\/figure>\n\n\n\n<figure class=\"wp-block-image size-full\"><img decoding=\"async\" width=\"566\" height=\"800\" src=\"https:\/\/acquaviva.lavocedelpaese.info\/wp-content\/uploads\/2024\/04\/435124617_772178081777972_8753137911419188180_n.jpg\" alt=\"\" class=\"wp-image-4002\" srcset=\"https:\/\/acquaviva.lavocedelpaese.info\/wp-content\/uploads\/2024\/04\/435124617_772178081777972_8753137911419188180_n.jpg 566w, https:\/\/acquaviva.lavocedelpaese.info\/wp-content\/uploads\/2024\/04\/435124617_772178081777972_8753137911419188180_n-212x300.jpg 212w\" sizes=\"(max-width: 566px) 100vw, 566px\" \/><\/figure>\n\n\n\n<figure class=\"wp-block-image size-full\"><img decoding=\"async\" width=\"566\" height=\"800\" src=\"https:\/\/acquaviva.lavocedelpaese.info\/wp-content\/uploads\/2024\/04\/435006940_772177941777986_5119861343347535906_n.jpg\" alt=\"\" class=\"wp-image-4003\" srcset=\"https:\/\/acquaviva.lavocedelpaese.info\/wp-content\/uploads\/2024\/04\/435006940_772177941777986_5119861343347535906_n.jpg 566w, https:\/\/acquaviva.lavocedelpaese.info\/wp-content\/uploads\/2024\/04\/435006940_772177941777986_5119861343347535906_n-212x300.jpg 212w\" sizes=\"(max-width: 566px) 100vw, 566px\" \/><\/figure>\n","protected":false},"excerpt":{"rendered":"<p>\u201cChe scorrano la Giustizia e la Pace\u201d 8-14 aprile 2024 In prepazione alla settimana sociale dei cattolici italiani che si<\/p>\n","protected":false},"author":4,"featured_media":3962,"comment_status":"open","ping_status":"closed","sticky":false,"template":"","format":"standard","meta":{"colormag_page_container_layout":"default_layout","colormag_page_sidebar_layout":"default_layout","_monsterinsights_skip_tracking":false,"_monsterinsights_sitenote_active":false,"_monsterinsights_sitenote_note":"","_monsterinsights_sitenote_category":0,"footnotes":""},"categories":[2,33],"tags":[],"class_list":["post-3965","post","type-post","status-publish","format-standard","has-post-thumbnail","hentry","category-attualita","category-spalla"],"_links":{"self":[{"href":"https:\/\/acquaviva.lavocedelpaese.info\/index.php\/wp-json\/wp\/v2\/posts\/3965","targetHints":{"allow":["GET"]}}],"collection":[{"href":"https:\/\/acquaviva.lavocedelpaese.info\/index.php\/wp-json\/wp\/v2\/posts"}],"about":[{"href":"https:\/\/acquaviva.lavocedelpaese.info\/index.php\/wp-json\/wp\/v2\/types\/post"}],"author":[{"embeddable":true,"href":"https:\/\/acquaviva.lavocedelpaese.info\/index.php\/wp-json\/wp\/v2\/users\/4"}],"replies":[{"embeddable":true,"href":"https:\/\/acquaviva.lavocedelpaese.info\/index.php\/wp-json\/wp\/v2\/comments?post=3965"}],"version-history":[{"count":2,"href":"https:\/\/acquaviva.lavocedelpaese.info\/index.php\/wp-json\/wp\/v2\/posts\/3965\/revisions"}],"predecessor-version":[{"id":4004,"href":"https:\/\/acquaviva.lavocedelpaese.info\/index.php\/wp-json\/wp\/v2\/posts\/3965\/revisions\/4004"}],"wp:featuredmedia":[{"embeddable":true,"href":"https:\/\/acquaviva.lavocedelpaese.info\/index.php\/wp-json\/wp\/v2\/media\/3962"}],"wp:attachment":[{"href":"https:\/\/acquaviva.lavocedelpaese.info\/index.php\/wp-json\/wp\/v2\/media?parent=3965"}],"wp:term":[{"taxonomy":"category","embeddable":true,"href":"https:\/\/acquaviva.lavocedelpaese.info\/index.php\/wp-json\/wp\/v2\/categories?post=3965"},{"taxonomy":"post_tag","embeddable":true,"href":"https:\/\/acquaviva.lavocedelpaese.info\/index.php\/wp-json\/wp\/v2\/tags?post=3965"}],"curies":[{"name":"wp","href":"https:\/\/api.w.org\/{rel}","templated":true}]}}