{"id":3919,"date":"2024-03-16T16:06:00","date_gmt":"2024-03-16T16:06:00","guid":{"rendered":"https:\/\/acquaviva.lavocedelpaese.info\/?p=3919"},"modified":"2024-03-17T16:21:41","modified_gmt":"2024-03-17T16:21:41","slug":"lattesa-incontri-di-accompagnamento-alla-nascita","status":"publish","type":"post","link":"https:\/\/acquaviva.lavocedelpaese.info\/index.php\/2024\/03\/16\/lattesa-incontri-di-accompagnamento-alla-nascita\/","title":{"rendered":"\u201cL&#8217;attesa&#8230; incontri di accompagnamento alla nascita\u201d"},"content":{"rendered":"\n<p>\u201cDopo la presentazione pubblica dei giorni scorsi \u2013 ci comunica l&#8217;Assessore alle Politiche sociali Imma Morano- l&#8217;associazione &#8220;Il Melograno&#8221; si avvia a realizzare la progettualit\u00e0, da noi sostenuta al fine di promuovere una nuova cultura della maternit\u00e0, della nascita e dell&#8217;infanzia, che ci accompagner\u00e0 nel corso del 2024.<\/p>\n\n\n\n<p>Abbiamo inteso partire da qui, prima ancora della nascita, per iniziare ad avere cura delle persone &#8211; cittadini con l&#8217;obiettivo di provare a costruire una comunit\u00e0 curante ed educante.<\/p>\n\n\n\n<p>L&#8217;iniziativa pubblica svolta ha visto la partecipazione di istituzioni quali il Garante dei diritti dell&#8217;infanzia e dell&#8217;adolescenza, l&#8217;Ente Ecclesiastico &#8220;&#8216;Ospedale Miulli&#8221; e del Piano di Zona. Pubblichiamo di seguito la locandina degli appuntamenti a cura del Centro Informativo maternit\u00e0 e nascita &#8220;Il Melograno&#8221;.<\/p>\n\n\n\n<p>Gli incontri \u2013 prosegue l&#8217;Ass. Morano &#8211; si svolgeranno ad Acquaviva delle Fonti nella Scuola dell&#8217;Infanzia via &#8216;De Gasperi&#8217;, sono aperti e gratuiti per tutta la cittadinanza, ed hanno come titolo \u201cL&#8217;attesa&#8230; incontri di accompagnamento alla nascita\u201d.<\/p>\n\n\n\n<p>Il primo incontro si svolger\u00e0 (non a caso) il giorno della festa del pap\u00e0 nascer\u00e0 un bambino ma nasceranno anche una mamma e un pap\u00e0&#8230; perci\u00f2 cari pap\u00e0 siete i benvenuti\u201d.<\/p>\n\n\n\n<p><\/p>\n\n\n\n<figure class=\"wp-block-image size-full\"><img decoding=\"async\" width=\"565\" height=\"800\" src=\"https:\/\/acquaviva.lavocedelpaese.info\/wp-content\/uploads\/2024\/03\/429568684_1166911087626944_995060836575884487_n-2.jpg\" alt=\"\" class=\"wp-image-3923\" srcset=\"https:\/\/acquaviva.lavocedelpaese.info\/wp-content\/uploads\/2024\/03\/429568684_1166911087626944_995060836575884487_n-2.jpg 565w, https:\/\/acquaviva.lavocedelpaese.info\/wp-content\/uploads\/2024\/03\/429568684_1166911087626944_995060836575884487_n-2-212x300.jpg 212w\" sizes=\"(max-width: 565px) 100vw, 565px\" \/><\/figure>\n\n\n\n<p><\/p>\n\n\n\n<figure class=\"wp-block-image size-full\"><img decoding=\"async\" width=\"750\" height=\"416\" src=\"https:\/\/acquaviva.lavocedelpaese.info\/wp-content\/uploads\/2024\/03\/432412197_122170536098023606_4478399390167255215_n.jpg\" alt=\"\" class=\"wp-image-3921\" srcset=\"https:\/\/acquaviva.lavocedelpaese.info\/wp-content\/uploads\/2024\/03\/432412197_122170536098023606_4478399390167255215_n.jpg 750w, https:\/\/acquaviva.lavocedelpaese.info\/wp-content\/uploads\/2024\/03\/432412197_122170536098023606_4478399390167255215_n-300x166.jpg 300w\" sizes=\"(max-width: 750px) 100vw, 750px\" \/><\/figure>\n\n\n\n<figure class=\"wp-block-image size-full\"><img decoding=\"async\" width=\"566\" height=\"800\" src=\"https:\/\/acquaviva.lavocedelpaese.info\/wp-content\/uploads\/2024\/03\/433634054_122170535420023606_6927926857121479922_n.jpg\" alt=\"\" class=\"wp-image-3920\" srcset=\"https:\/\/acquaviva.lavocedelpaese.info\/wp-content\/uploads\/2024\/03\/433634054_122170535420023606_6927926857121479922_n.jpg 566w, https:\/\/acquaviva.lavocedelpaese.info\/wp-content\/uploads\/2024\/03\/433634054_122170535420023606_6927926857121479922_n-212x300.jpg 212w\" sizes=\"(max-width: 566px) 100vw, 566px\" \/><\/figure>\n","protected":false},"excerpt":{"rendered":"<p>\u201cDopo la presentazione pubblica dei giorni scorsi \u2013 ci comunica l&#8217;Assessore alle Politiche sociali Imma Morano- l&#8217;associazione &#8220;Il Melograno&#8221; si<\/p>\n","protected":false},"author":4,"featured_media":3922,"comment_status":"open","ping_status":"closed","sticky":false,"template":"","format":"standard","meta":{"colormag_page_container_layout":"default_layout","colormag_page_sidebar_layout":"default_layout","_monsterinsights_skip_tracking":false,"_monsterinsights_sitenote_active":false,"_monsterinsights_sitenote_note":"","_monsterinsights_sitenote_category":0,"footnotes":""},"categories":[3,33],"tags":[],"class_list":["post-3919","post","type-post","status-publish","format-standard","has-post-thumbnail","hentry","category-politica","category-spalla"],"_links":{"self":[{"href":"https:\/\/acquaviva.lavocedelpaese.info\/index.php\/wp-json\/wp\/v2\/posts\/3919","targetHints":{"allow":["GET"]}}],"collection":[{"href":"https:\/\/acquaviva.lavocedelpaese.info\/index.php\/wp-json\/wp\/v2\/posts"}],"about":[{"href":"https:\/\/acquaviva.lavocedelpaese.info\/index.php\/wp-json\/wp\/v2\/types\/post"}],"author":[{"embeddable":true,"href":"https:\/\/acquaviva.lavocedelpaese.info\/index.php\/wp-json\/wp\/v2\/users\/4"}],"replies":[{"embeddable":true,"href":"https:\/\/acquaviva.lavocedelpaese.info\/index.php\/wp-json\/wp\/v2\/comments?post=3919"}],"version-history":[{"count":1,"href":"https:\/\/acquaviva.lavocedelpaese.info\/index.php\/wp-json\/wp\/v2\/posts\/3919\/revisions"}],"predecessor-version":[{"id":3924,"href":"https:\/\/acquaviva.lavocedelpaese.info\/index.php\/wp-json\/wp\/v2\/posts\/3919\/revisions\/3924"}],"wp:featuredmedia":[{"embeddable":true,"href":"https:\/\/acquaviva.lavocedelpaese.info\/index.php\/wp-json\/wp\/v2\/media\/3922"}],"wp:attachment":[{"href":"https:\/\/acquaviva.lavocedelpaese.info\/index.php\/wp-json\/wp\/v2\/media?parent=3919"}],"wp:term":[{"taxonomy":"category","embeddable":true,"href":"https:\/\/acquaviva.lavocedelpaese.info\/index.php\/wp-json\/wp\/v2\/categories?post=3919"},{"taxonomy":"post_tag","embeddable":true,"href":"https:\/\/acquaviva.lavocedelpaese.info\/index.php\/wp-json\/wp\/v2\/tags?post=3919"}],"curies":[{"name":"wp","href":"https:\/\/api.w.org\/{rel}","templated":true}]}}