{"id":3909,"date":"2024-03-13T18:05:46","date_gmt":"2024-03-13T18:05:46","guid":{"rendered":"https:\/\/acquaviva.lavocedelpaese.info\/?p=3909"},"modified":"2024-03-17T16:22:07","modified_gmt":"2024-03-17T16:22:07","slug":"acquaviva-primo-dibattito-pubblico-su-ztl-nel-centro-storico","status":"publish","type":"post","link":"https:\/\/acquaviva.lavocedelpaese.info\/index.php\/2024\/03\/13\/acquaviva-primo-dibattito-pubblico-su-ztl-nel-centro-storico\/","title":{"rendered":"Acquaviva, primo dibattito pubblico su Ztl nel centro storico"},"content":{"rendered":"\n<p>Si \u00e8 tenuto nella sala Colafemmina il primo incontro di dibattito pubblico in vista dell\u2019avvio della Zona a Traffico Limitato nel centro storico.<\/p>\n\n\n\n<p>Il sindaco Marco Lenoci, l\u2019assessore alla Mobilit\u00e0, Gianni Spinelli, e i consiglieri comunali Pietro D\u2019Antini e Francesco Saturno, hanno illustrato i tratti salienti del regolamento e hanno recepito le indicazioni ricevute dagli intervenuti.<\/p>\n\n\n\n<p>L\u2019intento dell\u2019amministrazione comunale, espresso dai rappresentanti istituzionali, \u00e8 quello di intervenire, laddove possibile, sul regolamento in modo da renderlo pi\u00f9 efficace nei suoi obiettivi ma anche pi\u00f9 aderente alle esigenze di residenti e attivit\u00e0 commerciali.<\/p>\n\n\n\n<p>Il regolamento sperimentale \u00e8 stato approvato, con le sue limitazioni temporali e territoriali, ma non \u00e8 ancora in esercizio visto che nei prossimi mesi verranno realizzate le opere necessarie, come i cinque varchi, e si terranno i corsi di formazione per il personale della Polizia locale. Di conseguenza, sar\u00e0 possibile apportare ulteriori modifiche.<\/p>\n\n\n\n<p>Marco Lenoci, sindaco di Acquaviva: \u201c\u00c8 stato solo il primo appuntamento per discutere insieme con residenti ed esercenti del centro storico e risolvere le criticit\u00e0 del regolamento. L\u2019intento di questa amministrazione \u00e8 migliorare la qualit\u00e0 della vita sia di chi ci abita ma anche di chi ci lavora e di chi, soprattutto nei mesi primaverili ed estivi, frequenta o visita le vie e i luoghi del borgo antico\u201d.<\/p>\n\n\n\n<figure class=\"wp-block-image size-full\"><img decoding=\"async\" src=\"https:\/\/acquaviva.lavocedelpaese.info\/wp-content\/uploads\/2024\/03\/dibattito-pubblico-su-ztl-ad-acquavivia.jpg\" alt=\"\" class=\"wp-image-3910\" \/><\/figure>\n","protected":false},"excerpt":{"rendered":"<p>Si \u00e8 tenuto nella sala Colafemmina il primo incontro di dibattito pubblico in vista dell\u2019avvio della Zona a Traffico Limitato<\/p>\n","protected":false},"author":4,"featured_media":3910,"comment_status":"open","ping_status":"closed","sticky":false,"template":"","format":"standard","meta":{"colormag_page_container_layout":"default_layout","colormag_page_sidebar_layout":"default_layout","_monsterinsights_skip_tracking":false,"_monsterinsights_sitenote_active":false,"_monsterinsights_sitenote_note":"","_monsterinsights_sitenote_category":0,"footnotes":""},"categories":[3,33],"tags":[],"class_list":["post-3909","post","type-post","status-publish","format-standard","has-post-thumbnail","hentry","category-politica","category-spalla"],"_links":{"self":[{"href":"https:\/\/acquaviva.lavocedelpaese.info\/index.php\/wp-json\/wp\/v2\/posts\/3909","targetHints":{"allow":["GET"]}}],"collection":[{"href":"https:\/\/acquaviva.lavocedelpaese.info\/index.php\/wp-json\/wp\/v2\/posts"}],"about":[{"href":"https:\/\/acquaviva.lavocedelpaese.info\/index.php\/wp-json\/wp\/v2\/types\/post"}],"author":[{"embeddable":true,"href":"https:\/\/acquaviva.lavocedelpaese.info\/index.php\/wp-json\/wp\/v2\/users\/4"}],"replies":[{"embeddable":true,"href":"https:\/\/acquaviva.lavocedelpaese.info\/index.php\/wp-json\/wp\/v2\/comments?post=3909"}],"version-history":[{"count":1,"href":"https:\/\/acquaviva.lavocedelpaese.info\/index.php\/wp-json\/wp\/v2\/posts\/3909\/revisions"}],"predecessor-version":[{"id":3911,"href":"https:\/\/acquaviva.lavocedelpaese.info\/index.php\/wp-json\/wp\/v2\/posts\/3909\/revisions\/3911"}],"wp:featuredmedia":[{"embeddable":true,"href":"https:\/\/acquaviva.lavocedelpaese.info\/index.php\/wp-json\/wp\/v2\/media\/3910"}],"wp:attachment":[{"href":"https:\/\/acquaviva.lavocedelpaese.info\/index.php\/wp-json\/wp\/v2\/media?parent=3909"}],"wp:term":[{"taxonomy":"category","embeddable":true,"href":"https:\/\/acquaviva.lavocedelpaese.info\/index.php\/wp-json\/wp\/v2\/categories?post=3909"},{"taxonomy":"post_tag","embeddable":true,"href":"https:\/\/acquaviva.lavocedelpaese.info\/index.php\/wp-json\/wp\/v2\/tags?post=3909"}],"curies":[{"name":"wp","href":"https:\/\/api.w.org\/{rel}","templated":true}]}}