{"id":3901,"date":"2024-03-11T15:20:44","date_gmt":"2024-03-11T15:20:44","guid":{"rendered":"https:\/\/acquaviva.lavocedelpaese.info\/?p=3901"},"modified":"2024-03-11T16:27:26","modified_gmt":"2024-03-11T16:27:26","slug":"acquaviva-iniziativa-su-maternita-e-paternita-consapevoli","status":"publish","type":"post","link":"https:\/\/acquaviva.lavocedelpaese.info\/index.php\/2024\/03\/11\/acquaviva-iniziativa-su-maternita-e-paternita-consapevoli\/","title":{"rendered":"Acquaviva, iniziativa su maternit\u00e0 e paternit\u00e0 consapevoli"},"content":{"rendered":"\n<p>Il lieto evento di una nascita non riguarda solo il nascituro ma anche i suoi genitori. In quest\u2019ottica, l\u2019amministrazione comunale di Acquaviva ha inteso sostenere le attivit\u00e0 dell\u2019associazione \u201cIl Melograno\u201d e promuove un\u2019iniziativa pubblica, il prossimo 13 marzo alle 17 nella sala Colafemmina di Palazzo De Mari.<\/p>\n\n\n\n<p>Il titolo \u201cUna comunit\u00e0 che cresce. Maternit\u00e0 e paternit\u00e0 consapevole\u201d rivela l\u2019obiettivo di valorizzare il delicato e quanto mai importante status di gravidanza e maternit\u00e0 attraverso la trattazione e l\u2019approfondimento di percorsi tematici, che conducano gli interessati dalla gravidanza fino ai 1000 giorni di vita del bambino. Un percorso che consenta alla donna e al suo partner di acquisire i giusti strumenti per maturare la consapevolezza della gravidanza, del parto, della genitorialit\u00e0, della trasformazione da coppia a famiglia e di tutti i temi interconnessi a tali esperienze.<\/p>\n\n\n\n<p>Sar\u00e0 l\u2019associazione \u201cIl Melograno\u201d, che opera su tutto il territorio nazionale da circa 40 anni e che da 12 \u00e8 presente anche nell\u2019area metropolitana di Bari, a realizzare l\u2019intero programma delle iniziative per il 2024, che verr\u00e0 presentato nell\u2019incontro del 13 marzo.<\/p>\n\n\n\n<p>Dopo i saluti del sindaco Marco Lenoci, dell\u2019assessora alle Politiche sociali, Imma Morano, e del presidente dell\u2019Ordine degli assistenti sociali Croas Puglia, Filomena Matera, interverranno il garante dei diritti del minore della Regione Puglia, Ludovico Abbaticchio, il dirigente medico del Miulli, Linda De Ruvo, l\u2019ostetrica Monica Santamaria, la presidente dell\u2019associazione \u201cIl Melograno, Maria Lucrezia Calefati, l\u2019ostetrica dell\u2019associazione, Marialaura Simone, e la coordinatrice del Piano d\u2019Ambito Territoriale di Grumo Appula, Marisa Santamaria. Moderer\u00e0 l\u2019assistente sociale in forza al Comune di Acquaviva, Loredana Netti.<\/p>\n\n\n\n<p>\u201cOgni nascita \u00e8 un bene comune di cui la comunit\u00e0 deve prendersi cura sviluppando un pensiero collettivo e un involucro empatico sociale non giudicante \u2013 esordisce l\u2019assessora alle Politiche sociali, Imma Morano -. Sono molto contenta dell\u2019adesione del garante regionale dei diritti dei minori, della coordinatrice dell\u2019Ufficio del nostro \u201cPiano di zona\u201d e della testimonianza dell\u2019ospedale Miulli, che da anni con il centro nascite accoglie e accompagna genitori e figli; presenze e testimonianze significative per la costruzione di una comunit\u00e0 educante \u2013 conclude Morano -, attenta alla crescita e alla educazione\u201d.<\/p>\n\n\n\n<p>\u201cUn bambino non \u00e8 solo una nascita \u2013 spiega il sindaco Marco Lenoci \u2013 \u00e8 un ecosistema che prende vita, con tutti i suoi protagonisti, con tutti gli impegni e le responsabilit\u00e0 a loro affidate. L\u2019amministrazione comunale, in questo senso, pu\u00f2 favorire momenti di incontro e confronto che non possono che giovare a coloro che hanno gi\u00e0 fatto una scelta o sono in procinto di farla. La genitorialit\u00e0 \u00e8 una decisione che non contempla ritoni alla condizione iniziale; quindi, bisogna esserne consapevoli e viverla al meglio, per se stessi e per i figli\u201d.<\/p>\n\n\n\n<figure class=\"wp-block-image size-full\"><img decoding=\"async\" src=\"https:\/\/acquaviva.lavocedelpaese.info\/wp-content\/uploads\/2024\/03\/429568684_1166911087626944_995060836575884487_n-1.jpg\" alt=\"\" class=\"wp-image-3902\" \/><\/figure>\n","protected":false},"excerpt":{"rendered":"<p>Il lieto evento di una nascita non riguarda solo il nascituro ma anche i suoi genitori. In quest\u2019ottica, l\u2019amministrazione comunale<\/p>\n","protected":false},"author":4,"featured_media":3902,"comment_status":"open","ping_status":"closed","sticky":false,"template":"","format":"standard","meta":{"colormag_page_container_layout":"default_layout","colormag_page_sidebar_layout":"default_layout","_monsterinsights_skip_tracking":false,"_monsterinsights_sitenote_active":false,"_monsterinsights_sitenote_note":"","_monsterinsights_sitenote_category":0,"footnotes":""},"categories":[2,33],"tags":[],"class_list":["post-3901","post","type-post","status-publish","format-standard","has-post-thumbnail","hentry","category-attualita","category-spalla"],"_links":{"self":[{"href":"https:\/\/acquaviva.lavocedelpaese.info\/index.php\/wp-json\/wp\/v2\/posts\/3901","targetHints":{"allow":["GET"]}}],"collection":[{"href":"https:\/\/acquaviva.lavocedelpaese.info\/index.php\/wp-json\/wp\/v2\/posts"}],"about":[{"href":"https:\/\/acquaviva.lavocedelpaese.info\/index.php\/wp-json\/wp\/v2\/types\/post"}],"author":[{"embeddable":true,"href":"https:\/\/acquaviva.lavocedelpaese.info\/index.php\/wp-json\/wp\/v2\/users\/4"}],"replies":[{"embeddable":true,"href":"https:\/\/acquaviva.lavocedelpaese.info\/index.php\/wp-json\/wp\/v2\/comments?post=3901"}],"version-history":[{"count":1,"href":"https:\/\/acquaviva.lavocedelpaese.info\/index.php\/wp-json\/wp\/v2\/posts\/3901\/revisions"}],"predecessor-version":[{"id":3903,"href":"https:\/\/acquaviva.lavocedelpaese.info\/index.php\/wp-json\/wp\/v2\/posts\/3901\/revisions\/3903"}],"wp:featuredmedia":[{"embeddable":true,"href":"https:\/\/acquaviva.lavocedelpaese.info\/index.php\/wp-json\/wp\/v2\/media\/3902"}],"wp:attachment":[{"href":"https:\/\/acquaviva.lavocedelpaese.info\/index.php\/wp-json\/wp\/v2\/media?parent=3901"}],"wp:term":[{"taxonomy":"category","embeddable":true,"href":"https:\/\/acquaviva.lavocedelpaese.info\/index.php\/wp-json\/wp\/v2\/categories?post=3901"},{"taxonomy":"post_tag","embeddable":true,"href":"https:\/\/acquaviva.lavocedelpaese.info\/index.php\/wp-json\/wp\/v2\/tags?post=3901"}],"curies":[{"name":"wp","href":"https:\/\/api.w.org\/{rel}","templated":true}]}}