{"id":3870,"date":"2024-03-07T18:21:00","date_gmt":"2024-03-07T18:21:00","guid":{"rendered":"https:\/\/acquaviva.lavocedelpaese.info\/?p=3870"},"modified":"2024-03-08T05:26:44","modified_gmt":"2024-03-08T05:26:44","slug":"acquaviva-presentato-il-piano-per-leliminazione-delle-barriere-architettoniche","status":"publish","type":"post","link":"https:\/\/acquaviva.lavocedelpaese.info\/index.php\/2024\/03\/07\/acquaviva-presentato-il-piano-per-leliminazione-delle-barriere-architettoniche\/","title":{"rendered":"Acquaviva, presentato il piano per l\u2019eliminazione delle barriere architettoniche"},"content":{"rendered":"\n<p>Si \u00e8 tenuto ieri sera nella sala Colafemmina di Palazzo De Mari, l\u2019appuntamento dedicato al Peba (Piano eliminazione barriere architettoniche).<br>L\u2019architetta Alessandra Marsico, progettista del Peba di Acquaviva, ha snocciolato le criticit\u00e0 e le possibili soluzioni per migliorare concretamente la situazione. \u00c8 stato promosso, inoltre, il questionario che punta a rilevare con maggiore precisione le indicazioni dei cittadini.<\/p>\n\n\n\n<p>Il sindaco Marco Lenoci: \u201cQuello di stasera \u00e8 solo il primo passo perch\u00e9 il tema della disabilit\u00e0 riguarda tutti. Una citt\u00e0 accessibile ai pi\u00f9 fragili \u00e8 una citt\u00e0 accessibile per tutti. Un\u2019azione efficace che non si limita al legittimo ottenimento di un diritto da parte di tante donne e tanti uomini ma che consenta anche di valorizzare la proposta acquavivese in termini di attrattivit\u00e0, economica e turistica\u201d.<\/p>\n\n\n\n<p>Il disability manager Nicola Marzano, vicepresidente della SiDiMa (Societ\u00e0 italiana Disability Manager) ha evidenziato: \u201cSiamo in forte ritardo rispetto a quanto indicato dalla convenzione ONU e dall\u2019agenda 2030 ma grazie ad occasioni di coprogettazione, come quella di stasera, possiamo fare passi da gigante. I cittadini non possono pi\u00f9 rimanere sullo sfondo di questo processo, il tempo delle consulte \u00e8 finito, ora serve coprogettare e agire\u201d.<\/p>\n\n\n\n<p>L\u2019assessore ai Lavori Pubblci, Mariagrazia Barbieri, ha aggiunto: \u201cLa disabilit\u00e0 \u00e8 un argomento che tocca tutti e l\u2019eliminazione delle barriere architettoniche pu\u00f2 avvenire solo con un piano condiviso, dalla politica e dai tecnici ma soprattutto dai cittadini. Sono loro i protagonisti e sono loro a fornire preziosi suggerimenti\u201d.<\/p>\n\n\n\n<p>L\u2019assessora alle Politiche sociali, Imma Morano, ha sottolineato: \u201cLavoriamo insieme perch\u00e9 servono competenze trasversali per redigere un peba efficace e puntale. Qui oggi abbiamo dato la traccia della nostra azione amministrativa, aprendoci alla cittadinanza perch\u00e9 il processo partecipativo \u00e8 imprescindibile. Disabilit\u00e0 impone attenzione alle esigenze delle persone, una sensibilit\u00e0 tutto sommato recente, se pensiamo che l\u2019Italia ha ratificato solo nel 2009 la convenzione Onu. La condizione di disabilit\u00e0 pu\u00f2 riguardare chiunque nell\u2019arco di una vita e quindi non \u00e8 un tema ristretto. In quest\u2019ottica, ci impegneremo ad agevolare ogni opportunit\u00e0 di rimozione delle barriere architettoniche per una citt\u00e0 sempre pi\u00f9 inclusiva\u201d.<\/p>\n","protected":false},"excerpt":{"rendered":"<p>Si \u00e8 tenuto ieri sera nella sala Colafemmina di Palazzo De Mari, l\u2019appuntamento dedicato al Peba (Piano eliminazione barriere architettoniche).L\u2019architetta<\/p>\n","protected":false},"author":4,"featured_media":3871,"comment_status":"open","ping_status":"closed","sticky":false,"template":"","format":"standard","meta":{"colormag_page_container_layout":"default_layout","colormag_page_sidebar_layout":"default_layout","_monsterinsights_skip_tracking":false,"_monsterinsights_sitenote_active":false,"_monsterinsights_sitenote_note":"","_monsterinsights_sitenote_category":0,"footnotes":""},"categories":[3,33],"tags":[],"class_list":["post-3870","post","type-post","status-publish","format-standard","has-post-thumbnail","hentry","category-politica","category-spalla"],"_links":{"self":[{"href":"https:\/\/acquaviva.lavocedelpaese.info\/index.php\/wp-json\/wp\/v2\/posts\/3870","targetHints":{"allow":["GET"]}}],"collection":[{"href":"https:\/\/acquaviva.lavocedelpaese.info\/index.php\/wp-json\/wp\/v2\/posts"}],"about":[{"href":"https:\/\/acquaviva.lavocedelpaese.info\/index.php\/wp-json\/wp\/v2\/types\/post"}],"author":[{"embeddable":true,"href":"https:\/\/acquaviva.lavocedelpaese.info\/index.php\/wp-json\/wp\/v2\/users\/4"}],"replies":[{"embeddable":true,"href":"https:\/\/acquaviva.lavocedelpaese.info\/index.php\/wp-json\/wp\/v2\/comments?post=3870"}],"version-history":[{"count":1,"href":"https:\/\/acquaviva.lavocedelpaese.info\/index.php\/wp-json\/wp\/v2\/posts\/3870\/revisions"}],"predecessor-version":[{"id":3872,"href":"https:\/\/acquaviva.lavocedelpaese.info\/index.php\/wp-json\/wp\/v2\/posts\/3870\/revisions\/3872"}],"wp:featuredmedia":[{"embeddable":true,"href":"https:\/\/acquaviva.lavocedelpaese.info\/index.php\/wp-json\/wp\/v2\/media\/3871"}],"wp:attachment":[{"href":"https:\/\/acquaviva.lavocedelpaese.info\/index.php\/wp-json\/wp\/v2\/media?parent=3870"}],"wp:term":[{"taxonomy":"category","embeddable":true,"href":"https:\/\/acquaviva.lavocedelpaese.info\/index.php\/wp-json\/wp\/v2\/categories?post=3870"},{"taxonomy":"post_tag","embeddable":true,"href":"https:\/\/acquaviva.lavocedelpaese.info\/index.php\/wp-json\/wp\/v2\/tags?post=3870"}],"curies":[{"name":"wp","href":"https:\/\/api.w.org\/{rel}","templated":true}]}}