{"id":3820,"date":"2024-03-05T17:43:50","date_gmt":"2024-03-05T17:43:50","guid":{"rendered":"https:\/\/acquaviva.lavocedelpaese.info\/?p=3820"},"modified":"2024-03-05T18:06:07","modified_gmt":"2024-03-05T18:06:07","slug":"dalla-reclame-alle-piattaforme-le-donne-e-la-pubblicita","status":"publish","type":"post","link":"https:\/\/acquaviva.lavocedelpaese.info\/index.php\/2024\/03\/05\/dalla-reclame-alle-piattaforme-le-donne-e-la-pubblicita\/","title":{"rendered":"Dalla R\u00e9clame alle piattaforme: le donne e la pubblicit\u00e0"},"content":{"rendered":"\n<p>L&#8217;Universit\u00e0 della Terza Et\u00e0 di Acquaviva delle Fonti organizza venerd\u00ec 8 marzo 2024 alle ore 18:00 nella Sala &#8220;G. Angelillo&#8221; di Palazzo di Citt\u00e0 l&#8217;incontro &#8220;Dalla R\u00e9clame alle piattaforme: le donne e la pubblicit\u00e0&#8221;. Relaziona la prof.ssa Patrizia Calefato, ordinario di Sociologia dei processi culturali e comunicativi- Universit\u00e0 degli Studi di Bari &#8220;A. Moro&#8221;.<\/p>\n\n\n\n<p>&#8220;Celebriamo la Giornata Internazionale della Donna- comunica la prof.ssa <strong>Mariella Nardulli<\/strong>, Presidente dell&#8217;UTE di Acquaviva-  ripercorrendo, attraverso i mezzi di comunicazione, le fasi del cambiamento, gli stereotipi femminili.<\/p>\n\n\n\n<p>La cittadinanza \u00e8 invitata&#8221;.<\/p>\n\n\n\n<p><\/p>\n\n\n\n<p><\/p>\n\n\n\n<figure class=\"wp-block-image size-full\"><img decoding=\"async\" width=\"550\" height=\"800\" src=\"https:\/\/acquaviva.lavocedelpaese.info\/wp-content\/uploads\/2024\/03\/429786031_10231491408897354_423007007949110148_n.jpg\" alt=\"\" class=\"wp-image-3821\" srcset=\"https:\/\/acquaviva.lavocedelpaese.info\/wp-content\/uploads\/2024\/03\/429786031_10231491408897354_423007007949110148_n.jpg 550w, https:\/\/acquaviva.lavocedelpaese.info\/wp-content\/uploads\/2024\/03\/429786031_10231491408897354_423007007949110148_n-206x300.jpg 206w\" sizes=\"(max-width: 550px) 100vw, 550px\" \/><\/figure>\n","protected":false},"excerpt":{"rendered":"<p>L&#8217;Universit\u00e0 della Terza Et\u00e0 di Acquaviva delle Fonti organizza venerd\u00ec 8 marzo 2024 alle ore 18:00 nella Sala &#8220;G. Angelillo&#8221;<\/p>\n","protected":false},"author":4,"featured_media":3822,"comment_status":"open","ping_status":"closed","sticky":false,"template":"","format":"standard","meta":{"colormag_page_container_layout":"default_layout","colormag_page_sidebar_layout":"default_layout","_monsterinsights_skip_tracking":false,"_monsterinsights_sitenote_active":false,"_monsterinsights_sitenote_note":"","_monsterinsights_sitenote_category":0,"footnotes":""},"categories":[5,33],"tags":[],"class_list":["post-3820","post","type-post","status-publish","format-standard","has-post-thumbnail","hentry","category-cultura","category-spalla"],"_links":{"self":[{"href":"https:\/\/acquaviva.lavocedelpaese.info\/index.php\/wp-json\/wp\/v2\/posts\/3820","targetHints":{"allow":["GET"]}}],"collection":[{"href":"https:\/\/acquaviva.lavocedelpaese.info\/index.php\/wp-json\/wp\/v2\/posts"}],"about":[{"href":"https:\/\/acquaviva.lavocedelpaese.info\/index.php\/wp-json\/wp\/v2\/types\/post"}],"author":[{"embeddable":true,"href":"https:\/\/acquaviva.lavocedelpaese.info\/index.php\/wp-json\/wp\/v2\/users\/4"}],"replies":[{"embeddable":true,"href":"https:\/\/acquaviva.lavocedelpaese.info\/index.php\/wp-json\/wp\/v2\/comments?post=3820"}],"version-history":[{"count":1,"href":"https:\/\/acquaviva.lavocedelpaese.info\/index.php\/wp-json\/wp\/v2\/posts\/3820\/revisions"}],"predecessor-version":[{"id":3823,"href":"https:\/\/acquaviva.lavocedelpaese.info\/index.php\/wp-json\/wp\/v2\/posts\/3820\/revisions\/3823"}],"wp:featuredmedia":[{"embeddable":true,"href":"https:\/\/acquaviva.lavocedelpaese.info\/index.php\/wp-json\/wp\/v2\/media\/3822"}],"wp:attachment":[{"href":"https:\/\/acquaviva.lavocedelpaese.info\/index.php\/wp-json\/wp\/v2\/media?parent=3820"}],"wp:term":[{"taxonomy":"category","embeddable":true,"href":"https:\/\/acquaviva.lavocedelpaese.info\/index.php\/wp-json\/wp\/v2\/categories?post=3820"},{"taxonomy":"post_tag","embeddable":true,"href":"https:\/\/acquaviva.lavocedelpaese.info\/index.php\/wp-json\/wp\/v2\/tags?post=3820"}],"curies":[{"name":"wp","href":"https:\/\/api.w.org\/{rel}","templated":true}]}}