{"id":3813,"date":"2024-03-05T14:00:00","date_gmt":"2024-03-05T14:00:00","guid":{"rendered":"https:\/\/acquaviva.lavocedelpaese.info\/?p=3813"},"modified":"2024-03-05T16:21:46","modified_gmt":"2024-03-05T16:21:46","slug":"acquaviva-la-conta-delle-mezze-pezze-in-favore-di-maria-ss-di-costantinopoli","status":"publish","type":"post","link":"https:\/\/acquaviva.lavocedelpaese.info\/index.php\/2024\/03\/05\/acquaviva-la-conta-delle-mezze-pezze-in-favore-di-maria-ss-di-costantinopoli\/","title":{"rendered":"Acquaviva, la conta delle mezze pezze in favore di Maria SS. di Costantinopoli"},"content":{"rendered":"\n<p>Si \u00e8 tenuta questa mattina nella concattedrale di Sant\u2019Eustachio Martire ad Acquaviva delle Fonti la consueta con concelebrazione eucaristica con la conta delle mezze pezze.<\/p>\n\n\n\n<p>Un rito che affonda le sue radici nel lontano 1656 e con il quale il Comune, allora denominato Universit\u00e0, faceva atto formale e irrevocabile di costituzione di un censo di 50 mezze pezze di argento a favore della Santa Vergine Maria SS. di Costantinopoli, per aver salvato la citt\u00e0 dalla pestilenza del 1641.<\/p>\n\n\n\n<p>L\u2019amministrazione comunale, pertanto, ha determinato in 1.000 euro il contributo annuale di partecipazione per il 2024, alle spese dei festeggiamenti in onore della Patrona Maria SS. di Costantinopoli, e ha dato mandato alla tesoreria comunale di pagare il titolo nelle mani del Procuratore pro-tempore del Capitolo Cattedrale Acquaviva delle Fonti.<\/p>\n\n\n\n<p>Per il sindaco Marco Lenoci non si tratta di un semplice rituale. \u201c\u00c8 legittimo versare un contributo ad un ente ecclesiale nel momento in cui c\u2019\u00e8 correlazione tra entit\u00e0 della sovvenzione e finalit\u00e0 pubblica perseguita. Tuttavia, tale tradizione viene considerata dai cittadini non solo utile ma imprescindibilmente connessa ai valori storici e identitari della comunit\u00e0 stessa. La finalit\u00e0 pubblica \u00e8 giustificata dalla necessit\u00e0 di tutelare una tradizione storica della comunit\u00e0 che si tramanda di generazione in generazione da 368 anni. Per queste ragioni, l\u2019amministrazione comunale ha ritenuto di proseguire nel solco di una consuetudine che rappresenta una tradizione che \u00e8 storia e identit\u00e0 per le cittadine e i cittadini di Acquaviva\u201d.<\/p>\n\n\n\n<figure class=\"wp-block-image size-full\"><img decoding=\"async\" width=\"1000\" height=\"563\" src=\"https:\/\/acquaviva.lavocedelpaese.info\/wp-content\/uploads\/2024\/03\/rito-conta-mezze-pezze-ad-acquaviva.jpg\" alt=\"\" class=\"wp-image-3814\" srcset=\"https:\/\/acquaviva.lavocedelpaese.info\/wp-content\/uploads\/2024\/03\/rito-conta-mezze-pezze-ad-acquaviva.jpg 1000w, https:\/\/acquaviva.lavocedelpaese.info\/wp-content\/uploads\/2024\/03\/rito-conta-mezze-pezze-ad-acquaviva-300x169.jpg 300w, https:\/\/acquaviva.lavocedelpaese.info\/wp-content\/uploads\/2024\/03\/rito-conta-mezze-pezze-ad-acquaviva-768x432.jpg 768w\" sizes=\"(max-width: 1000px) 100vw, 1000px\" \/><\/figure>\n","protected":false},"excerpt":{"rendered":"<p>Si \u00e8 tenuta questa mattina nella concattedrale di Sant\u2019Eustachio Martire ad Acquaviva delle Fonti la consueta con concelebrazione eucaristica con<\/p>\n","protected":false},"author":4,"featured_media":3815,"comment_status":"open","ping_status":"closed","sticky":false,"template":"","format":"standard","meta":{"colormag_page_container_layout":"default_layout","colormag_page_sidebar_layout":"default_layout","_monsterinsights_skip_tracking":false,"_monsterinsights_sitenote_active":false,"_monsterinsights_sitenote_note":"","_monsterinsights_sitenote_category":0,"footnotes":""},"categories":[2,33],"tags":[],"class_list":["post-3813","post","type-post","status-publish","format-standard","has-post-thumbnail","hentry","category-attualita","category-spalla"],"_links":{"self":[{"href":"https:\/\/acquaviva.lavocedelpaese.info\/index.php\/wp-json\/wp\/v2\/posts\/3813","targetHints":{"allow":["GET"]}}],"collection":[{"href":"https:\/\/acquaviva.lavocedelpaese.info\/index.php\/wp-json\/wp\/v2\/posts"}],"about":[{"href":"https:\/\/acquaviva.lavocedelpaese.info\/index.php\/wp-json\/wp\/v2\/types\/post"}],"author":[{"embeddable":true,"href":"https:\/\/acquaviva.lavocedelpaese.info\/index.php\/wp-json\/wp\/v2\/users\/4"}],"replies":[{"embeddable":true,"href":"https:\/\/acquaviva.lavocedelpaese.info\/index.php\/wp-json\/wp\/v2\/comments?post=3813"}],"version-history":[{"count":1,"href":"https:\/\/acquaviva.lavocedelpaese.info\/index.php\/wp-json\/wp\/v2\/posts\/3813\/revisions"}],"predecessor-version":[{"id":3816,"href":"https:\/\/acquaviva.lavocedelpaese.info\/index.php\/wp-json\/wp\/v2\/posts\/3813\/revisions\/3816"}],"wp:featuredmedia":[{"embeddable":true,"href":"https:\/\/acquaviva.lavocedelpaese.info\/index.php\/wp-json\/wp\/v2\/media\/3815"}],"wp:attachment":[{"href":"https:\/\/acquaviva.lavocedelpaese.info\/index.php\/wp-json\/wp\/v2\/media?parent=3813"}],"wp:term":[{"taxonomy":"category","embeddable":true,"href":"https:\/\/acquaviva.lavocedelpaese.info\/index.php\/wp-json\/wp\/v2\/categories?post=3813"},{"taxonomy":"post_tag","embeddable":true,"href":"https:\/\/acquaviva.lavocedelpaese.info\/index.php\/wp-json\/wp\/v2\/tags?post=3813"}],"curies":[{"name":"wp","href":"https:\/\/api.w.org\/{rel}","templated":true}]}}