{"id":3809,"date":"2024-03-05T16:13:13","date_gmt":"2024-03-05T16:13:13","guid":{"rendered":"https:\/\/acquaviva.lavocedelpaese.info\/?p=3809"},"modified":"2024-03-05T16:13:14","modified_gmt":"2024-03-05T16:13:14","slug":"8-9-e-10-marzo-bentornata-gardensia","status":"publish","type":"post","link":"https:\/\/acquaviva.lavocedelpaese.info\/index.php\/2024\/03\/05\/8-9-e-10-marzo-bentornata-gardensia\/","title":{"rendered":"8, 9 e 10 Marzo. Bentornata Gardensia"},"content":{"rendered":"\n<p><a><\/a> Venerd\u00ec 8, Sabato 9 e Domenica 10 Marzo 2024 dalle 10:00 alle 13:00 presso la sede della&nbsp;Pro Loco Curtomartino&nbsp;in Piazza Vittorio Emanuele II, 37 con&nbsp;Rotaract Club \u201cAcquaviva delle Fonti-Gioia del Colle\u201d, per l\u2019iniziativa&nbsp;GARDENSIA 2024&nbsp;a cura dell\u2019AISM \u2013 Associazione Italiana Sclerosi Multipla.<\/p>\n\n\n\n<p><br>In Italia si stimano oggi&nbsp;126 mila persone affette da Sclerosi Multipla&nbsp;e le donne hanno una probabilit\u00e0 due volte pi\u00f9 alta di ammalarsi rispetto agli uomini.<br><br>Grazie all\u2019impegno di AISM in una prospettiva d\u2019insieme che abbraccia il tema dei diritti delle persone con SM, i servizi sanitari e socio-sanitari, la promozione, l\u2019indirizzo e il finanziamento della ricerca scientifica, \u00e8 migliorata la capacit\u00e0 di fare diagnosi e le persone con SM vivono pi\u00f9 a lungo.<\/p>\n\n\n\n<p><br>Scegli la tua pianta\u00a0gardenia, di\u00a0ortensia\u00a0o entrambe\u00a0 e dona 15,00\u20ac per sostenere la ricerca scientifica e il supporto alle persone con SM.<\/p>\n\n\n\n<figure class=\"wp-block-image size-full\"><img decoding=\"async\" width=\"565\" height=\"800\" src=\"https:\/\/acquaviva.lavocedelpaese.info\/wp-content\/uploads\/2024\/03\/Immagine-WhatsApp-2024-03-05-ore-16.16.32_fe5693f1.jpg\" alt=\"\" class=\"wp-image-3810\" srcset=\"https:\/\/acquaviva.lavocedelpaese.info\/wp-content\/uploads\/2024\/03\/Immagine-WhatsApp-2024-03-05-ore-16.16.32_fe5693f1.jpg 565w, https:\/\/acquaviva.lavocedelpaese.info\/wp-content\/uploads\/2024\/03\/Immagine-WhatsApp-2024-03-05-ore-16.16.32_fe5693f1-212x300.jpg 212w\" sizes=\"(max-width: 565px) 100vw, 565px\" \/><\/figure>\n","protected":false},"excerpt":{"rendered":"<p>Venerd\u00ec 8, Sabato 9 e Domenica 10 Marzo 2024 dalle 10:00 alle 13:00 presso la sede della&nbsp;Pro Loco Curtomartino&nbsp;in Piazza<\/p>\n","protected":false},"author":4,"featured_media":3811,"comment_status":"open","ping_status":"closed","sticky":false,"template":"","format":"standard","meta":{"colormag_page_container_layout":"default_layout","colormag_page_sidebar_layout":"default_layout","_monsterinsights_skip_tracking":false,"_monsterinsights_sitenote_active":false,"_monsterinsights_sitenote_note":"","_monsterinsights_sitenote_category":0,"footnotes":""},"categories":[6,30],"tags":[],"class_list":["post-3809","post","type-post","status-publish","format-standard","has-post-thumbnail","hentry","category-eventi","category-news"],"_links":{"self":[{"href":"https:\/\/acquaviva.lavocedelpaese.info\/index.php\/wp-json\/wp\/v2\/posts\/3809","targetHints":{"allow":["GET"]}}],"collection":[{"href":"https:\/\/acquaviva.lavocedelpaese.info\/index.php\/wp-json\/wp\/v2\/posts"}],"about":[{"href":"https:\/\/acquaviva.lavocedelpaese.info\/index.php\/wp-json\/wp\/v2\/types\/post"}],"author":[{"embeddable":true,"href":"https:\/\/acquaviva.lavocedelpaese.info\/index.php\/wp-json\/wp\/v2\/users\/4"}],"replies":[{"embeddable":true,"href":"https:\/\/acquaviva.lavocedelpaese.info\/index.php\/wp-json\/wp\/v2\/comments?post=3809"}],"version-history":[{"count":1,"href":"https:\/\/acquaviva.lavocedelpaese.info\/index.php\/wp-json\/wp\/v2\/posts\/3809\/revisions"}],"predecessor-version":[{"id":3812,"href":"https:\/\/acquaviva.lavocedelpaese.info\/index.php\/wp-json\/wp\/v2\/posts\/3809\/revisions\/3812"}],"wp:featuredmedia":[{"embeddable":true,"href":"https:\/\/acquaviva.lavocedelpaese.info\/index.php\/wp-json\/wp\/v2\/media\/3811"}],"wp:attachment":[{"href":"https:\/\/acquaviva.lavocedelpaese.info\/index.php\/wp-json\/wp\/v2\/media?parent=3809"}],"wp:term":[{"taxonomy":"category","embeddable":true,"href":"https:\/\/acquaviva.lavocedelpaese.info\/index.php\/wp-json\/wp\/v2\/categories?post=3809"},{"taxonomy":"post_tag","embeddable":true,"href":"https:\/\/acquaviva.lavocedelpaese.info\/index.php\/wp-json\/wp\/v2\/tags?post=3809"}],"curies":[{"name":"wp","href":"https:\/\/api.w.org\/{rel}","templated":true}]}}