{"id":3760,"date":"2024-02-28T17:23:58","date_gmt":"2024-02-28T17:23:58","guid":{"rendered":"https:\/\/acquaviva.lavocedelpaese.info\/?p=3760"},"modified":"2024-03-01T10:40:09","modified_gmt":"2024-03-01T10:40:09","slug":"come-un-ramo-di-mandorlo-fiorito","status":"publish","type":"post","link":"https:\/\/acquaviva.lavocedelpaese.info\/index.php\/2024\/02\/28\/come-un-ramo-di-mandorlo-fiorito\/","title":{"rendered":"Come un ramo di mandorlo fiorito"},"content":{"rendered":"\n<p><strong>Gioved\u00ec 29 febbraio, alle ore 19:00<\/strong>, presso la <strong>Biblioteca Comunale &#8220;Maselli-Campagna&#8221;<\/strong> Acquaviva delle Fonti, la Pro Loco \u201cCurtomartino\u201d organizza un incontro letterario con il <strong>prof. Tommaso Adriano Galiani<\/strong>, autore del romanzo &#8220;<em><strong>Come un ramo di mandorlo fiorito<\/strong><\/em>&#8221; edito da <strong>Terre Sommerse<\/strong> e in collaborazione con <strong>Mondadori Bookstore di Acquaviva delle Fonti<\/strong>. Modera <strong>avv. Nadia Spinelli.<\/strong><\/p>\n\n\n\n<p>Docente di Materie Letterarie, giornalista pubblicista dal 2010, Tommaso Adriano Galiani ha collaborato con diverse testate ed \u00e8 autore di molteplici pubblicazioni e articoli di ricerca. \u00c8 alla sua terza esperienza in ambito narrativo.<\/p>\n\n\n\n<p>Da un estratto del volume: \u201cLucia e H\u00e9l\u00e8ne sono due amiche unite da un condiviso destino adolescenziale in un centro agricolo pugliese segnato da luci abbaglianti e zone buie.<\/p>\n\n\n\n<p>Nel 1970 Lucia si trover\u00e0 moglie di un imprenditore agricolo, assillata dall&#8217;assenza di figli e da un&#8217;ambita ma negata scalata sociale.<\/p>\n\n\n\n<p>Dopo anni cercher\u00e0 H\u00e8l\u00e8ne, fotografa freelance, pungente, autorevole e delicata allo stesso tempo. La &#8220;svizzera dagli occhi stravaganti&#8221; e dai modi spicci la introdurr\u00e0 nel suo universo di intellettuali, artisti, teatranti e prostitute. Tra cartomanzia, interni soffusi e inusuali paesaggi parigini, Lucia sfider\u00e0 le sue paure e prender\u00e0 decisioni forti per giungere ad un finale inaspettato.\u201d<\/p>\n\n\n\n<p>&#8220;La Biblioteca Comunale, gestita gratuitamente dalla Pro Loco Curtomartino ormai da 10 anni, \u00e8 un punto di riferimento per la cittadinanza e per i numerosi ragazzi che si preparano agli esami universitari&#8221; spiega il <strong>Vice Presidente Alessandro Macchia<\/strong>. &#8220;Abbiamo accolto l&#8217;invito della socia, avv. Nadia Spinelli, che anche in altre occasioni si \u00e8 resa entusiasta e disponibile ad intraprendere un percorso di conoscenza anche di autori locali e nazionali.<\/p>\n\n\n\n<p>Abbiamo oggi la consapevolezza che questo contenitore culturale deve essere fruito a 360\u00b0 e le attivit\u00e0 che svolgiamo quotidianamente, oltre all&#8217;apertura, al servizio di vigilanza e prestito di libri, non solo crea opportunit\u00e0 per i ragazzi ma \u00e8 anche un percorso che intende offrire alla nostra comunit\u00e0 un servizio qualificato, professionale e responsabile, come ad esempio il doposcuola per i ragazzi o il corso di formazione per chi intende sostenere i test di ammissione alle facolt\u00e0 scientifiche a numero chiuso&#8221;.<\/p>\n\n\n\n<p><\/p>\n\n\n\n<p><\/p>\n\n\n\n<figure class=\"wp-block-image size-full\"><img decoding=\"async\" src=\"https:\/\/acquaviva.lavocedelpaese.info\/wp-content\/uploads\/2024\/02\/408857249_907885578007019_8958335282068961638_n.jpg\" alt=\"\" class=\"wp-image-3761\" \/><\/figure>\n","protected":false},"excerpt":{"rendered":"<p>Gioved\u00ec 29 febbraio, alle ore 19:00, presso la Biblioteca Comunale &#8220;Maselli-Campagna&#8221; Acquaviva delle Fonti, la Pro Loco \u201cCurtomartino\u201d organizza un<\/p>\n","protected":false},"author":4,"featured_media":3761,"comment_status":"open","ping_status":"closed","sticky":false,"template":"","format":"standard","meta":{"colormag_page_container_layout":"default_layout","colormag_page_sidebar_layout":"default_layout","_monsterinsights_skip_tracking":false,"_monsterinsights_sitenote_active":false,"_monsterinsights_sitenote_note":"","_monsterinsights_sitenote_category":0,"footnotes":""},"categories":[5,33],"tags":[],"class_list":["post-3760","post","type-post","status-publish","format-standard","has-post-thumbnail","hentry","category-cultura","category-spalla"],"_links":{"self":[{"href":"https:\/\/acquaviva.lavocedelpaese.info\/index.php\/wp-json\/wp\/v2\/posts\/3760","targetHints":{"allow":["GET"]}}],"collection":[{"href":"https:\/\/acquaviva.lavocedelpaese.info\/index.php\/wp-json\/wp\/v2\/posts"}],"about":[{"href":"https:\/\/acquaviva.lavocedelpaese.info\/index.php\/wp-json\/wp\/v2\/types\/post"}],"author":[{"embeddable":true,"href":"https:\/\/acquaviva.lavocedelpaese.info\/index.php\/wp-json\/wp\/v2\/users\/4"}],"replies":[{"embeddable":true,"href":"https:\/\/acquaviva.lavocedelpaese.info\/index.php\/wp-json\/wp\/v2\/comments?post=3760"}],"version-history":[{"count":2,"href":"https:\/\/acquaviva.lavocedelpaese.info\/index.php\/wp-json\/wp\/v2\/posts\/3760\/revisions"}],"predecessor-version":[{"id":3766,"href":"https:\/\/acquaviva.lavocedelpaese.info\/index.php\/wp-json\/wp\/v2\/posts\/3760\/revisions\/3766"}],"wp:featuredmedia":[{"embeddable":true,"href":"https:\/\/acquaviva.lavocedelpaese.info\/index.php\/wp-json\/wp\/v2\/media\/3761"}],"wp:attachment":[{"href":"https:\/\/acquaviva.lavocedelpaese.info\/index.php\/wp-json\/wp\/v2\/media?parent=3760"}],"wp:term":[{"taxonomy":"category","embeddable":true,"href":"https:\/\/acquaviva.lavocedelpaese.info\/index.php\/wp-json\/wp\/v2\/categories?post=3760"},{"taxonomy":"post_tag","embeddable":true,"href":"https:\/\/acquaviva.lavocedelpaese.info\/index.php\/wp-json\/wp\/v2\/tags?post=3760"}],"curies":[{"name":"wp","href":"https:\/\/api.w.org\/{rel}","templated":true}]}}