{"id":3740,"date":"2024-02-21T17:59:05","date_gmt":"2024-02-21T17:59:05","guid":{"rendered":"https:\/\/acquaviva.lavocedelpaese.info\/?p=3740"},"modified":"2024-02-28T17:47:54","modified_gmt":"2024-02-28T17:47:54","slug":"premiazione-in-comune-degli-atleti-della-amatori-acquaviva","status":"publish","type":"post","link":"https:\/\/acquaviva.lavocedelpaese.info\/index.php\/2024\/02\/21\/premiazione-in-comune-degli-atleti-della-amatori-acquaviva\/","title":{"rendered":"Premiazione in Comune degli atleti della Amatori Acquaviva"},"content":{"rendered":"\n<p>Campioni nello sport e ambasciatori di un territorio. E\u2019 la ragione per la quale il Comune di Acquaviva ha voluto premiare gli atleti associati alla Amatori Atletica Acquaviva, nel corso di una cerimonia a Palazzo De Mari, che si sono distinti in diverse discipline e categorie nel corso dell\u2019ultimo anno.<\/p>\n\n\n\n<p>Il sindaco Marco Lenoci, con la consigliera delegata allo Sport, Marilena Longobardo, ha ricevuto Damiana Monfreda, Dino Nicassio, Francesco Giove, Roberto Peragine, Valeria Cirielli, Giuseppe Disabato, insieme agli allenatori e ai dirigenti dell\u2019associazione, con in testa il presidente Giacomo Bruno.<\/p>\n\n\n\n<p>\u201cSiamo orgogliosi di loro \u2013 esordisce il sindaco Marco Lenoci \u2013 non solo per i risultati sportivi ma per l\u2019esempio per tutti che rappresentano. La pratica sportiva, infatti, impone sacrifici e tenacia per raggiungere i traguardi. Un modello di riferimento importante, in un momento storico come questo, dove invece si corre il rischio di seguire modelli sbagliati, superficiali, che non ispirano al lavoro\u201d.<\/p>\n\n\n\n<p>Poi un impegno da parte del primo cittadino: \u201cQuesta amministrazione sosterr\u00e0 sempre le realt\u00e0 sportive del territorio. Laddove possibile implementeremo le strutture, le miglioreremo, le renderemo sempre pi\u00f9 accessibili e, perch\u00e9 no, in grado di raggiungere gli standard necessari per ospitare gare di sempre maggiore importanza\u201d.<\/p>\n\n\n\n<p>L\u2019elenco dei premiati<\/p>\n\n\n\n<p><strong>Damiana Monfreda<\/strong><\/p>\n\n\n\n<p>Bronzo ai campionati nazionali femminili, che si sono tenuti a Verona, di maratona, categoria SF45, con un tempo di 2h 53\u2019 46\u201d per 42 chilometri. Monfreda Damiana da questa stagione seguita a livello tecnico da Marco Lenoci compagni di squadra e di vita. Dopo la gara di Verona la vittoria della mezza maratona di Barletta con il tempo di 1 h 23&#8242; 05 &#8220;.<\/p>\n\n\n\n<p><strong>Nicassio Leonardo<\/strong><\/p>\n\n\n\n<p>Dino e il suo compagno di avventura Ken hanno riconfermato il titolo di Campione Italiano VET 2<\/p>\n\n\n\n<p>Canicross 2024, che si \u00e8 svolto a Spoleto il 3 e 4 febbraio scorsi. Nicassio ha anche ottenuto la convocazione ai prossimi Campionati Mondiali in programma a fine anno.<\/p>\n\n\n\n<p><strong>Amatori Atletica Acquaviva<\/strong><\/p>\n\n\n\n<p>Classificata al 5\u00b0 posto assoluto al termine delle 12 prove del Trofeo Terra di Bari, ottenendo anche la possibilit\u00e0 di organizzare per il 2024 una tappa del trofeo, gi\u00e0 programmata per il giorno 20 ottobre 2024.<\/p>\n\n\n\n<p><strong>Giove Francesco<\/strong><\/p>\n\n\n\n<p>3\u00b0 classificato nella categoria SM 45 al Trofeo Terra di Bari.<\/p>\n\n\n\n<p><strong>Peragine Roberto<\/strong><\/p>\n\n\n\n<p>5\u00b0 classificato al Trofeo Terra di Bari, nella categoria SM 50 al termine delle 12 prove previste.<\/p>\n\n\n\n<p><strong>Cirielli Valeria<\/strong><\/p>\n\n\n\n<p>3\u00b0 classificata al Trofeo Terra di Bari, nella categoria SF 45 al termine delle 12 prove previste.<\/p>\n\n\n\n<p><strong>Giuseppe Disabato<\/strong><\/p>\n\n\n\n<p>Dopo la vittoria a Modugno nella prima edizione di \u201cModugno in marcia\u201d, nella gara a staffette valida per le qualificazioni olimpiche, ad Ancona il 3 febbraio scorso, ha vinto il titolo di Campione Italiano Indoor Juniores Maschile con il tempo di 21&#8217;31&#8221; 29.<\/p>\n\n\n\n<p><\/p>\n\n\n\n<figure class=\"wp-block-image size-full\"><img decoding=\"async\" src=\"https:\/\/acquaviva.lavocedelpaese.info\/wp-content\/uploads\/2024\/02\/premiazione-amatori-atletica-acquaviva.jpg\" alt=\"\" class=\"wp-image-3741\" \/><\/figure>\n","protected":false},"excerpt":{"rendered":"<p>Campioni nello sport e ambasciatori di un territorio. E\u2019 la ragione per la quale il Comune di Acquaviva ha voluto<\/p>\n","protected":false},"author":4,"featured_media":3741,"comment_status":"open","ping_status":"closed","sticky":false,"template":"","format":"standard","meta":{"colormag_page_container_layout":"default_layout","colormag_page_sidebar_layout":"default_layout","_monsterinsights_skip_tracking":false,"_monsterinsights_sitenote_active":false,"_monsterinsights_sitenote_note":"","_monsterinsights_sitenote_category":0,"footnotes":""},"categories":[33,15],"tags":[],"class_list":["post-3740","post","type-post","status-publish","format-standard","has-post-thumbnail","hentry","category-spalla","category-sport"],"_links":{"self":[{"href":"https:\/\/acquaviva.lavocedelpaese.info\/index.php\/wp-json\/wp\/v2\/posts\/3740","targetHints":{"allow":["GET"]}}],"collection":[{"href":"https:\/\/acquaviva.lavocedelpaese.info\/index.php\/wp-json\/wp\/v2\/posts"}],"about":[{"href":"https:\/\/acquaviva.lavocedelpaese.info\/index.php\/wp-json\/wp\/v2\/types\/post"}],"author":[{"embeddable":true,"href":"https:\/\/acquaviva.lavocedelpaese.info\/index.php\/wp-json\/wp\/v2\/users\/4"}],"replies":[{"embeddable":true,"href":"https:\/\/acquaviva.lavocedelpaese.info\/index.php\/wp-json\/wp\/v2\/comments?post=3740"}],"version-history":[{"count":1,"href":"https:\/\/acquaviva.lavocedelpaese.info\/index.php\/wp-json\/wp\/v2\/posts\/3740\/revisions"}],"predecessor-version":[{"id":3742,"href":"https:\/\/acquaviva.lavocedelpaese.info\/index.php\/wp-json\/wp\/v2\/posts\/3740\/revisions\/3742"}],"wp:featuredmedia":[{"embeddable":true,"href":"https:\/\/acquaviva.lavocedelpaese.info\/index.php\/wp-json\/wp\/v2\/media\/3741"}],"wp:attachment":[{"href":"https:\/\/acquaviva.lavocedelpaese.info\/index.php\/wp-json\/wp\/v2\/media?parent=3740"}],"wp:term":[{"taxonomy":"category","embeddable":true,"href":"https:\/\/acquaviva.lavocedelpaese.info\/index.php\/wp-json\/wp\/v2\/categories?post=3740"},{"taxonomy":"post_tag","embeddable":true,"href":"https:\/\/acquaviva.lavocedelpaese.info\/index.php\/wp-json\/wp\/v2\/tags?post=3740"}],"curies":[{"name":"wp","href":"https:\/\/api.w.org\/{rel}","templated":true}]}}