{"id":3702,"date":"2024-02-18T11:31:32","date_gmt":"2024-02-18T11:31:32","guid":{"rendered":"https:\/\/acquaviva.lavocedelpaese.info\/?p=3702"},"modified":"2024-03-03T12:21:31","modified_gmt":"2024-03-03T12:21:31","slug":"fratres-acquaviva-assemblea-annuale-2024","status":"publish","type":"post","link":"https:\/\/acquaviva.lavocedelpaese.info\/index.php\/2024\/02\/18\/fratres-acquaviva-assemblea-annuale-2024\/","title":{"rendered":"Fratres Acquaviva: Assemblea Annuale 2024"},"content":{"rendered":"\n<p>\u201c44 Anni Uniti nella solidariet\u00e0 1980-2024\u201d<\/p>\n\n\n\n<p><strong>di Isabella Giorgio<\/strong><\/p>\n\n\n\n<p>Domenica 3 marzo 2024 si terr\u00e0 alle ore 17:15 presso l&#8217;Oasi Santa Maria Maggiore, la consueta Assemblea annuale dell\u2019Associazione Donatori di Sangue \u201cFRATRES\u201d di Acquaviva delle Fonti.<\/p>\n\n\n\n<p>&#8220;L\u2019assemblea &#8211; ci comunica la <em>dott.ssa <\/em><strong>Francesca Marchesano<\/strong>, Presidente del locale Gruppo dei Donatori di Sangue FRATRES -sar\u00e0 preceduta alle ore 10:30 dalla celebrazione eucaristica presieduta da Don Mimmo Natale nella Chiesa Parrocchiale di Santa Maria Maggiore di Acquaviva delel Fonti\u201d.<\/p>\n\n\n\n<p>L&#8217;incontro assembleare vedr\u00e0 oltre ai consueti adempimenti statutari legati all&#8217;approvazione del bilancio consuntivo e preventivo, il pi\u00f9 interessante momento di premiazione dei soci con la tradizionale medaglia d&#8217;argento e d&#8217;oro che si sono distinti per numero di donazioni di sangue.<\/p>\n\n\n\n<p>Durante l&#8217;assemblea si far\u00e0 il punto della situazione sulle attivit\u00e0 svolte durante l&#8217;anno e saranno condivise con tutti i soci le iniziative da porre in campo nel medio e lungo termine. Non mancher\u00e0, inoltre, la possibilit\u00e0 di accogliere anche nuove indicazioni e suggerimenti per migliorare le finalit\u00e0 dell&#8217;associazione.<\/p>\n\n\n\n<p>Ricordiamo che il Gruppo Donatori di Sangue FRATRES di Acquaviva delle Fonti da ben 44 anni \u00e8 impegnato con determinazione e costanza a promuovere nella nostra comunit\u00e0 la sensibilizzazione alla donazione del sangue ed emocomponenti fondamentali per salvare vite umane e al tempo stesso promuovere la medicina preventiva.<\/p>\n\n\n\n<p>L&#8217;invito della Presidente Francesca Marchesano e del Direttivo, rivolto in modo particolare a tutti i soci donatori, \u00e8 quello di partecipare attivamente a questo importante momento non facendo mancare la propria testimonianza e presenza.<\/p>\n\n\n\n<p class=\"has-text-align-right\"><strong>ISABELLLA GIORGIO<\/strong><\/p>\n\n\n\n<p><\/p>\n\n\n\n<div data-wp-interactive=\"core\/file\" class=\"wp-block-file\"><object data-wp-bind--hidden=\"!state.hasPdfPreview\" hidden class=\"wp-block-file__embed\" data=\"https:\/\/acquaviva.lavocedelpaese.info\/wp-content\/uploads\/2024\/02\/Man-2024-Assemblea_def.pdf\" type=\"application\/pdf\" style=\"width:100%;height:600px\" aria-label=\"Incorporamento di Man-2024-Assemblea_def.\"><\/object><a id=\"wp-block-file--media-b7dc0521-80ed-4117-afa0-667ea8a8e447\" href=\"https:\/\/acquaviva.lavocedelpaese.info\/wp-content\/uploads\/2024\/02\/Man-2024-Assemblea_def.pdf\">Man-2024-Assemblea_def<\/a><a href=\"https:\/\/acquaviva.lavocedelpaese.info\/wp-content\/uploads\/2024\/02\/Man-2024-Assemblea_def.pdf\" class=\"wp-block-file__button wp-element-button\" download aria-describedby=\"wp-block-file--media-b7dc0521-80ed-4117-afa0-667ea8a8e447\">Download<\/a><\/div>\n","protected":false},"excerpt":{"rendered":"<p>\u201c44 Anni Uniti nella solidariet\u00e0 1980-2024\u201d di Isabella Giorgio Domenica 3 marzo 2024 si terr\u00e0 alle ore 17:15 presso l&#8217;Oasi<\/p>\n","protected":false},"author":4,"featured_media":3704,"comment_status":"open","ping_status":"closed","sticky":false,"template":"","format":"standard","meta":{"colormag_page_container_layout":"default_layout","colormag_page_sidebar_layout":"default_layout","_monsterinsights_skip_tracking":false,"_monsterinsights_sitenote_active":false,"_monsterinsights_sitenote_note":"","_monsterinsights_sitenote_category":0,"footnotes":""},"categories":[2,30],"tags":[],"class_list":["post-3702","post","type-post","status-publish","format-standard","has-post-thumbnail","hentry","category-attualita","category-news"],"_links":{"self":[{"href":"https:\/\/acquaviva.lavocedelpaese.info\/index.php\/wp-json\/wp\/v2\/posts\/3702","targetHints":{"allow":["GET"]}}],"collection":[{"href":"https:\/\/acquaviva.lavocedelpaese.info\/index.php\/wp-json\/wp\/v2\/posts"}],"about":[{"href":"https:\/\/acquaviva.lavocedelpaese.info\/index.php\/wp-json\/wp\/v2\/types\/post"}],"author":[{"embeddable":true,"href":"https:\/\/acquaviva.lavocedelpaese.info\/index.php\/wp-json\/wp\/v2\/users\/4"}],"replies":[{"embeddable":true,"href":"https:\/\/acquaviva.lavocedelpaese.info\/index.php\/wp-json\/wp\/v2\/comments?post=3702"}],"version-history":[{"count":2,"href":"https:\/\/acquaviva.lavocedelpaese.info\/index.php\/wp-json\/wp\/v2\/posts\/3702\/revisions"}],"predecessor-version":[{"id":3783,"href":"https:\/\/acquaviva.lavocedelpaese.info\/index.php\/wp-json\/wp\/v2\/posts\/3702\/revisions\/3783"}],"wp:featuredmedia":[{"embeddable":true,"href":"https:\/\/acquaviva.lavocedelpaese.info\/index.php\/wp-json\/wp\/v2\/media\/3704"}],"wp:attachment":[{"href":"https:\/\/acquaviva.lavocedelpaese.info\/index.php\/wp-json\/wp\/v2\/media?parent=3702"}],"wp:term":[{"taxonomy":"category","embeddable":true,"href":"https:\/\/acquaviva.lavocedelpaese.info\/index.php\/wp-json\/wp\/v2\/categories?post=3702"},{"taxonomy":"post_tag","embeddable":true,"href":"https:\/\/acquaviva.lavocedelpaese.info\/index.php\/wp-json\/wp\/v2\/tags?post=3702"}],"curies":[{"name":"wp","href":"https:\/\/api.w.org\/{rel}","templated":true}]}}