{"id":3688,"date":"2024-02-15T16:38:33","date_gmt":"2024-02-15T16:38:33","guid":{"rendered":"https:\/\/acquaviva.lavocedelpaese.info\/?p=3688"},"modified":"2024-02-15T16:51:34","modified_gmt":"2024-02-15T16:51:34","slug":"fondo-inclusione-delle-persone-con-disabilita-acquaviva-ottiene-un-finanziamento-da-30-mila-euro-per-acquisto-minivan","status":"publish","type":"post","link":"https:\/\/acquaviva.lavocedelpaese.info\/index.php\/2024\/02\/15\/fondo-inclusione-delle-persone-con-disabilita-acquaviva-ottiene-un-finanziamento-da-30-mila-euro-per-acquisto-minivan\/","title":{"rendered":"Fondo inclusione delle persone con disabilit\u00e0, Acquaviva ottiene un finanziamento da 30 mila euro per acquisto minivan"},"content":{"rendered":"\n<p>Un aiuto concreto a chi ha difficolt\u00e0 motorie e di spostamento, un gesto di grande attenzione ai pi\u00f9 fragili della comunit\u00e0. Il Comune di Acquaviva ha ottenuto un finanziamento di 30 mila euro da un bando della Regione Puglia con risorse a valere sul \u201cFondo nazionale per l\u2019inclusione delle persone con disabilit\u00e0 \u2013 Dm 29 novembre 2021\u201d.<\/p>\n\n\n\n<p>L\u2019ufficialit\u00e0 nei giorni scorsi con la pubblicazione della graduatoria definitiva che ha visto il Comune ottenere il massimo dell\u2019importo ammissibile nella Misura B, per l\u2019acquisto o il noleggio di mezzi di trasporto destinati a persone diversamente abili. Con i 30 mila euro, infatti, verr\u00e0 acquistato un minivan, specifico per le loro esigenze.<\/p>\n\n\n\n<p>Un\u2019azione che fa il paio con lo sforzo economico dell\u2019amministrazione di altri 30 mila euro stanziati alla fine dello scorso anno, per consentire l\u2019aumento del monte ore degli insegnati di sostegno nel corso dell\u2019anno scolastico in corso.<\/p>\n\n\n\n<p>Spiega l\u2019assessora alle Politiche sociali, Imma Morano: \u201cUn impegno che abbiamo preso e, soprattutto, che abbiamo mantenuto verso chi ha pi\u00f9 bisogno. Una comunit\u00e0 \u00e8 tale se non lascia nessuno indietro, se risolve problemi che attanagliano i cittadini nella loro quotidianit\u00e0. In quest\u2019ottica, continueremo a promuovere iniziative del genere, in favore dei pi\u00f9 fragili, non solo in momenti specifici dell\u2019anno ma 365 giorni all\u2019anno\u201d.<\/p>\n\n\n\n<p>Soddisfatto anche il sindaco Marco Lenoci che aggiunge un altro elemento: \u201cQuesta amministrazione sta puntando molto sulla capacit\u00e0 di intercettare risorse, regionali, statali o europee che siano. Oggi il compito principale di un amministratore, dati i bilanci risicati, \u00e8 reperire all\u2019esterno le opportunit\u00e0 per migliorare la qualit\u00e0 della vita dei cittadini. Per questo rivolgo un plauso all\u2019assessora Morano e ai tecnici per aver portato a casa un risultato significativo per molti, bambini, adulti e le loro famiglie\u201d.<\/p>\n","protected":false},"excerpt":{"rendered":"<p>Un aiuto concreto a chi ha difficolt\u00e0 motorie e di spostamento, un gesto di grande attenzione ai pi\u00f9 fragili della<\/p>\n","protected":false},"author":4,"featured_media":3690,"comment_status":"open","ping_status":"closed","sticky":false,"template":"","format":"standard","meta":{"colormag_page_container_layout":"default_layout","colormag_page_sidebar_layout":"default_layout","_monsterinsights_skip_tracking":false,"_monsterinsights_sitenote_active":false,"_monsterinsights_sitenote_note":"","_monsterinsights_sitenote_category":0,"footnotes":""},"categories":[2,28],"tags":[],"class_list":["post-3688","post","type-post","status-publish","format-standard","has-post-thumbnail","hentry","category-attualita","category-primo-piano"],"_links":{"self":[{"href":"https:\/\/acquaviva.lavocedelpaese.info\/index.php\/wp-json\/wp\/v2\/posts\/3688","targetHints":{"allow":["GET"]}}],"collection":[{"href":"https:\/\/acquaviva.lavocedelpaese.info\/index.php\/wp-json\/wp\/v2\/posts"}],"about":[{"href":"https:\/\/acquaviva.lavocedelpaese.info\/index.php\/wp-json\/wp\/v2\/types\/post"}],"author":[{"embeddable":true,"href":"https:\/\/acquaviva.lavocedelpaese.info\/index.php\/wp-json\/wp\/v2\/users\/4"}],"replies":[{"embeddable":true,"href":"https:\/\/acquaviva.lavocedelpaese.info\/index.php\/wp-json\/wp\/v2\/comments?post=3688"}],"version-history":[{"count":1,"href":"https:\/\/acquaviva.lavocedelpaese.info\/index.php\/wp-json\/wp\/v2\/posts\/3688\/revisions"}],"predecessor-version":[{"id":3691,"href":"https:\/\/acquaviva.lavocedelpaese.info\/index.php\/wp-json\/wp\/v2\/posts\/3688\/revisions\/3691"}],"wp:featuredmedia":[{"embeddable":true,"href":"https:\/\/acquaviva.lavocedelpaese.info\/index.php\/wp-json\/wp\/v2\/media\/3690"}],"wp:attachment":[{"href":"https:\/\/acquaviva.lavocedelpaese.info\/index.php\/wp-json\/wp\/v2\/media?parent=3688"}],"wp:term":[{"taxonomy":"category","embeddable":true,"href":"https:\/\/acquaviva.lavocedelpaese.info\/index.php\/wp-json\/wp\/v2\/categories?post=3688"},{"taxonomy":"post_tag","embeddable":true,"href":"https:\/\/acquaviva.lavocedelpaese.info\/index.php\/wp-json\/wp\/v2\/tags?post=3688"}],"curies":[{"name":"wp","href":"https:\/\/api.w.org\/{rel}","templated":true}]}}