{"id":3636,"date":"2024-02-06T19:09:00","date_gmt":"2024-02-06T19:09:00","guid":{"rendered":"https:\/\/acquaviva.lavocedelpaese.info\/?p=3636"},"modified":"2024-02-07T17:15:56","modified_gmt":"2024-02-07T17:15:56","slug":"sospensione-canile-comunale-lenoci-100-mila-euro-gia-pronti-per-il-rimettere-la-struttura-a-norma","status":"publish","type":"post","link":"https:\/\/acquaviva.lavocedelpaese.info\/index.php\/2024\/02\/06\/sospensione-canile-comunale-lenoci-100-mila-euro-gia-pronti-per-il-rimettere-la-struttura-a-norma\/","title":{"rendered":"Sospensione canile comunale, Lenoci: \u201c100 mila euro gi\u00e0 pronti per il rimettere la struttura a norma\u201d"},"content":{"rendered":"\n<p><\/p>\n\n\n\n<p>Il canile comunale di Acquaviva non potr\u00e0 accogliere nuovi cani e non potr\u00e0 pi\u00f9 avvalersi della struttura del canile sanitario. E\u2019 il risultato dell\u2019ispezione di funzionari dell\u2019Asl Bari che si \u00e8 tenuta lo scorso 1 febbraio, accompagnati dal sindaco Marco Lenoci, dalla consigliera delegata della Citt\u00e0 Metropolitana di Bari, Daniela Fanelli, e dal consigliere delegato del Comune, Pietro D\u2019Antini.<\/p>\n\n\n\n<p>Sono state riscontrate carenze strutturali che hanno richiesto decisioni importanti, ora la norma stabilisce un limite di 36 mesi entro i quali eseguire i lavori necessari. Carenze strutturali, come l\u2019assenza di un\u2019area di sgambamento o di zone di ombra o, per quanto riguarda il personale, di spogliatoi o delle stanze, pre e post chirurgia. Carenze che derivano da anni precedenti questa amministrazione. Infine, sono state rilevate anche altre mancanze ma a carattere ordinario e quindi pi\u00f9 facilmente risolvibili.<\/p>\n\n\n\n<p>Il sindaco Marco Lenoci spiega: \u201cLe carenze strutturali sono il frutto di anni di immobilismo e ora toccher\u00e0 al Comune, quindi ai cittadini di Acquaviva, pagare per un nuovo progetto e per i conseguenti lavori, con tempi che non saranno brevi. Solo qualche giorno fa ho autorizzato l\u2019adozione di due cani che avevano urgente bisogno di cure e, voglio dirlo chiaramente, continuer\u00f2 a garantire il mio sostegno in favore degli animali e di coloro che li amano e si impegnano per loro\u201d.<\/p>\n\n\n\n<p>Il primo cittadino afferma di aver gi\u00e0 destinato 100 mila euro che saranno investiti per rimettere a norma la struttura. Poi aggiunge: \u201cUn\u2019amara considerazione. Questa vicenda, che fa il paio con contrada Tufarelle, con lo stato del cimitero e dei lavori in piazza, mostra una volta di pi\u00f9 in che condizioni abbiamo ereditato l\u2019amministrazione della citt\u00e0, per chi ancora avesse bisogno di conferme. Di certo non ci arrenderemo, questa amministrazione non si arrender\u00e0 alle difficolt\u00e0. Tutti insieme ci rimboccheremo le maniche e risolveremo anche questa. Siamo solo donne e uomini e non siamo perfetti, ma ci mettiamo l\u2019anima perch\u00e9 amiamo la nostra citt\u00e0\u201d.<\/p>\n\n\n\n<figure class=\"wp-block-image size-full is-resized\"><img decoding=\"async\" width=\"1000\" height=\"750\" src=\"https:\/\/acquaviva.lavocedelpaese.info\/wp-content\/uploads\/2024\/02\/canile-acquaviva-3-1.jpg\" alt=\"\" class=\"wp-image-3639\" style=\"width:1140px;height:auto\" srcset=\"https:\/\/acquaviva.lavocedelpaese.info\/wp-content\/uploads\/2024\/02\/canile-acquaviva-3-1.jpg 1000w, https:\/\/acquaviva.lavocedelpaese.info\/wp-content\/uploads\/2024\/02\/canile-acquaviva-3-1-300x225.jpg 300w, https:\/\/acquaviva.lavocedelpaese.info\/wp-content\/uploads\/2024\/02\/canile-acquaviva-3-1-768x576.jpg 768w\" sizes=\"(max-width: 1000px) 100vw, 1000px\" \/><\/figure>\n\n\n\n<figure class=\"wp-block-image size-full\"><img decoding=\"async\" width=\"1000\" height=\"750\" src=\"https:\/\/acquaviva.lavocedelpaese.info\/wp-content\/uploads\/2024\/02\/canile-comunale-acquaviva-2.jpg\" alt=\"\" class=\"wp-image-3640\" srcset=\"https:\/\/acquaviva.lavocedelpaese.info\/wp-content\/uploads\/2024\/02\/canile-comunale-acquaviva-2.jpg 1000w, https:\/\/acquaviva.lavocedelpaese.info\/wp-content\/uploads\/2024\/02\/canile-comunale-acquaviva-2-300x225.jpg 300w, https:\/\/acquaviva.lavocedelpaese.info\/wp-content\/uploads\/2024\/02\/canile-comunale-acquaviva-2-768x576.jpg 768w\" sizes=\"(max-width: 1000px) 100vw, 1000px\" \/><\/figure>\n\n\n\n<figure class=\"wp-block-image size-full\"><img decoding=\"async\" width=\"1000\" height=\"750\" src=\"https:\/\/acquaviva.lavocedelpaese.info\/wp-content\/uploads\/2024\/02\/canile-comunale-acquaviva.jpg\" alt=\"\" class=\"wp-image-3642\" srcset=\"https:\/\/acquaviva.lavocedelpaese.info\/wp-content\/uploads\/2024\/02\/canile-comunale-acquaviva.jpg 1000w, https:\/\/acquaviva.lavocedelpaese.info\/wp-content\/uploads\/2024\/02\/canile-comunale-acquaviva-300x225.jpg 300w, https:\/\/acquaviva.lavocedelpaese.info\/wp-content\/uploads\/2024\/02\/canile-comunale-acquaviva-768x576.jpg 768w\" sizes=\"(max-width: 1000px) 100vw, 1000px\" \/><\/figure>\n","protected":false},"excerpt":{"rendered":"<p>Il canile comunale di Acquaviva non potr\u00e0 accogliere nuovi cani e non potr\u00e0 pi\u00f9 avvalersi della struttura del canile sanitario.<\/p>\n","protected":false},"author":4,"featured_media":3637,"comment_status":"open","ping_status":"closed","sticky":false,"template":"","format":"standard","meta":{"colormag_page_container_layout":"default_layout","colormag_page_sidebar_layout":"default_layout","_monsterinsights_skip_tracking":false,"_monsterinsights_sitenote_active":false,"_monsterinsights_sitenote_note":"","_monsterinsights_sitenote_category":0,"footnotes":""},"categories":[3,33],"tags":[],"class_list":["post-3636","post","type-post","status-publish","format-standard","has-post-thumbnail","hentry","category-politica","category-spalla"],"_links":{"self":[{"href":"https:\/\/acquaviva.lavocedelpaese.info\/index.php\/wp-json\/wp\/v2\/posts\/3636","targetHints":{"allow":["GET"]}}],"collection":[{"href":"https:\/\/acquaviva.lavocedelpaese.info\/index.php\/wp-json\/wp\/v2\/posts"}],"about":[{"href":"https:\/\/acquaviva.lavocedelpaese.info\/index.php\/wp-json\/wp\/v2\/types\/post"}],"author":[{"embeddable":true,"href":"https:\/\/acquaviva.lavocedelpaese.info\/index.php\/wp-json\/wp\/v2\/users\/4"}],"replies":[{"embeddable":true,"href":"https:\/\/acquaviva.lavocedelpaese.info\/index.php\/wp-json\/wp\/v2\/comments?post=3636"}],"version-history":[{"count":2,"href":"https:\/\/acquaviva.lavocedelpaese.info\/index.php\/wp-json\/wp\/v2\/posts\/3636\/revisions"}],"predecessor-version":[{"id":3643,"href":"https:\/\/acquaviva.lavocedelpaese.info\/index.php\/wp-json\/wp\/v2\/posts\/3636\/revisions\/3643"}],"wp:featuredmedia":[{"embeddable":true,"href":"https:\/\/acquaviva.lavocedelpaese.info\/index.php\/wp-json\/wp\/v2\/media\/3637"}],"wp:attachment":[{"href":"https:\/\/acquaviva.lavocedelpaese.info\/index.php\/wp-json\/wp\/v2\/media?parent=3636"}],"wp:term":[{"taxonomy":"category","embeddable":true,"href":"https:\/\/acquaviva.lavocedelpaese.info\/index.php\/wp-json\/wp\/v2\/categories?post=3636"},{"taxonomy":"post_tag","embeddable":true,"href":"https:\/\/acquaviva.lavocedelpaese.info\/index.php\/wp-json\/wp\/v2\/tags?post=3636"}],"curies":[{"name":"wp","href":"https:\/\/api.w.org\/{rel}","templated":true}]}}