{"id":3632,"date":"2024-02-05T18:27:31","date_gmt":"2024-02-05T18:27:31","guid":{"rendered":"https:\/\/acquaviva.lavocedelpaese.info\/?p=3632"},"modified":"2024-02-08T16:22:37","modified_gmt":"2024-02-08T16:22:37","slug":"servizio-civile-2024-al-servizio-per-la-tua-comunita","status":"publish","type":"post","link":"https:\/\/acquaviva.lavocedelpaese.info\/index.php\/2024\/02\/05\/servizio-civile-2024-al-servizio-per-la-tua-comunita\/","title":{"rendered":"Servizio civile 2024, al servizio per la tua comunit\u00e0"},"content":{"rendered":"\n<p><\/p>\n\n\n\n<p><em>di Francesco Lenoci<\/em><\/p>\n\n\n\n<p>Se hai tra i 18 e i 28 anni, hai a cuore il tuo territorio e vorresti partecipare attivamente alla creazione di qualcosa per il tuo paese, allora il <strong>Servizio Civile assieme alla Pro Loco di Acquaviva<\/strong> \u00e8 quello che fa per te!<\/p>\n\n\n\n<p>Il Servizio Civile Universale (SCU) \u00e8 \u201cla scelta volontaria di dedicare fino a un anno della propria vita.. alla promozione dei valori fondativi della Repubblica italiana, attraverso azioni per le comunit\u00e0 e per il territorio. Il Servizio civile universale rappresenta un\u2019importante occasione di formazione e di crescita personale e professionale per i giovani, che sono un\u2019indispensabile e vitale risorsa per il progresso culturale, sociale ed economico del Paese.\u201d<\/p>\n\n\n\n<p>\u00c9 cos\u00ec descritto il Servizio Civile Universale nei canali istituzionali.<\/p>\n\n\n\n<p><em>Ma in pratica, di cosa si tratta?<\/em><\/p>\n\n\n\n<p>Ne abbiamo parlato con <strong>Carmela Conte<\/strong> e <strong>Alessandro Macchia<\/strong>, rispettivamente <strong>Operatore Locale di Progetto<\/strong> (OLP) per il Servizio Civile, e socia Pro Loco, e <strong>Vice Presidente<\/strong> della Pro Loco Curtomartino.<\/p>\n\n\n\n<p><em>Iniziamo subito nel chiarire cos&#8217;\u00e8 il Servizio Civile e come lo inquadriamo in un contesto locale.<\/em><\/p>\n\n\n\n<p>\u201cIl Servizio Civile <strong>\u00e8 un\u2019esperienza di cittadinanza attiva<\/strong>, sotto qualsiasi punto di vista. I ragazzi, consapevolmente e ognuno in base alle proprie esperienze, capacit\u00e0 e interessi, si mettono al servizio della comunit\u00e0 attraverso le varie associazioni ed enti operanti. Fanno un\u2019opera, prima di tutto, per il loro territorio ma soprattutto per loro stessi, perch\u00e9 hanno la possibilit\u00e0 di arricchirsi e formarsi come persone all\u2019interno di una comunit\u00e0.\u201d<\/p>\n\n\n\n<p><em>Qual \u00e8 la proposta della Pro Loco?<\/em><\/p>\n\n\n\n<p>\u201cLa proposta che la nostra Associazione vuole offrire consiste in un percorso di crescita, esperienza formativa e lavorativa, ma anche di impegno per la comunit\u00e0 di Acquaviva. I ragazzi prenderanno parte alle gestioni principali che la Pro Loco offre alla cittadinanza: la <strong>Biblioteca Comunale \u201cMaselli-Campagna\u201d<\/strong>e l\u2019<strong>Info-Point Turistico<\/strong>. Le mansioni principali riguardano le aperture ordinarie e straordinarie delle due sedi di destinazione, vigilanza nelle zone studio e supporto al prestito bibliotecario e interbibliotecario, accoglienza di turisti o visitatori. In aggiunta, i ragazzi porteranno avanti un progetto assegnato direttamente dal bando; nello specifico, la suddivisione geografica dell\u2019Unione Nazionale Pro Loco d\u2019Italia (UNPLI) assegna alle Pro Loco del raggruppamento Pro Loco Puglia Nord, di cui noi facciamo parte, degli obiettivi che possono essere sintetizzati in aree di ricerca, valorizzazione e scoperta di beni immateriali, quali per esempio i culti religiosi, le tipicit\u00e0 territoriali e le tradizioni antiche.\u201d<\/p>\n\n\n\n<p><em>Perch\u00e9 scegliere di prestare servizio civile assieme alla Pro Loco?<\/em><\/p>\n\n\n\n<p>\u201cLa motivazione \u00e8 essenzialmente personale. Dipende dalle propensioni, dagli interessi e dalle scelte che i ragazzi vogliono fare o si apprestano a fare. Se senti un legame con il territorio di Acquaviva, se studi o ti affascinano le bellezze storico culturali del tuo paese, il turismo territoriale, le tipicit\u00e0 enogastronomiche, se pensi di poter dare un contributo alla crescita e allo sviluppo di Acquaviva, allora la scelta giusta \u00e8 la Pro Loco.\u201d<\/p>\n\n\n\n<p><em>A fine percorso, i ragazzi cosa portano a casa? Diventano delle persone diverse da quando sono arrivate?<\/em><\/p>\n\n\n\n<p>\u201cLa nostra \u00e8 una speranza. La speranza di poter offrire il nostro vissuto per rendere i giovani pi\u00f9 consapevoli e pi\u00f9 innamorati di ci\u00f2 che li circonda, in modo tale da poter consegnare loro il bagaglio di tradizioni, cultura e storia che la nostra citt\u00e0 tramanda di generazione in generazione. Negli anni, abbiamo sempre cercato di trasmettere la nostra passione e il nostro amore per il territorio e la comunit\u00e0 a tutte le persone che si sono avvicinate alla Pro Loco. Alcune volte ci siamo riusciti, altre no. C\u2019\u00e8 chi \u00e8 pi\u00f9 predisposto a mettersi in gioco e mettersi a disposizione per una causa pi\u00f9 grande e altri che, per scelte personali o di vita, non possono offrire pi\u00f9 di tanto. \u00c9 una cosa normale, per questo non pretendiamo nulla. Sono le persone che decidono di mettersi al lavoro volontariamente.<\/p>\n\n\n\n<p>Con soddisfazione, per\u00f2, possiamo dire che negli ultimi anni la Pro Loco ha raccolto l\u2019interesse di tanti giovani che si sono prima avvicinati in punta di piedi, per poi diventare parte integrante dei nostri gruppi di lavoro, del nostro direttivo, della nostra grande famiglia. Ragazzi che hanno iniziato a partecipare quasi per gioco ai nostri eventi per poi diventarne i primi promotori e organizzatori. Ragazzi che grazie agli incontri e alle attivit\u00e0 della Pro Loco hanno affinato le proprie capacit\u00e0 per poi farne il proprio lavoro. Ragazzi che hanno ritrovato un interesse smarrito per il proprio paese per poi decidere di scommetterci in prima persona.<\/p>\n\n\n\n<p>Perci\u00f2 non demordiamo mai e andiamo avanti sperando sempre di fare il bene di Acquaviva e dei suoi ragazzi.\u201d<\/p>\n\n\n\n<p><em>Concludiamo. Le informazioni principali per partecipare al bando.<\/em><\/p>\n\n\n\n<p>\u201cQuest\u2019anno, il Servizio Civile sar\u00e0 potenziato e ci vedr\u00e0 fruitori di 1 operatore in pi\u00f9 rispetto agli anni scorsi, passando cos\u00ec da 2 a 3 unit\u00e0. Una grande opportunit\u00e0 per i ragazzi perch\u00e9 avranno maggiori possibilit\u00e0 di essere selezionati. Un\u2019altra novit\u00e0 rispetto al 2023 \u00e8 l\u2019aumento del <strong>compenso mensile<\/strong> spettante ai ragazzi per i 12 mesi di servizio, fissato a <strong>507,30\u20ac<\/strong>. La scadenza delle domande \u00e8 prevista per <strong>gioved\u00ec 15 febbraio, alle ore 14.00<\/strong>, ma non possiamo escludere che ci sar\u00e0 una proroga alla scadenza. Consigliamo, comunque, di non andare oltre quella data.<\/p>\n\n\n\n<p>Al link \u00e8 possibile consultare il <strong>bando, presentare la domanda e inviarla<\/strong>: <a href=\"http:\/\/www.serviziocivileunpli.net\/scn\/\"><u>http:\/\/www.serviziocivileunpli.net\/scn\/<\/u><\/a><\/p>\n\n\n\n<p>Per approfondire, invece, i progetti regionali \u201c<a href=\"https:\/\/www.serviziocivileunpli.net\/scn\/wp-content\/uploads\/2024\/01\/PUGLIA_Patrimonio-immateriale-e-identitA%CC%83-culturale-in-Puglia.pdf\"><strong>PUGLIA_Patrimonio immateriale e identit\u00e0 culturale in Puglia<\/strong><\/a>\u201d qui il link: <a href=\"https:\/\/www.serviziocivileunpli.net\/scn\/wp-content\/uploads\/2024\/01\/PUGLIA_Patrimonio-immateriale-e-identitA%CC%83-culturale-in-Puglia.pdf\"><u>https:\/\/www.serviziocivileunpli.net\/scn\/wp-content\/uploads\/2024\/01\/PUGLIA_Patrimonio-immateriale-e-identitA%CC%83-culturale-in-Puglia.pdf<\/u><\/a><\/p>\n\n\n\n<p>Se interessati,o siete alla ricerca di maggiori informazioni, potete venirci a trovare presso l\u2019Info-Point Turistico, in Piazza Maria SS. di Costantinopoli &#8211; 16. Potete contattarci al <a href=\"http:\/\/wa.me\/393923369394\">392.3369394<\/a>, anche Whatsapp, o scriverci alla mail <a href=\"mailto:info@prolocoacquaviva.it\"><u>info@prolocoacquaviva.it<\/u><\/a>. Vi aspettiamo!\u201d<\/p>\n\n\n\n<p><em>Francesco Lenoci<\/em><\/p>\n\n\n\n<figure class=\"wp-block-image size-full\"><img decoding=\"async\" width=\"566\" height=\"800\" src=\"https:\/\/acquaviva.lavocedelpaese.info\/wp-content\/uploads\/2024\/02\/421936762_890446793084231_2398222283255370055_n-1.jpg\" alt=\"\" class=\"wp-image-3634\" srcset=\"https:\/\/acquaviva.lavocedelpaese.info\/wp-content\/uploads\/2024\/02\/421936762_890446793084231_2398222283255370055_n-1.jpg 566w, https:\/\/acquaviva.lavocedelpaese.info\/wp-content\/uploads\/2024\/02\/421936762_890446793084231_2398222283255370055_n-1-212x300.jpg 212w\" sizes=\"(max-width: 566px) 100vw, 566px\" \/><\/figure>\n","protected":false},"excerpt":{"rendered":"<p>di Francesco Lenoci Se hai tra i 18 e i 28 anni, hai a cuore il tuo territorio e vorresti<\/p>\n","protected":false},"author":4,"featured_media":3633,"comment_status":"open","ping_status":"closed","sticky":false,"template":"","format":"standard","meta":{"colormag_page_container_layout":"default_layout","colormag_page_sidebar_layout":"default_layout","_monsterinsights_skip_tracking":false,"_monsterinsights_sitenote_active":false,"_monsterinsights_sitenote_note":"","_monsterinsights_sitenote_category":0,"footnotes":""},"categories":[2,33],"tags":[],"class_list":["post-3632","post","type-post","status-publish","format-standard","has-post-thumbnail","hentry","category-attualita","category-spalla"],"_links":{"self":[{"href":"https:\/\/acquaviva.lavocedelpaese.info\/index.php\/wp-json\/wp\/v2\/posts\/3632","targetHints":{"allow":["GET"]}}],"collection":[{"href":"https:\/\/acquaviva.lavocedelpaese.info\/index.php\/wp-json\/wp\/v2\/posts"}],"about":[{"href":"https:\/\/acquaviva.lavocedelpaese.info\/index.php\/wp-json\/wp\/v2\/types\/post"}],"author":[{"embeddable":true,"href":"https:\/\/acquaviva.lavocedelpaese.info\/index.php\/wp-json\/wp\/v2\/users\/4"}],"replies":[{"embeddable":true,"href":"https:\/\/acquaviva.lavocedelpaese.info\/index.php\/wp-json\/wp\/v2\/comments?post=3632"}],"version-history":[{"count":1,"href":"https:\/\/acquaviva.lavocedelpaese.info\/index.php\/wp-json\/wp\/v2\/posts\/3632\/revisions"}],"predecessor-version":[{"id":3635,"href":"https:\/\/acquaviva.lavocedelpaese.info\/index.php\/wp-json\/wp\/v2\/posts\/3632\/revisions\/3635"}],"wp:featuredmedia":[{"embeddable":true,"href":"https:\/\/acquaviva.lavocedelpaese.info\/index.php\/wp-json\/wp\/v2\/media\/3633"}],"wp:attachment":[{"href":"https:\/\/acquaviva.lavocedelpaese.info\/index.php\/wp-json\/wp\/v2\/media?parent=3632"}],"wp:term":[{"taxonomy":"category","embeddable":true,"href":"https:\/\/acquaviva.lavocedelpaese.info\/index.php\/wp-json\/wp\/v2\/categories?post=3632"},{"taxonomy":"post_tag","embeddable":true,"href":"https:\/\/acquaviva.lavocedelpaese.info\/index.php\/wp-json\/wp\/v2\/tags?post=3632"}],"curies":[{"name":"wp","href":"https:\/\/api.w.org\/{rel}","templated":true}]}}