{"id":3628,"date":"2024-02-03T18:07:37","date_gmt":"2024-02-03T18:07:37","guid":{"rendered":"https:\/\/acquaviva.lavocedelpaese.info\/?p=3628"},"modified":"2024-02-03T18:07:39","modified_gmt":"2024-02-03T18:07:39","slug":"pinacoteca-metropolitana-di-bari-natura-scultura-di-enzo-guaricci","status":"publish","type":"post","link":"https:\/\/acquaviva.lavocedelpaese.info\/index.php\/2024\/02\/03\/pinacoteca-metropolitana-di-bari-natura-scultura-di-enzo-guaricci\/","title":{"rendered":"Pinacoteca Metropolitana di Bari: &#8216;Natura Scultura&#8217; di Enzo Guaricci"},"content":{"rendered":"\n<p>Gioved\u00ec 8 febbraio 2024, alle ore 11.00, presso la Pinacoteca metropolitana \u201cC. Giaquinto\u201d di Bari,&nbsp;si terr\u00e0 la&nbsp;conferenza stampa di presentazione&nbsp;della mostra&nbsp;\u201cNatura Scultura\u201d, retrospettiva dedicata all\u2019artista Enzo Guaricci&nbsp;a cura di Christine Farese Sperken e Roberto Lacarbonara, promossa dalla&nbsp;Citt\u00e0 Metropolitana di Bari.<\/p>\n\n\n\n<p><br>Interverranno: Antonio Decaro, Sindaco metropolitano; Francesca Pietroforte,&nbsp;Consigliera metropolitana delegata ai Beni culturali; Micaela Paparella, Consigliera comunale di Bari delegata alle politiche di valorizzazione del patrimonio storico, artistico e architettonico; Francesco Lombardo,&nbsp;Dirigente del Servizio Beni culturali e ICO; Emma Lobalsamo, responsabile coordinamento Pinacoteca \u201cCorrado Giaquinto\u201d; Roberta Giuliani, responsabile coordinamento Museo Archeologico di Santa Scolastica; Christine Farese Sperken e Roberto Lacarbonara, curatori della mostra.<\/p>\n\n\n\n<p><br>A un anno dalla scomparsa dell\u2019artista Enzo Guaricci (Acquaviva delle Fonti, 1945\u2013 2023), questa prima importante retrospettiva, ospitata nelle due sedi museali della Citt\u00e0 metropolitana di Bari \u2013 Pinacoteca \u201cCorrado Giaquinto\u201d e Museo Archeologico Santa Scolastica \u2013 ricostruisce, con circa cinquanta opere, oltre mezzo secolo di attivit\u00e0 artistica vissuta tra la Puglia e le citt\u00e0 di Firenze e Roma. Qui, nella seconda met\u00e0 degli anni Sessanta, Guaricci avvia la sua formazione di scenografo e la produzione pittorica nel solco della Nuova Figurazione Romana, prendendo parte ad alcune rassegne espositive del Capoluogo, anche grazie all\u2019apprezzamento e alla vicinanza del maestro Renzo Vespignani. In questi anni l\u2019artista ragiona su tematiche di carattere sociale e ambientale, aspetti che torneranno al centro del suo interesse anche nella successiva produzione scultorea.<br><br>A partire dal 1990 \u2013 in seguito alla brusca interruzione della produzione pittorica nel 1977 e al coinvolgimento in attivit\u00e0 professionali divise tra l\u2019insegnamento negli Istituti d\u2019arte di Bari e Monopoli, la scenografia e l\u2019architettura d\u2019interni \u2013 la ripresa dell\u2019attivit\u00e0 coinvolge l\u2019artista nella produzione di opere in bronzo, caratterizzate da colate incandescenti e tentativi di organizzazione formale che privilegiano la geometria del quadrato. In seguito, Guaricci elabora una singolare procedura tecnica, realizzando sculture in polvere di marmo, resina e ossidi in grado di conferire alla materia un aspetto fossile e pietrificato. Una svolta che porter\u00e0 l\u2019artista a produrre numerosi \u201creperti archeologici\u201d assolutamente verosimili, erosi dal tempo, allegorie di un presente gi\u00e0 archiviato e tracce iconiche di \u201ccome eravamo domani\u201d.<\/p>\n\n\n\n<p><br><strong>Enzo Guaricci \u201cNatura Scultura\u201d<br><\/strong><br>10 febbraio \u2013 31 maggio 2024<\/p>\n\n\n\n<p><br><strong>giorni e orari di apertura:<\/strong><\/p>\n\n\n\n<p>da marted\u00ec a sabato 09.00-19.00<br>(ultimo ingresso 18.30)<br>domenica 09.00-13.00<br>(ultimo ingresso 12.30)<br>luned\u00ec e festivit\u00e0 chiuso<\/p>\n\n\n\n<p><\/p>\n\n\n\n<p><\/p>\n\n\n\n<figure class=\"wp-block-image size-full\"><img decoding=\"async\" src=\"https:\/\/acquaviva.lavocedelpaese.info\/wp-content\/uploads\/2024\/02\/Enzo-Guaricci.jpg\" alt=\"\" class=\"wp-image-3629\" \/><\/figure>\n","protected":false},"excerpt":{"rendered":"<p>Gioved\u00ec 8 febbraio 2024, alle ore 11.00, presso la Pinacoteca metropolitana \u201cC. Giaquinto\u201d di Bari,&nbsp;si terr\u00e0 la&nbsp;conferenza stampa di presentazione&nbsp;della<\/p>\n","protected":false},"author":4,"featured_media":3629,"comment_status":"open","ping_status":"closed","sticky":false,"template":"","format":"standard","meta":{"colormag_page_container_layout":"default_layout","colormag_page_sidebar_layout":"default_layout","_monsterinsights_skip_tracking":false,"_monsterinsights_sitenote_active":false,"_monsterinsights_sitenote_note":"","_monsterinsights_sitenote_category":0,"footnotes":""},"categories":[5,6,30],"tags":[],"class_list":["post-3628","post","type-post","status-publish","format-standard","has-post-thumbnail","hentry","category-cultura","category-eventi","category-news"],"_links":{"self":[{"href":"https:\/\/acquaviva.lavocedelpaese.info\/index.php\/wp-json\/wp\/v2\/posts\/3628","targetHints":{"allow":["GET"]}}],"collection":[{"href":"https:\/\/acquaviva.lavocedelpaese.info\/index.php\/wp-json\/wp\/v2\/posts"}],"about":[{"href":"https:\/\/acquaviva.lavocedelpaese.info\/index.php\/wp-json\/wp\/v2\/types\/post"}],"author":[{"embeddable":true,"href":"https:\/\/acquaviva.lavocedelpaese.info\/index.php\/wp-json\/wp\/v2\/users\/4"}],"replies":[{"embeddable":true,"href":"https:\/\/acquaviva.lavocedelpaese.info\/index.php\/wp-json\/wp\/v2\/comments?post=3628"}],"version-history":[{"count":1,"href":"https:\/\/acquaviva.lavocedelpaese.info\/index.php\/wp-json\/wp\/v2\/posts\/3628\/revisions"}],"predecessor-version":[{"id":3630,"href":"https:\/\/acquaviva.lavocedelpaese.info\/index.php\/wp-json\/wp\/v2\/posts\/3628\/revisions\/3630"}],"wp:featuredmedia":[{"embeddable":true,"href":"https:\/\/acquaviva.lavocedelpaese.info\/index.php\/wp-json\/wp\/v2\/media\/3629"}],"wp:attachment":[{"href":"https:\/\/acquaviva.lavocedelpaese.info\/index.php\/wp-json\/wp\/v2\/media?parent=3628"}],"wp:term":[{"taxonomy":"category","embeddable":true,"href":"https:\/\/acquaviva.lavocedelpaese.info\/index.php\/wp-json\/wp\/v2\/categories?post=3628"},{"taxonomy":"post_tag","embeddable":true,"href":"https:\/\/acquaviva.lavocedelpaese.info\/index.php\/wp-json\/wp\/v2\/tags?post=3628"}],"curies":[{"name":"wp","href":"https:\/\/api.w.org\/{rel}","templated":true}]}}