{"id":3624,"date":"2024-02-03T09:33:00","date_gmt":"2024-02-03T09:33:00","guid":{"rendered":"https:\/\/acquaviva.lavocedelpaese.info\/?p=3624"},"modified":"2024-02-03T17:35:52","modified_gmt":"2024-02-03T17:35:52","slug":"al-via-sipari-dinverno-al-teatro-luciani","status":"publish","type":"post","link":"https:\/\/acquaviva.lavocedelpaese.info\/index.php\/2024\/02\/03\/al-via-sipari-dinverno-al-teatro-luciani\/","title":{"rendered":"Al via &#8220;Sipari d&#8217;inverno&#8221; al teatro Luciani"},"content":{"rendered":"\n<h1 class=\"wp-block-heading\"><\/h1>\n\n\n\n<h2 class=\"wp-block-heading\"><\/h2>\n\n\n\n<p>Sabato 3 febbraio partir\u00e0 la rassegna teatrale \u201cSipari d\u2019inverno\u201d al Teatro Luciani di Acquaviva delle Fonti, a promuovere l\u2019iniziativa AncheCinema in collaborazione con il Comune. Protagonista del primo appuntamento, dal titolo Rag\u00f9 2.0, sar\u00e0 il regista e attore barese, Vito Signorile.<\/p>\n\n\n\n<p>Nell\u2019ottica della diversificazione dell\u2019offerta e del costante confronto con le realt\u00e0 culturali pi\u00f9 attive, AncheCinema s.r.l. ha ideato la rassegna \u201cSipari d\u2019inverno\u201d, che vuole riunire in un\u00a0<strong>programma coerente gli spettacoli speciali fuori stagione, frutto del dialogo con le istituzioni, con le associazioni, con gli operatori e con gli artisti pugliesi e non.\u00a0<\/strong>Gli spettacoli della rassegna verranno programmati nei teatri gestiti da AncheCinema,.<\/p>\n\n\n\n<p>A inaugurare \u201cSipari d\u2019inverno\u201d ad Acquaviva delle Fonti sar\u00e0 una rassegna teatrale di spettacoli definita insieme al Comune e a Vito Signorile, direttore artistico del Centro Polivalente di Cultura Gruppo Abeliano.&nbsp;<strong>Il Gruppo Abeliano \u00e8 una realt\u00e0 che ha fatto la storia del teatro pugliese e italiano, che andr\u00e0 a impreziosire la gi\u00e0 ricca offerta di spettacoli che rientrano nelle stagioni del Teatro Comunale \u201cSebastiano Arturo Luciani\u201d&nbsp;<\/strong>di Acquaviva delle Fonti: la stagione 2023\/2024 di teatro, danza, musica e stand up comedy promossa dal Comune insieme ad AncheCinema e la stagione teatrale 2024 promossa dal Comune insieme al Teatro Pubblico Pugliese.<\/p>\n\n\n\n<p>Ecco i 4 appuntamenti:<\/p>\n\n\n\n<p>sabato 3 FEB | ore 20.30<\/p>\n\n\n\n<p><strong>RAG\u00d9 2.0<\/strong><\/p>\n\n\n\n<p>LA TRADIZIONE ORALE DEL POPOLO BARESE<\/p>\n\n\n\n<p>Recital con VITO SIGNORILE<\/p>\n\n\n\n<p>domenica 11 FEB | ore 19.00<\/p>\n\n\n\n<p><strong>E SE FOSSI UN GHIRIG\u00d2RO?<\/strong><\/p>\n\n\n\n<p>con DAVIDE CEDD\u00ccA e ROBERTO BARATTO al pianoforte<\/p>\n\n\n\n<p>regia VITO SIGNORILE<\/p>\n\n\n\n<p>domenica 25 FEB | ore 19.00<\/p>\n\n\n\n<p><strong>Non tutti i ladri vengono per nuocere<\/strong><\/p>\n\n\n\n<p>di DARIO FO e FRANCA RAME | spazio e regia di VITO SIGNORILE<\/p>\n\n\n\n<p>con NICOLA CONVERSANO, ANTONELLA LISO, EDOARDO EPIFANI,<\/p>\n\n\n\n<p>DOMENICO MONOPOLI, DANIELA LADISI e TOMMASO CITARELLA<\/p>\n\n\n\n<p>gioved\u00ec 29 FEB | ore 20.30<\/p>\n\n\n\n<p><strong>#Pi\u00f9 Shakespeare Per Tutti<\/strong><\/p>\n\n\n\n<p>VITO SIGNORILE &amp; ANTONIO STORNAIOLO<\/p>\n\n\n\n<p>Percorso drammaturgico di ANTONIO STORNAIOLO<\/p>\n\n\n\n<p>L\u2019<strong>assessore alla Cultura del Comune di Acquaviva, Mariagrazia Barbieri:<\/strong>\u00a0\u201cL\u2019attesa \u00e8 stata lunga ma finalmente Acquaviva ha di nuovo un teatro, con il lavoro portato a termine dalla passata amministrazione. Ora\u00a0<strong>sta a noi intercettare tutte le opportunit\u00e0 di ulteriore sviluppo di un sito tanto prezioso. Lo dobbiamo ai cittadini affinch\u00e9 abbiano una proposta culturale importante e a tutti gli operatori di un settore che pu\u00f2 rappresentare volano di sviluppo per l\u2019economia locale<\/strong>\u201d.<\/p>\n\n\n\n<figure class=\"wp-block-image size-full\"><img decoding=\"async\" width=\"566\" height=\"800\" src=\"https:\/\/acquaviva.lavocedelpaese.info\/wp-content\/uploads\/2024\/02\/421951340_977079213854174_9110764942792893656_n-1.jpg\" alt=\"\" class=\"wp-image-3626\" srcset=\"https:\/\/acquaviva.lavocedelpaese.info\/wp-content\/uploads\/2024\/02\/421951340_977079213854174_9110764942792893656_n-1.jpg 566w, https:\/\/acquaviva.lavocedelpaese.info\/wp-content\/uploads\/2024\/02\/421951340_977079213854174_9110764942792893656_n-1-212x300.jpg 212w\" sizes=\"(max-width: 566px) 100vw, 566px\" \/><\/figure>\n","protected":false},"excerpt":{"rendered":"<p>Sabato 3 febbraio partir\u00e0 la rassegna teatrale \u201cSipari d\u2019inverno\u201d al Teatro Luciani di Acquaviva delle Fonti, a promuovere l\u2019iniziativa AncheCinema<\/p>\n","protected":false},"author":4,"featured_media":3625,"comment_status":"open","ping_status":"closed","sticky":false,"template":"","format":"standard","meta":{"colormag_page_container_layout":"default_layout","colormag_page_sidebar_layout":"default_layout","_monsterinsights_skip_tracking":false,"_monsterinsights_sitenote_active":false,"_monsterinsights_sitenote_note":"","_monsterinsights_sitenote_category":0,"footnotes":""},"categories":[5,30,33],"tags":[],"class_list":["post-3624","post","type-post","status-publish","format-standard","has-post-thumbnail","hentry","category-cultura","category-news","category-spalla"],"_links":{"self":[{"href":"https:\/\/acquaviva.lavocedelpaese.info\/index.php\/wp-json\/wp\/v2\/posts\/3624","targetHints":{"allow":["GET"]}}],"collection":[{"href":"https:\/\/acquaviva.lavocedelpaese.info\/index.php\/wp-json\/wp\/v2\/posts"}],"about":[{"href":"https:\/\/acquaviva.lavocedelpaese.info\/index.php\/wp-json\/wp\/v2\/types\/post"}],"author":[{"embeddable":true,"href":"https:\/\/acquaviva.lavocedelpaese.info\/index.php\/wp-json\/wp\/v2\/users\/4"}],"replies":[{"embeddable":true,"href":"https:\/\/acquaviva.lavocedelpaese.info\/index.php\/wp-json\/wp\/v2\/comments?post=3624"}],"version-history":[{"count":1,"href":"https:\/\/acquaviva.lavocedelpaese.info\/index.php\/wp-json\/wp\/v2\/posts\/3624\/revisions"}],"predecessor-version":[{"id":3627,"href":"https:\/\/acquaviva.lavocedelpaese.info\/index.php\/wp-json\/wp\/v2\/posts\/3624\/revisions\/3627"}],"wp:featuredmedia":[{"embeddable":true,"href":"https:\/\/acquaviva.lavocedelpaese.info\/index.php\/wp-json\/wp\/v2\/media\/3625"}],"wp:attachment":[{"href":"https:\/\/acquaviva.lavocedelpaese.info\/index.php\/wp-json\/wp\/v2\/media?parent=3624"}],"wp:term":[{"taxonomy":"category","embeddable":true,"href":"https:\/\/acquaviva.lavocedelpaese.info\/index.php\/wp-json\/wp\/v2\/categories?post=3624"},{"taxonomy":"post_tag","embeddable":true,"href":"https:\/\/acquaviva.lavocedelpaese.info\/index.php\/wp-json\/wp\/v2\/tags?post=3624"}],"curies":[{"name":"wp","href":"https:\/\/api.w.org\/{rel}","templated":true}]}}