{"id":3559,"date":"2024-01-12T16:11:50","date_gmt":"2024-01-12T16:11:50","guid":{"rendered":"https:\/\/acquaviva.lavocedelpaese.info\/?p=3559"},"modified":"2024-01-12T16:11:51","modified_gmt":"2024-01-12T16:11:51","slug":"la-destra-verso-il-futuro-itinerario-di-una-svolta","status":"publish","type":"post","link":"https:\/\/acquaviva.lavocedelpaese.info\/index.php\/2024\/01\/12\/la-destra-verso-il-futuro-itinerario-di-una-svolta\/","title":{"rendered":"La Destra verso il Futuro. Itinerario di una svolta"},"content":{"rendered":"\n<p>Venerd\u00ec 12 gennaio alle ore 18:30 nella sala Cesare Colafemmina di Palazzo di Citt\u00e0 ad Acquaviva delle Fonti si terr\u00e0 la presentazione del libro &#8220;La Destra verso il Futuro. Itinerario di una svolta&#8221;. <\/p>\n\n\n\n<p>Questo inedito di Pinuccio Tatarella, mai dato alle stampe, ritrovato durante i lavori di ordinamento e digitalizzazione dell\u2019archivio Tatarella, \u00e8 un prezioso contributo per raccontare l\u2019evoluzione della destra italiana, il passaggio da una destra di protesta a una di proposta, spiegato dal principale artefice della svolta. Il libro raccoglie una serie di interviste e articoli di Pinuccio Tatarella, pubblicati su diverse testate tra il dicembre del 1986 e il novembre del 1993.\u00a0 Le elezioni del marzo del 1994, le conseguenti responsabilit\u00e0 di governo assunte da Tatarella, Vicepresidente del Consiglio e Ministro delle poste e telecomunicazioni, e la prematura scomparsa, devono averne impedito la pubblicazione. La destra moderna, europea e di governo \u00e8 nata a Fiuggi con la creazione di Alleanza Nazionale, una destra non pi\u00f9 emarginabile dal gioco della democrazia, grazie alla lungimiranza di Pinuccio Tatarella.<\/p>\n\n\n\n<figure class=\"wp-block-image size-full\"><img decoding=\"async\" src=\"https:\/\/acquaviva.lavocedelpaese.info\/wp-content\/uploads\/2024\/01\/98f65b70-6cd5-4eeb-8416-e999fe164e75.jpg\" alt=\"\" class=\"wp-image-3560\" \/><\/figure>\n","protected":false},"excerpt":{"rendered":"<p>Venerd\u00ec 12 gennaio alle ore 18:30 nella sala Cesare Colafemmina di Palazzo di Citt\u00e0 ad Acquaviva delle Fonti si terr\u00e0<\/p>\n","protected":false},"author":4,"featured_media":3560,"comment_status":"open","ping_status":"closed","sticky":false,"template":"","format":"standard","meta":{"colormag_page_container_layout":"default_layout","colormag_page_sidebar_layout":"default_layout","_monsterinsights_skip_tracking":false,"_monsterinsights_sitenote_active":false,"_monsterinsights_sitenote_note":"","_monsterinsights_sitenote_category":0,"footnotes":""},"categories":[3,33],"tags":[],"class_list":["post-3559","post","type-post","status-publish","format-standard","has-post-thumbnail","hentry","category-politica","category-spalla"],"_links":{"self":[{"href":"https:\/\/acquaviva.lavocedelpaese.info\/index.php\/wp-json\/wp\/v2\/posts\/3559","targetHints":{"allow":["GET"]}}],"collection":[{"href":"https:\/\/acquaviva.lavocedelpaese.info\/index.php\/wp-json\/wp\/v2\/posts"}],"about":[{"href":"https:\/\/acquaviva.lavocedelpaese.info\/index.php\/wp-json\/wp\/v2\/types\/post"}],"author":[{"embeddable":true,"href":"https:\/\/acquaviva.lavocedelpaese.info\/index.php\/wp-json\/wp\/v2\/users\/4"}],"replies":[{"embeddable":true,"href":"https:\/\/acquaviva.lavocedelpaese.info\/index.php\/wp-json\/wp\/v2\/comments?post=3559"}],"version-history":[{"count":1,"href":"https:\/\/acquaviva.lavocedelpaese.info\/index.php\/wp-json\/wp\/v2\/posts\/3559\/revisions"}],"predecessor-version":[{"id":3561,"href":"https:\/\/acquaviva.lavocedelpaese.info\/index.php\/wp-json\/wp\/v2\/posts\/3559\/revisions\/3561"}],"wp:featuredmedia":[{"embeddable":true,"href":"https:\/\/acquaviva.lavocedelpaese.info\/index.php\/wp-json\/wp\/v2\/media\/3560"}],"wp:attachment":[{"href":"https:\/\/acquaviva.lavocedelpaese.info\/index.php\/wp-json\/wp\/v2\/media?parent=3559"}],"wp:term":[{"taxonomy":"category","embeddable":true,"href":"https:\/\/acquaviva.lavocedelpaese.info\/index.php\/wp-json\/wp\/v2\/categories?post=3559"},{"taxonomy":"post_tag","embeddable":true,"href":"https:\/\/acquaviva.lavocedelpaese.info\/index.php\/wp-json\/wp\/v2\/tags?post=3559"}],"curies":[{"name":"wp","href":"https:\/\/api.w.org\/{rel}","templated":true}]}}