{"id":3548,"date":"2024-01-07T09:21:32","date_gmt":"2024-01-07T09:21:32","guid":{"rendered":"https:\/\/acquaviva.lavocedelpaese.info\/?p=3548"},"modified":"2024-01-12T05:50:25","modified_gmt":"2024-01-12T05:50:25","slug":"al-via-il-tesseramento-dei-soci-pro-loco","status":"publish","type":"post","link":"https:\/\/acquaviva.lavocedelpaese.info\/index.php\/2024\/01\/07\/al-via-il-tesseramento-dei-soci-pro-loco\/","title":{"rendered":"Al via il tesseramento dei soci Pro Loco"},"content":{"rendered":"\n<p><\/p>\n\n\n\n<p>Entra a far parte della famiglia delle Pro Loco d\u2019Italia, un grande mondo composto da oltre 6300 Associazioni Pro Loco e oltre 500.000 associati su tutto il territorio nazionale. Le Pro Loco sono storia, turismo e cultura e ci permettono di scoprire i luoghi pi\u00f9 suggestivi e gli itinerari pi\u00f9 emozionanti della nostra splendida penisola. Richiedi subito la Tessera del Socio alla tua Pro Loco, registrati cliccando qui e sarai sempre aggiornato sulle nuove convenzioni e sugli sconti last minute.<\/p>\n\n\n\n<p>La Tessera del Socio Pro Loco \u00e8 la card associativa di tutte le Pro Loco d\u2019Italia. Un\u2019unica tessera che permetter\u00e0 di sentirsi parte del mondo Pro Loco e, soprattutto, garantir\u00e0 migliaia di sconti su tutto il territorio nazionale.<\/p>\n\n\n\n<p>Sul sito tesseradelsocio.it sono elencate tutte le convenzioni nazionali e locali divise per categoria e regione. Tutte le convenzioni sono geolocalizzate su una mappa cos\u00ec da permettere una facile individuazione.<\/p>\n\n\n\n<p>La&nbsp;<strong>Pro Loco \u201cCurtomartino\u201d<\/strong>&nbsp;con oltre 25 anni di storia \u00e8 una delle realt\u00e0 associative del territorio pi\u00f9 attive e longeve. L\u2019organizzazione di eventi e manifestazioni legati (<em>Festa della Cipolla Rossa<\/em>, la&nbsp;<em>Festa del Vino Primitivo e del Cece Nero<\/em>&nbsp;e la&nbsp;<em>Festa delle Pettole<\/em>) alla tradizione e alla cultura, al turismo del territorio, la gestione dell\u2019<strong>Info Point Turistico<\/strong>&nbsp;e della&nbsp;<strong>Biblioteca Comunale<\/strong>, collaborazioni e piccoli eventi sono solo alcune delle iniziative che annualmente vengono supportate da decine di volontari.<\/p>\n\n\n\n<p><br>Dal 2020 \u00e8 sede del&nbsp;<strong><a href=\"https:\/\/www.prolocoacquaviva.it\/servizio-civile-2024\">Ser<\/a><a href=\"https:\/\/www.prolocoacquaviva.it\/servizio-civile-2023-bando-scadenza-10-febbraio\/\">vizio Civile Universale<\/a><\/strong>, che d\u00e0 l\u2019opportunit\u00e0 a ragazzi dai 18 ai 28 anni di svolgere un periodo di 12 mesi e avvicinarsi al mondo pro loco e del lavoro.<\/p>\n\n\n\n<p>\u201cUna grande famiglia composta da numerose professionalit\u00e0 e competenze, che negli anni ha visto ragazzi e ragazze avvicinarsi al mondo associativo, formarsi e intraprendere poi il proprio percorso lavorativo\u201d, dice il&nbsp;<em>vice Presidente Alessandro Macchia<\/em>&nbsp;\u201cun luogo comune dove condividere e costruire progettualit\u00e0 per la comunit\u00e0 e continuare a tenere acceso quel motore che, attraverso le idee e lo spirito di iniziativa, riesce a creare e a diversificare un\u2019offerta variegata culturale, sociale e turistica\u201d. Le porte della nostra Associazione, ormai da oltre 25 anni, sono sempre aperte verso la comunit\u00e0 e a tutti coloro che sono proiettati verso le il bene della nostra citt\u00e0\u201d.<\/p>\n\n\n\n<p>Il costo della tessera \u00e8 di 20,00\u20ac\/anno mentre di 10,00\u20ac per studenti under 26.<br>Per i nuovi iscritti \u00e8 possibile scaricare il modulo di adesione&nbsp;<a href=\"https:\/\/www.prolocoacquaviva.it\/wp-content\/uploads\/2024\/01\/modulo-tesseramento-e-privacy-2024.pdf\">QUI<\/a>.<br>C\u2019\u00e8 tempo<strong>&nbsp;fino al 29 febbraio 2024<\/strong>, per iscriversi o rinnovare la propria tessera<\/p>\n\n\n\n<p><em>Informazioni<\/em>:<br><strong>ASSOCIAZIONE TURISTICA PRO LOCO CURTOMARTINO<\/strong><br>c\/o&nbsp;<em>INFO POINT TURISTICO DI ACQUAVIVA DELLE FONTI<\/em><br>P.zza Maria SS. di Costantinopoli 16 \/ Acquaviva delle Fonti<br><a href=\"mailto:info@prolocoacquaviva.it\">info@prolocoacquaviva.it<\/a>&nbsp;\/&nbsp;<a href=\"http:\/\/wa.me\/393923369394\">+39.392.3369394<\/a>&nbsp;(tel.\/whatsapp)<br>Orari: da gioved\u00ec alla domenica dalle ore 09:00 alle ore 13:00 e dalle ore 15:00 alle ore 20:00.<\/p>\n\n\n\n<p><\/p>\n\n\n\n<p><\/p>\n\n\n\n<figure class=\"wp-block-image size-full\"><img decoding=\"async\" src=\"https:\/\/acquaviva.lavocedelpaese.info\/wp-content\/uploads\/2024\/01\/tesseramento_2024-01.jpg\" alt=\"\" class=\"wp-image-3549\" \/><\/figure>\n","protected":false},"excerpt":{"rendered":"<p>Entra a far parte della famiglia delle Pro Loco d\u2019Italia, un grande mondo composto da oltre 6300 Associazioni Pro Loco<\/p>\n","protected":false},"author":4,"featured_media":3549,"comment_status":"open","ping_status":"closed","sticky":false,"template":"","format":"standard","meta":{"colormag_page_container_layout":"default_layout","colormag_page_sidebar_layout":"default_layout","_monsterinsights_skip_tracking":false,"_monsterinsights_sitenote_active":false,"_monsterinsights_sitenote_note":"","_monsterinsights_sitenote_category":0,"footnotes":""},"categories":[2,33],"tags":[],"class_list":["post-3548","post","type-post","status-publish","format-standard","has-post-thumbnail","hentry","category-attualita","category-spalla"],"_links":{"self":[{"href":"https:\/\/acquaviva.lavocedelpaese.info\/index.php\/wp-json\/wp\/v2\/posts\/3548","targetHints":{"allow":["GET"]}}],"collection":[{"href":"https:\/\/acquaviva.lavocedelpaese.info\/index.php\/wp-json\/wp\/v2\/posts"}],"about":[{"href":"https:\/\/acquaviva.lavocedelpaese.info\/index.php\/wp-json\/wp\/v2\/types\/post"}],"author":[{"embeddable":true,"href":"https:\/\/acquaviva.lavocedelpaese.info\/index.php\/wp-json\/wp\/v2\/users\/4"}],"replies":[{"embeddable":true,"href":"https:\/\/acquaviva.lavocedelpaese.info\/index.php\/wp-json\/wp\/v2\/comments?post=3548"}],"version-history":[{"count":1,"href":"https:\/\/acquaviva.lavocedelpaese.info\/index.php\/wp-json\/wp\/v2\/posts\/3548\/revisions"}],"predecessor-version":[{"id":3550,"href":"https:\/\/acquaviva.lavocedelpaese.info\/index.php\/wp-json\/wp\/v2\/posts\/3548\/revisions\/3550"}],"wp:featuredmedia":[{"embeddable":true,"href":"https:\/\/acquaviva.lavocedelpaese.info\/index.php\/wp-json\/wp\/v2\/media\/3549"}],"wp:attachment":[{"href":"https:\/\/acquaviva.lavocedelpaese.info\/index.php\/wp-json\/wp\/v2\/media?parent=3548"}],"wp:term":[{"taxonomy":"category","embeddable":true,"href":"https:\/\/acquaviva.lavocedelpaese.info\/index.php\/wp-json\/wp\/v2\/categories?post=3548"},{"taxonomy":"post_tag","embeddable":true,"href":"https:\/\/acquaviva.lavocedelpaese.info\/index.php\/wp-json\/wp\/v2\/tags?post=3548"}],"curies":[{"name":"wp","href":"https:\/\/api.w.org\/{rel}","templated":true}]}}