{"id":3533,"date":"2024-01-02T16:46:50","date_gmt":"2024-01-02T16:46:50","guid":{"rendered":"https:\/\/acquaviva.lavocedelpaese.info\/?p=3533"},"modified":"2024-01-02T16:46:51","modified_gmt":"2024-01-02T16:46:51","slug":"concerto-di-capodanno-vissi-darte-a-palazzo","status":"publish","type":"post","link":"https:\/\/acquaviva.lavocedelpaese.info\/index.php\/2024\/01\/02\/concerto-di-capodanno-vissi-darte-a-palazzo\/","title":{"rendered":"Concerto di Capodanno: &#8220;Vissi d&#8217;arte&#8230;a Palazzo!&#8221;"},"content":{"rendered":"\n<p>Ritorna, nella sua ottava edizione, il tanto atteso appuntamento musicale di inizio anno ad Acquaviva delle Fonti, con il gran&nbsp;<strong>Concerto di Capodanno<\/strong>&nbsp;del&nbsp;<strong>Festival Opera de Mari<\/strong>, quest&#8217;anno intitolato&nbsp;<strong>&#8220;Vissi d&#8217;arte&#8230;a Palazzo&#8221;<\/strong>&nbsp;e dedicato al grande compositore&nbsp;<strong>Giacomo Puccini&nbsp;<\/strong>nel centenario della sua morte.<\/p>\n\n\n\n<p><strong>Venerd\u00ec 5 gennaio alle 20:30<\/strong>, nel&nbsp;<strong>Salone delle Feste di Palazzo de Mari di Acquaviva delle Fonti<\/strong>, andr\u00e0 in scena una kermesse musicale all\u2019insegna della grande lirica pucciniana e del repertorio sinfonico tipico dei grandi concerti di Capodanno, nello stile romantico italo-viennese.<\/p>\n\n\n\n<p>Nella splendida cornice di Palazzo de Mari, l\u2019<strong>Orchestra Festival Opera de Mari<\/strong>&nbsp;diretta dal M\u00b0&nbsp;<strong>Giuseppe Bini<\/strong>, con i solisti cantanti il soprano&nbsp;<strong>Grazia Berardi<\/strong>, il tenore&nbsp;<strong>Paolo Spagnuolo<\/strong>&nbsp;e il soprano&nbsp;<strong>Natalizia Carone<\/strong>, quest&#8217;ultima Presidente del Festival Opera de Mari, che nella veste di anche di presentatrice introdurr\u00e0 il gentile pubblico con un ascolto guidato al ricco programma della serata, che vedr\u00e0 l\u2019esecuzione di celebri arie e duetti tratti dalle opere di Puccini&nbsp;<em>La Boh\u00e8me, Tosca&nbsp;<\/em>e&nbsp;<em>Tundarot<\/em>, oltre a brani sinfonici e vocali di Strauss padre e figlio, Offenbach e Tchiakovsky.<\/p>\n\n\n\n<p>Anche quest\u2019anno il&nbsp;<em>Festival Opera de Mari<\/em>&nbsp;ha aperto il contenitore culturale del Concerto di Capodanno alla solidariet\u00e0, accogliendo i volontari della&nbsp;<em>Soc. Coop. Sociale &#8220;AD CURAM&#8221;<\/em>&nbsp;che si occupa di Cure Palliative Pediatriche con il progetto<em>&nbsp;&#8220;A casa mi piace di pi\u00f9!&#8221;<\/em>&nbsp;, a cui andr\u00e0 il ricavato della Lotteria di Solidariet\u00e0.<\/p>\n\n\n\n<p>Primo premio della Lotteria una creazione artigianale a cura di\u00a0<em>DILLO Acrylic Design,\u00a0<\/em>azienda<em>\u00a0<\/em>ospite della serata.<\/p>\n\n\n\n<p>L&#8217;evento, organizzato dall&#8217;Ass. MUSICanto nell&#8217;ambito del Progetto I\u2665\ufe0fOPERA, nato prima della pandemia per un rilancio dell&#8217;Opera Lirica sul territorio, \u00e8 patrocinato dalla Citt\u00e0 Metropolitana di Bari e dal Comune di Acquaviva delle Fonti.<br><br>Venerd\u00ec 5 gennaio ore 20:30<br>Salone delle Feste di Palazzo de Mari &#8211; Acquaviva delle Fonti (BA)<br>Ingresso: \u20ac12 + costi di prevendita<br>Prevendita diretta_ presso Info Point Turistico<br>Piazza Maria SS. di Costantinopoli, 16 &#8211; Acquaviva delle Fonti<br>Tel. +39 392.33.69.394<br><br> Prevendite online su eventbrite.it<br>https:\/\/www.eventbrite.it\/e\/biglietti-concerto-di-capodanno-vissi-dartea-palazzo-779495581267<br><br> Infoline FOdM: +39 388.93.80.260<br>email: info@festivaloperademari.it<br><a href=\"http:\/\/www.festivaloperademari.it\/\">www.festivaloperademari.it<\/a><\/p>\n\n\n\n<figure class=\"wp-block-image size-full\"><img decoding=\"async\" src=\"https:\/\/acquaviva.lavocedelpaese.info\/wp-content\/uploads\/2024\/01\/https___cdn.evbuc_.com_images_660875509_100643306907_1_original.jpg\" alt=\"\" class=\"wp-image-3534\" \/><\/figure>\n\n\n\n<p><strong>Orchestra Festival Opera de Mari<\/strong><\/p>\n\n\n\n<figure class=\"wp-block-image size-full\"><img decoding=\"async\" width=\"720\" height=\"477\" src=\"https:\/\/acquaviva.lavocedelpaese.info\/wp-content\/uploads\/2024\/01\/https___cdn.evbuc_.com_images_663368139_100643306907_1_original.jpg\" alt=\"\" class=\"wp-image-3535\" srcset=\"https:\/\/acquaviva.lavocedelpaese.info\/wp-content\/uploads\/2024\/01\/https___cdn.evbuc_.com_images_663368139_100643306907_1_original.jpg 720w, https:\/\/acquaviva.lavocedelpaese.info\/wp-content\/uploads\/2024\/01\/https___cdn.evbuc_.com_images_663368139_100643306907_1_original-300x199.jpg 300w\" sizes=\"(max-width: 720px) 100vw, 720px\" \/><\/figure>\n\n\n\n<p><strong>GIUSEPPE BINI<\/strong>\u00a0direttore d&#8217;orchestra &#8211; pianista &#8211; compositore<\/p>\n\n\n\n<figure class=\"wp-block-image size-full\"><img decoding=\"async\" width=\"533\" height=\"800\" src=\"https:\/\/acquaviva.lavocedelpaese.info\/wp-content\/uploads\/2024\/01\/https___cdn.evbuc_.com_images_411495219_100643306907_1_original.jpg\" alt=\"\" class=\"wp-image-3536\" srcset=\"https:\/\/acquaviva.lavocedelpaese.info\/wp-content\/uploads\/2024\/01\/https___cdn.evbuc_.com_images_411495219_100643306907_1_original.jpg 533w, https:\/\/acquaviva.lavocedelpaese.info\/wp-content\/uploads\/2024\/01\/https___cdn.evbuc_.com_images_411495219_100643306907_1_original-200x300.jpg 200w\" sizes=\"(max-width: 533px) 100vw, 533px\" \/><\/figure>\n\n\n\n<p><strong>NATALIZIA CARONE<\/strong>\u00a0soprano<\/p>\n\n\n\n<figure class=\"wp-block-image size-full\"><img decoding=\"async\" width=\"533\" height=\"800\" src=\"https:\/\/acquaviva.lavocedelpaese.info\/wp-content\/uploads\/2024\/01\/https___cdn.evbuc_.com_images_411495279_100643306907_1_original.jpg\" alt=\"\" class=\"wp-image-3537\" srcset=\"https:\/\/acquaviva.lavocedelpaese.info\/wp-content\/uploads\/2024\/01\/https___cdn.evbuc_.com_images_411495279_100643306907_1_original.jpg 533w, https:\/\/acquaviva.lavocedelpaese.info\/wp-content\/uploads\/2024\/01\/https___cdn.evbuc_.com_images_411495279_100643306907_1_original-200x300.jpg 200w\" sizes=\"(max-width: 533px) 100vw, 533px\" \/><\/figure>\n\n\n\n<p><strong><strong>GRAZIA BERARDI<\/strong><\/strong>\u00a0soprano<\/p>\n\n\n\n<figure class=\"wp-block-image size-full\"><img decoding=\"async\" width=\"720\" height=\"720\" src=\"https:\/\/acquaviva.lavocedelpaese.info\/wp-content\/uploads\/2024\/01\/https___cdn.evbuc_.com_images_660272399_100643306907_1_original.jpg\" alt=\"\" class=\"wp-image-3538\" srcset=\"https:\/\/acquaviva.lavocedelpaese.info\/wp-content\/uploads\/2024\/01\/https___cdn.evbuc_.com_images_660272399_100643306907_1_original.jpg 720w, https:\/\/acquaviva.lavocedelpaese.info\/wp-content\/uploads\/2024\/01\/https___cdn.evbuc_.com_images_660272399_100643306907_1_original-300x300.jpg 300w, https:\/\/acquaviva.lavocedelpaese.info\/wp-content\/uploads\/2024\/01\/https___cdn.evbuc_.com_images_660272399_100643306907_1_original-150x150.jpg 150w\" sizes=\"(max-width: 720px) 100vw, 720px\" \/><\/figure>\n\n\n\n<p><strong><strong>PAOLO SPAGNUOLO<\/strong><\/strong>\u00a0tenore<\/p>\n\n\n\n<figure class=\"wp-block-image size-full\"><img decoding=\"async\" width=\"629\" height=\"800\" src=\"https:\/\/acquaviva.lavocedelpaese.info\/wp-content\/uploads\/2024\/01\/https___cdn.evbuc_.com_images_663366109_100643306907_1_original.jpg\" alt=\"\" class=\"wp-image-3539\" srcset=\"https:\/\/acquaviva.lavocedelpaese.info\/wp-content\/uploads\/2024\/01\/https___cdn.evbuc_.com_images_663366109_100643306907_1_original.jpg 629w, https:\/\/acquaviva.lavocedelpaese.info\/wp-content\/uploads\/2024\/01\/https___cdn.evbuc_.com_images_663366109_100643306907_1_original-236x300.jpg 236w\" sizes=\"(max-width: 629px) 100vw, 629px\" \/><\/figure>\n","protected":false},"excerpt":{"rendered":"<p>Ritorna, nella sua ottava edizione, il tanto atteso appuntamento musicale di inizio anno ad Acquaviva delle Fonti, con il gran&nbsp;Concerto<\/p>\n","protected":false},"author":4,"featured_media":3534,"comment_status":"open","ping_status":"closed","sticky":false,"template":"","format":"standard","meta":{"colormag_page_container_layout":"default_layout","colormag_page_sidebar_layout":"default_layout","_monsterinsights_skip_tracking":false,"_monsterinsights_sitenote_active":false,"_monsterinsights_sitenote_note":"","_monsterinsights_sitenote_category":0,"footnotes":""},"categories":[5,6,33],"tags":[],"class_list":["post-3533","post","type-post","status-publish","format-standard","has-post-thumbnail","hentry","category-cultura","category-eventi","category-spalla"],"_links":{"self":[{"href":"https:\/\/acquaviva.lavocedelpaese.info\/index.php\/wp-json\/wp\/v2\/posts\/3533","targetHints":{"allow":["GET"]}}],"collection":[{"href":"https:\/\/acquaviva.lavocedelpaese.info\/index.php\/wp-json\/wp\/v2\/posts"}],"about":[{"href":"https:\/\/acquaviva.lavocedelpaese.info\/index.php\/wp-json\/wp\/v2\/types\/post"}],"author":[{"embeddable":true,"href":"https:\/\/acquaviva.lavocedelpaese.info\/index.php\/wp-json\/wp\/v2\/users\/4"}],"replies":[{"embeddable":true,"href":"https:\/\/acquaviva.lavocedelpaese.info\/index.php\/wp-json\/wp\/v2\/comments?post=3533"}],"version-history":[{"count":1,"href":"https:\/\/acquaviva.lavocedelpaese.info\/index.php\/wp-json\/wp\/v2\/posts\/3533\/revisions"}],"predecessor-version":[{"id":3540,"href":"https:\/\/acquaviva.lavocedelpaese.info\/index.php\/wp-json\/wp\/v2\/posts\/3533\/revisions\/3540"}],"wp:featuredmedia":[{"embeddable":true,"href":"https:\/\/acquaviva.lavocedelpaese.info\/index.php\/wp-json\/wp\/v2\/media\/3534"}],"wp:attachment":[{"href":"https:\/\/acquaviva.lavocedelpaese.info\/index.php\/wp-json\/wp\/v2\/media?parent=3533"}],"wp:term":[{"taxonomy":"category","embeddable":true,"href":"https:\/\/acquaviva.lavocedelpaese.info\/index.php\/wp-json\/wp\/v2\/categories?post=3533"},{"taxonomy":"post_tag","embeddable":true,"href":"https:\/\/acquaviva.lavocedelpaese.info\/index.php\/wp-json\/wp\/v2\/tags?post=3533"}],"curies":[{"name":"wp","href":"https:\/\/api.w.org\/{rel}","templated":true}]}}