{"id":3529,"date":"2023-12-30T19:40:35","date_gmt":"2023-12-30T19:40:35","guid":{"rendered":"https:\/\/acquaviva.lavocedelpaese.info\/?p=3529"},"modified":"2023-12-30T19:41:26","modified_gmt":"2023-12-30T19:41:26","slug":"lospedale-miulli-e-le-fallacie-storico-giuridiche-di-papa-francesco","status":"publish","type":"post","link":"https:\/\/acquaviva.lavocedelpaese.info\/index.php\/2023\/12\/30\/lospedale-miulli-e-le-fallacie-storico-giuridiche-di-papa-francesco\/","title":{"rendered":"L\u2019Ospedale Miulli e le fallacie storico-giuridiche di Papa Francesco"},"content":{"rendered":"\n<p>Osservazioni sul discorso di Papa Francesco sull\u2019Ospedale Miulli<\/p>\n\n\n\n<p>di Vitantonio Petrelli<\/p>\n\n\n\n<p>Luned\u00ec, 18 dicembre, nella Sala del Concistoro del Vaticano, Papa Francesco ha rivolto un saluto molto bello alla delegazione ufficiale dell\u2019Ospedale Miulli di Acquaviva, elogiando la missione ospedaliera come servizio fraterno e non, aggiungiamo noi, come arida e avida impresa economica, che trae guadagni dai bisogni esistenziali delle persone.<\/p>\n\n\n\n<p>Ma al Papa sono state passate delle informazioni storiche e giuridiche false sull\u2019Ospedale Miulli, inserite dal Papa come encomio, nel suo discorso. Viene da chiedersi: <strong>perch\u00e9 nell\u2019ambiente ecclesiastico del Miulli si coltivano fallacie storico-giuridiche?<\/strong> Non affermano i testi sacri che Satana \u00e8 il principe della menzogna e che la verit\u00e0 \u00e8 Dio stesso? Perch\u00e9, dunque, non si onora sempre Dio-Verit\u00e0?<\/p>\n\n\n\n<p>Ecco <strong>le due affermazioni false,<\/strong> che sono il nucleo del discorso di Papa Francesco, purtroppo male informato, senza rispetto per la sua suprema e sacrale dignit\u00e0..<\/p>\n\n\n\n<p>1) Dice il Papa: <em><strong>\u201dIl vostro \u00e8 un Ospedale antichissimo, fondato nove secoli fa come \u201chospitale per li poveri ammalati\u201d.<\/strong><\/em> Ma l\u2019\u2019Ospedale Miulli \u00e8 nato solo il 2 giugno 1713, 310 anni fa,a seguito del lascito testamentario, <em>causa mortis<\/em>, del nostro giovanissimo Concittadino <strong>Francesco Miulli, <\/strong>che ha costituito erede universale e particolare di tutti i suoi beni <strong>l\u2019\u201dOspedale di Acquaviva, seu li Poveri infermi di Acquaviva\u201d, <\/strong>non la Chiesa, n\u00e9 cittadina, n\u00e9 diocesana. E tuttavia, per cancellare Francesco Miulli, gli informatori del Papa sono risaliti all\u2019ospedale-infermeria, detto <strong>\u2018hospitale militum<\/strong>\u2019 cio\u00e8 ospedale dei soldati (non dei poveri) istituito verso il <strong>1160 da Roberto Surguglione,<\/strong> nei pressi del Castello normanno di Acquaviva. La testimonianza si ricava da un codice del 1450, nel quale si afferma che quell\u2019ospedale-infermeria del Surguglione era oramai da tempo chiuso e diventato il \u2018<em><strong>Palatium Archipresbyteratus\u2019. <\/strong><\/em><em>Q<\/em>uindi nessuna continuit\u00e0 col Miulli, che anzi l\u2019Arciprete si era insediato lui nella sede dell\u2019Ospedale di Surguglione e, quindi, non di Ospedale ecclesiastico trattasi, ma di Ospedale fagocitato da un ecclesiastico. La ricostruzione storica fornita al Papa \u00e8 un evidente tentativo di scavallare Francesco Miulli da fondatore dell\u2019Ospedale e metterci all\u2019origine il Surguglione, prendendo per deficienti le persone ed ingannando perfino il Papa. E ben a ragione <strong>Francesco Miulli lasci\u00f2 il suo ospedale alla Citt\u00e0 e non alla Chiesa <\/strong>perch\u00e9, in questo caso, sarebbe stato<strong> sottomesso alla giurisdizione di quella di Bari<\/strong>, da cui dipendeva nel 1712 la Chiesa di Acquaviva, non pi\u00f9 \u2018Nullius\u2019. \u2018<\/p>\n\n\n\n<p>2) La seconda fallacia riguarda la definizione di <strong>\u2019Ospedale Ecclesiastico\u2019 per il Miulli, <\/strong>che rappresenta un altro mendacio storico, finalizzato ad un\u2019usurpazione,perch\u00e9 non esiste nessun <strong>\u2018<\/strong><em><strong>formale decretum\u2019<\/strong><\/em> che ne abbia determinato la \u2018<em><strong>institutio in titulum\u2019 come<\/strong><\/em> <strong>Ente Ecclesiastico<\/strong>, che il Testamento, che ha valore perpetuo, non ha voluto. Vi \u00e8, invece, la certezza documentale assoluta del <strong>Regio Decreto di Umberto I\u00b0 del 27.12.1896<\/strong>, che sancisce giuridicamente l\u2019Ospedale, in base alla sua fondazione e storia, <strong>come istituzione pubblica e cittadina di assistenza e beneficenza<\/strong> <strong>(IPAB).<\/strong> Per nulla Ente Ecclesiastico, dunque, ma Ospedale cittadino di Acquaviva, in cui \u00e8 incardinata anche la sua grande propriet\u00e0 immobiliare, che illecite manovre catastali hanno<\/p>\n\n\n\n<p>nel frattempo trasferito all\u2019Ente Ecclesiastico. Del resto lo stesso Ministero dell\u2019Interno, nella sua comunicazione del 27.6.1987, ha affermato che il Miulli non pu\u00f2 dichiararsi ecclesiastico. Lo dimostra anche tutta la procedura che ha portato al Decreto Regio del 1896, curata dal <strong>Governatore mons Tommaso Cirielli,<\/strong> cittadino e vescovo di Acquaviva. Egli, dietro sollecitazione del Prefetto di Bari, ha coinvolto il Consiglio Comunale di Acquaviva nell\u2019esame ed approvazione preventiva della bozza di <strong>Statuto Organico dell\u2019Ospedale Civile Miulli<\/strong> <strong>di Acquaviva delle F.<\/strong> Quello Statuto, approvato con Regio Decreto dal Re, persiste ancora ed espelle giuridicamente l\u2019Ente Ecclesiastico inquilino abusivo. Il suo<strong> ATTESTATO di ecclesiasticit\u00e0<\/strong> <strong>\u00e8 carente di qualsiasi potest\u00e0 autoritativa,<\/strong> in grado di far mutare natura giuridica all\u2019Ospedale e intaccarne la natura e il diritto, come ha esplicitamente ribadito la sentenza della Cassazione Civile n. 9382 dell\u201911.7. 2001. <strong>L\u2019Ente Ecclesiastico<\/strong> \u00e8, dunque, una fantomatica escrescenza abusiva, che erode la grande istituzione cittadina dell\u2019Ospedale Miulli. <strong>Chi gliela dice finalmente tutta la verit\u00e0 a Papa Francesco,<\/strong> superando la cialtroneria delle barriere omissive e menzognere? Egli ha coraggiosamente affermato: <em><strong>\u201cScandaloso chi fa donazioni alla Chiesa ma ruba allo Stato e ai poveri\u2026 No alla doppia vita dei benefattori della Chiesa che rubano allo Stato\u201d.<\/strong><\/em><strong>(Discorso 11 novembre 2013)<\/strong><\/p>\n\n\n\n<p>I Cittadini, e soprattutto i Cattolici, perch\u00e9 accettano supini che la verit\u00e0 e la giustizia vengano ancora calpestate dai Vescovi-Governatori dell\u2019Ospedale<strong> e che soprattutto si inganni perfino il Papa?<\/strong><\/p>\n\n\n\n<p class=\"has-text-align-right\"><strong>Vitantonio Petrelli<\/strong><\/p>\n\n\n","protected":false},"excerpt":{"rendered":"<p>Osservazioni sul discorso di Papa Francesco sull\u2019Ospedale Miulli di Vitantonio Petrelli Luned\u00ec, 18 dicembre, nella Sala del Concistoro del Vaticano,<\/p>\n","protected":false},"author":4,"featured_media":3530,"comment_status":"open","ping_status":"closed","sticky":false,"template":"","format":"standard","meta":{"colormag_page_container_layout":"default_layout","colormag_page_sidebar_layout":"default_layout","_monsterinsights_skip_tracking":false,"_monsterinsights_sitenote_active":false,"_monsterinsights_sitenote_note":"","_monsterinsights_sitenote_category":0,"footnotes":""},"categories":[2,28],"tags":[],"class_list":["post-3529","post","type-post","status-publish","format-standard","has-post-thumbnail","hentry","category-attualita","category-primo-piano"],"_links":{"self":[{"href":"https:\/\/acquaviva.lavocedelpaese.info\/index.php\/wp-json\/wp\/v2\/posts\/3529","targetHints":{"allow":["GET"]}}],"collection":[{"href":"https:\/\/acquaviva.lavocedelpaese.info\/index.php\/wp-json\/wp\/v2\/posts"}],"about":[{"href":"https:\/\/acquaviva.lavocedelpaese.info\/index.php\/wp-json\/wp\/v2\/types\/post"}],"author":[{"embeddable":true,"href":"https:\/\/acquaviva.lavocedelpaese.info\/index.php\/wp-json\/wp\/v2\/users\/4"}],"replies":[{"embeddable":true,"href":"https:\/\/acquaviva.lavocedelpaese.info\/index.php\/wp-json\/wp\/v2\/comments?post=3529"}],"version-history":[{"count":2,"href":"https:\/\/acquaviva.lavocedelpaese.info\/index.php\/wp-json\/wp\/v2\/posts\/3529\/revisions"}],"predecessor-version":[{"id":3532,"href":"https:\/\/acquaviva.lavocedelpaese.info\/index.php\/wp-json\/wp\/v2\/posts\/3529\/revisions\/3532"}],"wp:featuredmedia":[{"embeddable":true,"href":"https:\/\/acquaviva.lavocedelpaese.info\/index.php\/wp-json\/wp\/v2\/media\/3530"}],"wp:attachment":[{"href":"https:\/\/acquaviva.lavocedelpaese.info\/index.php\/wp-json\/wp\/v2\/media?parent=3529"}],"wp:term":[{"taxonomy":"category","embeddable":true,"href":"https:\/\/acquaviva.lavocedelpaese.info\/index.php\/wp-json\/wp\/v2\/categories?post=3529"},{"taxonomy":"post_tag","embeddable":true,"href":"https:\/\/acquaviva.lavocedelpaese.info\/index.php\/wp-json\/wp\/v2\/tags?post=3529"}],"curies":[{"name":"wp","href":"https:\/\/api.w.org\/{rel}","templated":true}]}}