{"id":3522,"date":"2023-12-30T07:21:12","date_gmt":"2023-12-30T07:21:12","guid":{"rendered":"https:\/\/acquaviva.lavocedelpaese.info\/?p=3522"},"modified":"2023-12-30T19:41:54","modified_gmt":"2023-12-30T19:41:54","slug":"aspettando-il-2024-concerto-degli-adika-pongo-ad-acquaviva-delle-fonti","status":"publish","type":"post","link":"https:\/\/acquaviva.lavocedelpaese.info\/index.php\/2023\/12\/30\/aspettando-il-2024-concerto-degli-adika-pongo-ad-acquaviva-delle-fonti\/","title":{"rendered":"Aspettando il 2024, concerto degli Adika Pongo ad Acquaviva delle Fonti"},"content":{"rendered":"\n<p>Un appuntamento per allietare residenti e visitatori ma anche per sostenere, una volta di pi\u00f9, le attivit\u00e0 locali con un evento dal vivo di importante rilevanza. E\u2019 il senso del concerto degli Adika Pongo, promosso dall\u2019amministrazione comunale di Acquaviva delle Fonti per il prossimo 30 dicembre, alle 20.30 in via Roma.<\/p>\n\n\n\n<p>La band romana chiude il suo trentesimo anno di attivit\u00e0 con un concerto gratuito nel cuore del centro di Acquaviva. Una serata di musica, con le sonorit\u00e0 che negli anni hanno reso famosa la band guidata dalla cantante Francesca Silvy, per accompagnare tutti verso il nuovo anno.<\/p>\n\n\n\n<p>L\u2019assessore alla Cultura, Mariagrazia Barbieri spiega: \u201cUn\u2019iniziativa che abbiamo voluto proporre alla cittadinanza per promuovere una volta di pi\u00f9 la nostra citt\u00e0 come viva e attrattiva, al di l\u00e0 della stagione o delle festivit\u00e0. Un evento che rientra in una strategia a pi\u00f9 ampio respiro, dunque, e che punta anche a sostenere l\u2019economia locale con appuntamenti che richiamino in citt\u00e0 visitatori, favorendo le nostre attivit\u00e0 commerciali. Una proposta culturale generale \u2013 conclude l\u2019assessore \u2013 che, insieme a un lavoro di concerto con le tante associazioni locali, ha voluto raggiungere diverse tipologie di pubblico per queste festivit\u00e0, senza distinzione di genere, et\u00e0 o gusti personali\u201d.<\/p>\n\n\n\n<figure class=\"wp-block-image size-full\"><img decoding=\"async\" width=\"800\" height=\"800\" src=\"https:\/\/acquaviva.lavocedelpaese.info\/wp-content\/uploads\/2023\/12\/concerto-adika-pongo-acquaviva.jpg\" alt=\"\" class=\"wp-image-3523\" srcset=\"https:\/\/acquaviva.lavocedelpaese.info\/wp-content\/uploads\/2023\/12\/concerto-adika-pongo-acquaviva.jpg 800w, https:\/\/acquaviva.lavocedelpaese.info\/wp-content\/uploads\/2023\/12\/concerto-adika-pongo-acquaviva-300x300.jpg 300w, https:\/\/acquaviva.lavocedelpaese.info\/wp-content\/uploads\/2023\/12\/concerto-adika-pongo-acquaviva-150x150.jpg 150w, https:\/\/acquaviva.lavocedelpaese.info\/wp-content\/uploads\/2023\/12\/concerto-adika-pongo-acquaviva-768x768.jpg 768w\" sizes=\"(max-width: 800px) 100vw, 800px\" \/><\/figure>\n","protected":false},"excerpt":{"rendered":"<p>Un appuntamento per allietare residenti e visitatori ma anche per sostenere, una volta di pi\u00f9, le attivit\u00e0 locali con un<\/p>\n","protected":false},"author":4,"featured_media":3523,"comment_status":"open","ping_status":"closed","sticky":false,"template":"","format":"standard","meta":{"colormag_page_container_layout":"default_layout","colormag_page_sidebar_layout":"default_layout","_monsterinsights_skip_tracking":false,"_monsterinsights_sitenote_active":false,"_monsterinsights_sitenote_note":"","_monsterinsights_sitenote_category":0,"footnotes":""},"categories":[5,33],"tags":[],"class_list":["post-3522","post","type-post","status-publish","format-standard","has-post-thumbnail","hentry","category-cultura","category-spalla"],"_links":{"self":[{"href":"https:\/\/acquaviva.lavocedelpaese.info\/index.php\/wp-json\/wp\/v2\/posts\/3522","targetHints":{"allow":["GET"]}}],"collection":[{"href":"https:\/\/acquaviva.lavocedelpaese.info\/index.php\/wp-json\/wp\/v2\/posts"}],"about":[{"href":"https:\/\/acquaviva.lavocedelpaese.info\/index.php\/wp-json\/wp\/v2\/types\/post"}],"author":[{"embeddable":true,"href":"https:\/\/acquaviva.lavocedelpaese.info\/index.php\/wp-json\/wp\/v2\/users\/4"}],"replies":[{"embeddable":true,"href":"https:\/\/acquaviva.lavocedelpaese.info\/index.php\/wp-json\/wp\/v2\/comments?post=3522"}],"version-history":[{"count":1,"href":"https:\/\/acquaviva.lavocedelpaese.info\/index.php\/wp-json\/wp\/v2\/posts\/3522\/revisions"}],"predecessor-version":[{"id":3524,"href":"https:\/\/acquaviva.lavocedelpaese.info\/index.php\/wp-json\/wp\/v2\/posts\/3522\/revisions\/3524"}],"wp:featuredmedia":[{"embeddable":true,"href":"https:\/\/acquaviva.lavocedelpaese.info\/index.php\/wp-json\/wp\/v2\/media\/3523"}],"wp:attachment":[{"href":"https:\/\/acquaviva.lavocedelpaese.info\/index.php\/wp-json\/wp\/v2\/media?parent=3522"}],"wp:term":[{"taxonomy":"category","embeddable":true,"href":"https:\/\/acquaviva.lavocedelpaese.info\/index.php\/wp-json\/wp\/v2\/categories?post=3522"},{"taxonomy":"post_tag","embeddable":true,"href":"https:\/\/acquaviva.lavocedelpaese.info\/index.php\/wp-json\/wp\/v2\/tags?post=3522"}],"curies":[{"name":"wp","href":"https:\/\/api.w.org\/{rel}","templated":true}]}}