{"id":3490,"date":"2023-12-14T18:16:00","date_gmt":"2023-12-14T18:16:00","guid":{"rendered":"https:\/\/acquaviva.lavocedelpaese.info\/?p=3490"},"modified":"2023-12-17T07:20:37","modified_gmt":"2023-12-17T07:20:37","slug":"un-gran-gala-chiude-la-stagione-dellassociazione-colafemmina","status":"publish","type":"post","link":"https:\/\/acquaviva.lavocedelpaese.info\/index.php\/2023\/12\/14\/un-gran-gala-chiude-la-stagione-dellassociazione-colafemmina\/","title":{"rendered":"Un Gran Gala chiude la stagione dell\u2019associazione \u00abColafemmina\u00bb"},"content":{"rendered":"\n<p>Associazione Giovanni Colafemmina<br>XVI stagione concertistica<\/p>\n\n\n\n<figure class=\"wp-block-image size-full\"><img decoding=\"async\" width=\"828\" height=\"404\" src=\"https:\/\/acquaviva.lavocedelpaese.info\/wp-content\/uploads\/2023\/12\/0f42564c-dd79-49f8-9deb-df2495d1c2fb.jpg\" alt=\"\" class=\"wp-image-3500\" srcset=\"https:\/\/acquaviva.lavocedelpaese.info\/wp-content\/uploads\/2023\/12\/0f42564c-dd79-49f8-9deb-df2495d1c2fb.jpg 828w, https:\/\/acquaviva.lavocedelpaese.info\/wp-content\/uploads\/2023\/12\/0f42564c-dd79-49f8-9deb-df2495d1c2fb-300x146.jpg 300w, https:\/\/acquaviva.lavocedelpaese.info\/wp-content\/uploads\/2023\/12\/0f42564c-dd79-49f8-9deb-df2495d1c2fb-768x375.jpg 768w\" sizes=\"(max-width: 828px) 100vw, 828px\" \/><\/figure>\n\n\n\n<p>Festa di fine anno sabato 16 dicembre al Teatro Luciani di Acquaviva delle Fonti<br><br>Con cinque solisti e l\u2019Orchestra d\u2019archi Filarmonica Pugliese diretta da Piotr Jaworski<\/p>\n\n\n\n<p>Festa di fine anno per l\u2019associazione \u00abColafemmina\u00bb di Acquaviva delle Fonti, che chiude la programmazione 2023 sabato 16 dicembre (ore 20) al Teatro Luciani con un Gran Gala musicale. Con l\u2019Orchestra d\u2019Archi dell\u2019Orchestra Filarmonica Pugliese affidata alle cure del ventottenne direttore polacco Piotr Jaworski, particolarmente attivo in molti importanti teatri della Mitteleuropa, saranno protagonisti tre componenti della famiglia d\u2019arte Girardi, composta da pap\u00e0 Francesco (flautista) e dai figli Angelica (soprano) e Danilo (flautista anche lui), e il duo pianistico formato da Carla Aventaggiato e Maurizio Matarrese, che fanno coppia nella musica e nella vita.<br>La serata si aprir\u00e0 con un famoso canto popolare francese del Settecento diventato la base di numerose canzoni per bambini e un classico per i carillon. Si tratta di \u00abAh! Vous dirai-je, Maman\u00bb (Ah! Vi dir\u00f2 mamma) ripresa da Mozart durante uno dei suoi viaggi in Francia in dodici variazioni sulle quali a sua volta Adolphe Adam elabor\u00f2 delle Variazioni di bravura per soprano, flauto e orchestra d\u2019archi scelte per iniziare questo concerto all\u2019insegna della leggerezza e della fantasia. Al flauto ci sar\u00e0 Girardi senior, musicista dalla lunga carriera costellata dagli incontri con Nino Rota, Daniel Oren, Luciano Berio e altre grandi figure della musica del Novecento e dei nostri giorni. La voce sar\u00e0, naturalmente, quella di Angelica Girardi, una bella carriera anche per lei, caratterizzata in Puglia da diversi ruoli nelle produzioni liriche del Petruzzelli di Bari e del Festival della Valle d\u2019Itria di Martina Franca.<br>Poi, Francesco Girardi verr\u00e0 affiancato dal figlio Danilo, artista molto attivo in Francia sul fronte della musica acusmatica che promuove anche a Bari attraverso il festival \u00abSilence\u00bb fondato da Franco Degrassi, per l\u2019Andante e Rond\u00f2 op. 25 per due flauti e orchestra d\u2019archi, forse il brano pi\u00f9 famoso di Franz Doppler. Un pezzo scritto dal compositore austriaco nel 1874 con l\u2019aiuto del fratello minore, Karl, anche lui flautista, insieme al quale riscosse un enorme successo in tutta Europa.<br>A seguire, con la voce di Angelica Girardi, si entrer\u00e0 nel vorticoso mondo dei valzer di Johann Strauss figlio, del quale verr\u00e0 eseguito \u00abFr\u00fchlingsstimmen\u00bb, letteralmente \u00abVoci di primavera\u00bb, scritto per il celebre soprano austriaco Bianca Bianchi, il cui vero nome era Bertha Schwarz. Solo successivamente questo valzer verr\u00e0 arrangiato nella versione per sola orchestra oggi abitualmente eseguita. Dunque, una particolarit\u00e0, questa proposta, cos\u00ec come venne presentata da Herbert von Karajan a Vienna durante il Concerto di Capodanno del 1987, nell\u2019originaria edizione vocale affidata al soprano Kathleen Battle.<br>Il gran finale avverr\u00e0 con l\u2019opera pi\u00f9 nota del compositore australiano (a lungo residente in Inghilterra) John Carmichael, del quale si ascolter\u00e0 il \u00abConcierto folklorico per pianoforte e orchestra d\u2019archi\u00bb, che in questo frangente verr\u00e0 eseguito per pianoforte a quattro mani da Carla Aventaggiato e Maurizio Matarrese. Due musicisti che da tempo non solo affrontano pagine di repertorio per pianoforte a quattro mani e due pianoforti, ma da molti anni si dedicano anche a lavori per queste forme di combinazione pianistica da tempo dimenticati.<br>Info 335.1406658.<\/p>\n\n\n\n<figure class=\"wp-block-gallery has-nested-images columns-default is-cropped wp-block-gallery-1 is-layout-flex wp-block-gallery-is-layout-flex\">\n<figure class=\"wp-block-image size-large\"><img decoding=\"async\" width=\"446\" height=\"800\" data-id=\"3495\" src=\"https:\/\/acquaviva.lavocedelpaese.info\/wp-content\/uploads\/2023\/12\/511f9623-772f-4fc2-82e8-b55aaece686b.jpg\" alt=\"\" class=\"wp-image-3495\" srcset=\"https:\/\/acquaviva.lavocedelpaese.info\/wp-content\/uploads\/2023\/12\/511f9623-772f-4fc2-82e8-b55aaece686b.jpg 446w, https:\/\/acquaviva.lavocedelpaese.info\/wp-content\/uploads\/2023\/12\/511f9623-772f-4fc2-82e8-b55aaece686b-167x300.jpg 167w\" sizes=\"(max-width: 446px) 100vw, 446px\" \/><\/figure>\n\n\n\n<figure class=\"wp-block-image size-large\"><img decoding=\"async\" width=\"533\" height=\"800\" data-id=\"3496\" src=\"https:\/\/acquaviva.lavocedelpaese.info\/wp-content\/uploads\/2023\/12\/c9dca324-5f37-4718-b73e-5086125d8e29.jpg\" alt=\"\" class=\"wp-image-3496\" srcset=\"https:\/\/acquaviva.lavocedelpaese.info\/wp-content\/uploads\/2023\/12\/c9dca324-5f37-4718-b73e-5086125d8e29.jpg 533w, https:\/\/acquaviva.lavocedelpaese.info\/wp-content\/uploads\/2023\/12\/c9dca324-5f37-4718-b73e-5086125d8e29-200x300.jpg 200w\" sizes=\"(max-width: 533px) 100vw, 533px\" \/><\/figure>\n\n\n\n<figure class=\"wp-block-image size-large\"><img decoding=\"async\" width=\"608\" height=\"800\" data-id=\"3493\" src=\"https:\/\/acquaviva.lavocedelpaese.info\/wp-content\/uploads\/2023\/12\/6d1ca8c4-25bc-4449-80d7-4c927bdaec8b-1.jpg\" alt=\"\" class=\"wp-image-3493\" srcset=\"https:\/\/acquaviva.lavocedelpaese.info\/wp-content\/uploads\/2023\/12\/6d1ca8c4-25bc-4449-80d7-4c927bdaec8b-1.jpg 608w, https:\/\/acquaviva.lavocedelpaese.info\/wp-content\/uploads\/2023\/12\/6d1ca8c4-25bc-4449-80d7-4c927bdaec8b-1-228x300.jpg 228w\" sizes=\"(max-width: 608px) 100vw, 608px\" \/><\/figure>\n\n\n\n<figure class=\"wp-block-image size-large\"><img decoding=\"async\" width=\"802\" height=\"800\" data-id=\"3494\" src=\"https:\/\/acquaviva.lavocedelpaese.info\/wp-content\/uploads\/2023\/12\/1858e2bb-0d44-4426-9d61-7696f3e05893.jpg\" alt=\"\" class=\"wp-image-3494\" srcset=\"https:\/\/acquaviva.lavocedelpaese.info\/wp-content\/uploads\/2023\/12\/1858e2bb-0d44-4426-9d61-7696f3e05893.jpg 802w, https:\/\/acquaviva.lavocedelpaese.info\/wp-content\/uploads\/2023\/12\/1858e2bb-0d44-4426-9d61-7696f3e05893-300x300.jpg 300w, https:\/\/acquaviva.lavocedelpaese.info\/wp-content\/uploads\/2023\/12\/1858e2bb-0d44-4426-9d61-7696f3e05893-150x150.jpg 150w, https:\/\/acquaviva.lavocedelpaese.info\/wp-content\/uploads\/2023\/12\/1858e2bb-0d44-4426-9d61-7696f3e05893-768x766.jpg 768w\" sizes=\"(max-width: 802px) 100vw, 802px\" \/><\/figure>\n\n\n\n<figure class=\"wp-block-image size-large\"><img decoding=\"async\" width=\"800\" height=\"800\" data-id=\"3498\" src=\"https:\/\/acquaviva.lavocedelpaese.info\/wp-content\/uploads\/2023\/12\/9e7f6b7c-6bf4-4207-a769-fb0bda656984.jpg\" alt=\"\" class=\"wp-image-3498\" srcset=\"https:\/\/acquaviva.lavocedelpaese.info\/wp-content\/uploads\/2023\/12\/9e7f6b7c-6bf4-4207-a769-fb0bda656984.jpg 800w, https:\/\/acquaviva.lavocedelpaese.info\/wp-content\/uploads\/2023\/12\/9e7f6b7c-6bf4-4207-a769-fb0bda656984-300x300.jpg 300w, https:\/\/acquaviva.lavocedelpaese.info\/wp-content\/uploads\/2023\/12\/9e7f6b7c-6bf4-4207-a769-fb0bda656984-150x150.jpg 150w, https:\/\/acquaviva.lavocedelpaese.info\/wp-content\/uploads\/2023\/12\/9e7f6b7c-6bf4-4207-a769-fb0bda656984-768x768.jpg 768w\" sizes=\"(max-width: 800px) 100vw, 800px\" \/><\/figure>\n\n\n\n<figure class=\"wp-block-image size-large\"><img decoding=\"async\" width=\"960\" height=\"640\" data-id=\"3492\" src=\"https:\/\/acquaviva.lavocedelpaese.info\/wp-content\/uploads\/2023\/12\/32b1c905-4283-4074-afad-f44edd288a30.jpg\" alt=\"\" class=\"wp-image-3492\" srcset=\"https:\/\/acquaviva.lavocedelpaese.info\/wp-content\/uploads\/2023\/12\/32b1c905-4283-4074-afad-f44edd288a30.jpg 960w, https:\/\/acquaviva.lavocedelpaese.info\/wp-content\/uploads\/2023\/12\/32b1c905-4283-4074-afad-f44edd288a30-300x200.jpg 300w, https:\/\/acquaviva.lavocedelpaese.info\/wp-content\/uploads\/2023\/12\/32b1c905-4283-4074-afad-f44edd288a30-768x512.jpg 768w\" sizes=\"(max-width: 960px) 100vw, 960px\" \/><\/figure>\n<\/figure>\n\n\n\n<figure class=\"wp-block-image size-full\"><img decoding=\"async\" width=\"1000\" height=\"751\" src=\"https:\/\/acquaviva.lavocedelpaese.info\/wp-content\/uploads\/2023\/12\/5896031a-7265-46c9-a36b-522e2e8b5a8e-1.jpg\" alt=\"\" class=\"wp-image-3499\" srcset=\"https:\/\/acquaviva.lavocedelpaese.info\/wp-content\/uploads\/2023\/12\/5896031a-7265-46c9-a36b-522e2e8b5a8e-1.jpg 1000w, https:\/\/acquaviva.lavocedelpaese.info\/wp-content\/uploads\/2023\/12\/5896031a-7265-46c9-a36b-522e2e8b5a8e-1-300x225.jpg 300w, https:\/\/acquaviva.lavocedelpaese.info\/wp-content\/uploads\/2023\/12\/5896031a-7265-46c9-a36b-522e2e8b5a8e-1-768x577.jpg 768w\" sizes=\"(max-width: 1000px) 100vw, 1000px\" \/><\/figure>\n","protected":false},"excerpt":{"rendered":"<p>Associazione Giovanni ColafemminaXVI stagione concertistica Festa di fine anno sabato 16 dicembre al Teatro Luciani di Acquaviva delle Fonti Con<\/p>\n","protected":false},"author":4,"featured_media":3501,"comment_status":"open","ping_status":"closed","sticky":false,"template":"","format":"standard","meta":{"colormag_page_container_layout":"default_layout","colormag_page_sidebar_layout":"default_layout","_monsterinsights_skip_tracking":false,"_monsterinsights_sitenote_active":false,"_monsterinsights_sitenote_note":"","_monsterinsights_sitenote_category":0,"footnotes":""},"categories":[5,30],"tags":[],"class_list":["post-3490","post","type-post","status-publish","format-standard","has-post-thumbnail","hentry","category-cultura","category-news"],"_links":{"self":[{"href":"https:\/\/acquaviva.lavocedelpaese.info\/index.php\/wp-json\/wp\/v2\/posts\/3490","targetHints":{"allow":["GET"]}}],"collection":[{"href":"https:\/\/acquaviva.lavocedelpaese.info\/index.php\/wp-json\/wp\/v2\/posts"}],"about":[{"href":"https:\/\/acquaviva.lavocedelpaese.info\/index.php\/wp-json\/wp\/v2\/types\/post"}],"author":[{"embeddable":true,"href":"https:\/\/acquaviva.lavocedelpaese.info\/index.php\/wp-json\/wp\/v2\/users\/4"}],"replies":[{"embeddable":true,"href":"https:\/\/acquaviva.lavocedelpaese.info\/index.php\/wp-json\/wp\/v2\/comments?post=3490"}],"version-history":[{"count":1,"href":"https:\/\/acquaviva.lavocedelpaese.info\/index.php\/wp-json\/wp\/v2\/posts\/3490\/revisions"}],"predecessor-version":[{"id":3502,"href":"https:\/\/acquaviva.lavocedelpaese.info\/index.php\/wp-json\/wp\/v2\/posts\/3490\/revisions\/3502"}],"wp:featuredmedia":[{"embeddable":true,"href":"https:\/\/acquaviva.lavocedelpaese.info\/index.php\/wp-json\/wp\/v2\/media\/3501"}],"wp:attachment":[{"href":"https:\/\/acquaviva.lavocedelpaese.info\/index.php\/wp-json\/wp\/v2\/media?parent=3490"}],"wp:term":[{"taxonomy":"category","embeddable":true,"href":"https:\/\/acquaviva.lavocedelpaese.info\/index.php\/wp-json\/wp\/v2\/categories?post=3490"},{"taxonomy":"post_tag","embeddable":true,"href":"https:\/\/acquaviva.lavocedelpaese.info\/index.php\/wp-json\/wp\/v2\/tags?post=3490"}],"curies":[{"name":"wp","href":"https:\/\/api.w.org\/{rel}","templated":true}]}}