{"id":3487,"date":"2023-12-15T18:16:00","date_gmt":"2023-12-15T18:16:00","guid":{"rendered":"https:\/\/acquaviva.lavocedelpaese.info\/?p=3487"},"modified":"2023-12-17T07:27:39","modified_gmt":"2023-12-17T07:27:39","slug":"laudato-si","status":"publish","type":"post","link":"https:\/\/acquaviva.lavocedelpaese.info\/index.php\/2023\/12\/15\/laudato-si\/","title":{"rendered":"&#8220;Laudato Si&#8221;"},"content":{"rendered":"\n<p>Al via la terza edizione del Presepe Vivente nella Grotta Preistorica di Curtomartino di Acquaviva d. Fonti<br><br>L\u2019iniziativa, curata dall\u2019associazione teatrale Fili D\u2019Argento, \u00e8 patrocinata dal Comune di Acquaviva delle Fonti, CCIAA Bari-BAT, Parco Nazionale dell\u2019Alta Murgia, GAL Sud-Est Barese, Citt\u00e0 delle Grotte e Associazione Grotte Turistiche Italiane, in collaborazione con la Condotta Slow Food Acquaviva delle Fonti, Confguide Confcommercio, Altre Menti Labs, L\u2019incontro ONLUS, Federazione Italiana Teatro Amatoriale.<br>La Grotta Preistorica di Curtomartino far\u00e0 da cornice alla terza edizione del Presepe Vivente \u201cLaudato Si\u201d \u2013 Rievocazione Medioevale XIII secolo, a 800 anni dal primo presepe vivente realizzato da San Francesco nella Grotta di Greggio.<br>Sar\u00e0 l\u2019insediamento rupestre, con la sua storia ed il suo fascino, ad ospitare la sacra rappresentazione in programma:<\/p>\n\n\n\n<ul class=\"wp-block-list\">\n<li>Inaugurazione Domenica 17 dicembre, alle 11,00 e visite sino alle 13,00; il pomeriggio dalle 16,00 alle 20,00;<\/li>\n\n\n\n<li>Venerd\u00ec 05 gennaio 2024 Visite dalle ore 16,00 alle ore 20,00<br>L\u2019evento \u00e8 organizzato dall\u2019associazione teatrale \u201cFili D\u2019Argento\u201d, direzione artistica Maria Antonietta Favia, con l\u2019intento di promuovere il territorio, valorizzare usi e costumi locali ed accendere i riflettori sulla \u201cmemoria storica dei luoghi\u201d. Un \u201cmotore\u201d per l\u2019economia della cittadina chiamata a confrontarsi con realt\u00e0 nazionali. Le visite saranno accompagnate dallo speleologo Lorenzo Di Liso.<br>L\u2019originalit\u00e0 del Presepe Vivente, recitato, \u00e8 il percorso allestito nella cornice naturale della Grotta preistorica di Curtomartino che ospiter\u00e0 le varie scene bibliche fino ad arrivare al luogo magico della nativit\u00e0, passando per le varie botteghe degli artigiani quali il maniscalco, il falegname, il fabbro, il maestro cestaio, il vasaio, le ricamatrici, le filatrici, i contadini, le lavandaie, il pescivendolo. Il tutto sar\u00e0 allietato dalle tradizionali nenie di Natale e si potranno gustare, all\u2019interno di appositi stand, diversi prodotti tipici enogastronomici della tradizione natalizia.<\/li>\n<\/ul>\n\n\n\n<p><\/p>\n\n\n\n<p><\/p>\n\n\n\n<figure class=\"wp-block-image size-full\"><img decoding=\"async\" width=\"560\" height=\"800\" src=\"https:\/\/acquaviva.lavocedelpaese.info\/wp-content\/uploads\/2023\/12\/Locandina-1.jpg\" alt=\"\" class=\"wp-image-3488\" srcset=\"https:\/\/acquaviva.lavocedelpaese.info\/wp-content\/uploads\/2023\/12\/Locandina-1.jpg 560w, https:\/\/acquaviva.lavocedelpaese.info\/wp-content\/uploads\/2023\/12\/Locandina-1-210x300.jpg 210w\" sizes=\"(max-width: 560px) 100vw, 560px\" \/><\/figure>\n","protected":false},"excerpt":{"rendered":"<p>Al via la terza edizione del Presepe Vivente nella Grotta Preistorica di Curtomartino di Acquaviva d. Fonti L\u2019iniziativa, curata dall\u2019associazione<\/p>\n","protected":false},"author":4,"featured_media":3504,"comment_status":"open","ping_status":"closed","sticky":false,"template":"","format":"standard","meta":{"colormag_page_container_layout":"default_layout","colormag_page_sidebar_layout":"default_layout","_monsterinsights_skip_tracking":false,"_monsterinsights_sitenote_active":false,"_monsterinsights_sitenote_note":"","_monsterinsights_sitenote_category":0,"footnotes":""},"categories":[5,6,33],"tags":[],"class_list":["post-3487","post","type-post","status-publish","format-standard","has-post-thumbnail","hentry","category-cultura","category-eventi","category-spalla"],"_links":{"self":[{"href":"https:\/\/acquaviva.lavocedelpaese.info\/index.php\/wp-json\/wp\/v2\/posts\/3487","targetHints":{"allow":["GET"]}}],"collection":[{"href":"https:\/\/acquaviva.lavocedelpaese.info\/index.php\/wp-json\/wp\/v2\/posts"}],"about":[{"href":"https:\/\/acquaviva.lavocedelpaese.info\/index.php\/wp-json\/wp\/v2\/types\/post"}],"author":[{"embeddable":true,"href":"https:\/\/acquaviva.lavocedelpaese.info\/index.php\/wp-json\/wp\/v2\/users\/4"}],"replies":[{"embeddable":true,"href":"https:\/\/acquaviva.lavocedelpaese.info\/index.php\/wp-json\/wp\/v2\/comments?post=3487"}],"version-history":[{"count":2,"href":"https:\/\/acquaviva.lavocedelpaese.info\/index.php\/wp-json\/wp\/v2\/posts\/3487\/revisions"}],"predecessor-version":[{"id":3505,"href":"https:\/\/acquaviva.lavocedelpaese.info\/index.php\/wp-json\/wp\/v2\/posts\/3487\/revisions\/3505"}],"wp:featuredmedia":[{"embeddable":true,"href":"https:\/\/acquaviva.lavocedelpaese.info\/index.php\/wp-json\/wp\/v2\/media\/3504"}],"wp:attachment":[{"href":"https:\/\/acquaviva.lavocedelpaese.info\/index.php\/wp-json\/wp\/v2\/media?parent=3487"}],"wp:term":[{"taxonomy":"category","embeddable":true,"href":"https:\/\/acquaviva.lavocedelpaese.info\/index.php\/wp-json\/wp\/v2\/categories?post=3487"},{"taxonomy":"post_tag","embeddable":true,"href":"https:\/\/acquaviva.lavocedelpaese.info\/index.php\/wp-json\/wp\/v2\/tags?post=3487"}],"curies":[{"name":"wp","href":"https:\/\/api.w.org\/{rel}","templated":true}]}}