{"id":3478,"date":"2023-12-07T18:17:00","date_gmt":"2023-12-07T18:17:00","guid":{"rendered":"https:\/\/acquaviva.lavocedelpaese.info\/?p=3478"},"modified":"2023-12-09T08:24:02","modified_gmt":"2023-12-09T08:24:02","slug":"al-via-le-istanze-per-il-nuovo-bando-per-il-reddito-di-dignita-red","status":"publish","type":"post","link":"https:\/\/acquaviva.lavocedelpaese.info\/index.php\/2023\/12\/07\/al-via-le-istanze-per-il-nuovo-bando-per-il-reddito-di-dignita-red\/","title":{"rendered":"Al via le istanze per il nuovo bando per il Reddito di Dignit\u00e0 (ReD)"},"content":{"rendered":"\n<p><\/p>\n\n\n\n<p>L&#8217;Assessore alle Politiche Sociali <strong>Immacolata Morano<\/strong> rende noto che fino al 5 gennaio 2024 alle 14, sar\u00e0 possibile presentare le istanze per il nuovo bando per il Reddito di Dignit\u00e0 (ReD).<\/p>\n\n\n\n<p>E\u2019 stato approvato con determinazione dirigenziale 146\/1258 del 1 dicembre 2023, l&#8217;Avviso pubblico regionale per l&#8217;accesso al contributo \u201cRED 2023\u201d, una misura della Regione Puglia, attivata gi\u00e0 dal 2016 e che ha aiutato e supportato decine di migliaia di persone in difficolt\u00e0 Questa nuova edizione del ReD \u00e8 frutto di una sinergia tra il Dipartimento Welfare e il Dipartimento Politiche del Lavoro,<\/p>\n\n\n\n<p>Il RED prevede misure integrate e personalizzate di inclusione attiva con l\u2019obiettivo di mettere in protezione con percorsi di attivazione ed inclusione globale persone e famiglie non raggiunte, oppure parzialmente raggiunte dalle nuove misure nazionali in tema di contrasto alla povert\u00e0.<\/p>\n\n\n\n<p>La dotazione finanziaria per questo primo avviso \u00e8 pari a 15 milioni di euro. L\u2019indennit\u00e0 economica mensile individuale per i soggetti ammessi a contributo \u00e8 di 500 euro, a fronte della sottoscrizione del Patto di inclusione e dello svolgimento delle prestazioni in esso previste.<\/p>\n\n\n\n<p><strong>Requisiti di accesso<\/strong><\/p>\n\n\n\n<p>L\u2019avviso si rivolge a cittadini\/e di et\u00e0 compresa fra i 18 anni compiuti e i 65 anni non ancora compiuti in possesso dei seguenti requisiti:<\/p>\n\n\n\n<p>\u2022 ISEE (ordinario o corrente) in corso di validit\u00e0 con riferimento al nucleo familiare che riporti:<\/p>\n\n\n\n<p>-un valore ISEE non superiore ad \u20ac 9.360,00;<\/p>\n\n\n\n<p>-un valore della componente patrimoniale immobiliare, al netto delle detrazioni, non superiore a \u20ac 30.000,00;<\/p>\n\n\n\n<p>-un valore della componente patrimoniale mobiliare, al netto delle detrazioni, non superiore a \u20ac 15.000,00.<\/p>\n\n\n\n<p>Per le famiglie numerose (nuclei familiari di 5 componenti o pi\u00f9 oppure genitore solo con almeno tre figli minori), ISEE (ordinario o corrente) in corso di validit\u00e0, che riporti:<\/p>\n\n\n\n<p>\u2022 un valore ISEE non superiore ad \u20ac 15.000,00;<\/p>\n\n\n\n<p>\u2022 un valore della componente patrimoniale immobiliare, al netto delle detrazioni, non superiore a \u20ac 30.000,00;<\/p>\n\n\n\n<p>\u2022 il valore della componente patrimoniale mobiliare, al netto delle detrazioni, non superiore a \u20ac 20.000,00.<\/p>\n\n\n\n<p>Sono criteri premiali di valutazione:<\/p>\n\n\n\n<p>\u2022 la presenza nel nucleo familiare di immigrati,<\/p>\n\n\n\n<p>\u2022 la numerosit\u00e0 del nucleo familiare;<\/p>\n\n\n\n<p>\u2022 la presenza di disoccupati ultracinquantenni.<\/p>\n\n\n\n<p>\u2022 le giovani coppie conviventi<\/p>\n\n\n\n<p>\u2022 i nuclei familiari monopersonali<\/p>\n\n\n\n<p>La domanda potr\u00e0 essere presentata da tutti i cittadini i quali devono essere in possesso di credenziali SPID, di livello 2 e una attestazione ISEE (ordinario o corrente) in corso di validit\u00e0 alla data di generazione del \u201ccodice famiglia\u201d senza omissioni o difformit\u00e0. Le credenziali SPID devono essere intestate al titolare della domanda.<\/p>\n\n\n\n<p>Qualora il cittadino non sia in possesso di credenziali SPID \u00e8 possibile delegare soggetti terzi, in possesso di credenziali SPID, autorizzati alla presentazione delle domande, fra cui: gli sportelli dei CAF e dei Patronati, convenzionati all\u2019uopo con gli Ambiti territoriali, oppure gli sportelli di segretariato sociale degli Ambiti territoriali.<\/p>\n\n\n\n<p>La domanda va presentata esclusivamente online utilizzando l&#8217;apposita piattaforma informatica:<\/p>\n\n\n\n<p><a href=\"https:\/\/pugliasociale-spid.regione.puglia.it.\">https:\/\/pugliasociale-spid.regione.puglia.it.<\/a><\/p>\n\n\n\n<p>Potete contattare l&#8217;ufficio P.U.A. del Comune di Acquaviva delle Fonti al numero 0803065297 per ricevere informazioni e anche per prendere un appuntamento nei giorni luned\u00ec\/mercoled\u00ec\/venerd\u00ec dalle 9:00 alle 12:00 e il marted\u00ec dalle 16:00 alle ore 18:00.<\/p>\n\n\n\n<p><a href=\"https:\/\/www.facebook.com\/hashtag\/inclusionesociale?__eep__=6&amp;__cft__[0]=AZWqR_LV2rRJp1uRjvhSHi-s0HzmQHmhMuhdEVPt9qdHJeFPJCZUcNJ6VkDsBcJI0-1-W6R7Lct38SRGmtkM9oSdAaN-oYR7oQlMmFUfSuhQGD-nVyiFMsaGGVkbgtIMkpkECJ4aHGVKv1xkYYSWBzc0zYdw2hIYpt_cO4UcLNsyu3aeNtH7Eb_wCl7IdXlkcsk&amp;__tn__=*NK-R\">#inclusionesociale<\/a><a href=\"https:\/\/www.facebook.com\/hashtag\/amministrazionelenoci?__eep__=6&amp;__cft__[0]=AZWqR_LV2rRJp1uRjvhSHi-s0HzmQHmhMuhdEVPt9qdHJeFPJCZUcNJ6VkDsBcJI0-1-W6R7Lct38SRGmtkM9oSdAaN-oYR7oQlMmFUfSuhQGD-nVyiFMsaGGVkbgtIMkpkECJ4aHGVKv1xkYYSWBzc0zYdw2hIYpt_cO4UcLNsyu3aeNtH7Eb_wCl7IdXlkcsk&amp;__tn__=*NK-R\">#amministrazionelenoci<\/a><\/p>\n\n\n\n<p><a href=\"https:\/\/www.facebook.com\/photo\/?fbid=122146347014023606&amp;set=a.122104000910023606&amp;__cft__[0]=AZWqR_LV2rRJp1uRjvhSHi-s0HzmQHmhMuhdEVPt9qdHJeFPJCZUcNJ6VkDsBcJI0-1-W6R7Lct38SRGmtkM9oSdAaN-oYR7oQlMmFUfSuhQGD-nVyiFMsaGGVkbgtIMkpkECJ4aHGVKv1xkYYSWBzc0zYdw2hIYpt_cO4UcLNsyu3aeNtH7Eb_wCl7IdXlkcsk&amp;__tn__=EH-R\"><\/a><\/p>\n\n\n\n<figure class=\"wp-block-image\"><a href=\"https:\/\/www.facebook.com\/photo\/?fbid=122146347014023606&amp;set=a.122104000910023606&amp;__cft__[0]=AZWqR_LV2rRJp1uRjvhSHi-s0HzmQHmhMuhdEVPt9qdHJeFPJCZUcNJ6VkDsBcJI0-1-W6R7Lct38SRGmtkM9oSdAaN-oYR7oQlMmFUfSuhQGD-nVyiFMsaGGVkbgtIMkpkECJ4aHGVKv1xkYYSWBzc0zYdw2hIYpt_cO4UcLNsyu3aeNtH7Eb_wCl7IdXlkcsk&amp;__tn__=EH-R\"><img decoding=\"async\" src=\"https:\/\/scontent.fbri4-1.fna.fbcdn.net\/v\/t39.30808-6\/408312371_122146347008023606_544772003463773794_n.jpg?_nc_cat=102&amp;ccb=1-7&amp;_nc_sid=3635dc&amp;_nc_ohc=cwW_u-9PKtYAX_XXTw5&amp;_nc_oc=AQkUMb3CtgJcQHXFGEbmREbQG_e3OVn0Os2N69aDOsnWuc-Ee3QXtyLyDUdwdL1dfEU&amp;_nc_ht=scontent.fbri4-1.fna&amp;oh=00_AfBggB39DcQlloGUrh6cCU9AOIEJ3RUApsgLCXxIChEeLQ&amp;oe=65793F9B\" alt=\"Potrebbe essere un'immagine raffigurante il seguente testo &quot;...... REGIONE 1 PUGLIA REL Reddito di dignit\u00e0 pugliese&quot;\" \/><\/a><\/figure>\n\n\n\n<p><\/p>\n\n\n\n<p><\/p>\n\n\n\n<p><\/p>\n\n\n\n<p>******<\/p>\n\n\n\n<p><\/p>\n\n\n\n<p>E\u2019 stato approvato con determinazione dirigenziale 146\/1258 del 1 dicembre 2023, l&#8217;Avviso pubblico regionale per l&#8217;accesso al contributo \u201cRED 2023\u201d, una misura della Regione Puglia, attivata gi\u00e0 dal 2016 e che ha aiutato e supportato decine di migliaia di persone in difficolt\u00e0 Questa nuova edizione del ReD \u00e8 frutto di una sinergia tra il Dipartimento Welfare e il Dipartimento Politiche del Lavoro,<\/p>\n\n\n\n<p>Il RED prevede misure integrate e personalizzate di inclusione attiva con l\u2019obiettivo di mettere in protezione con percorsi di attivazione ed inclusione globale persone e famiglie non raggiunte, oppure parzialmente raggiunte dalle nuove misure nazionali in tema di contrasto alla povert\u00e0.<\/p>\n\n\n\n<p>La dotazione finanziaria per questo primo avviso \u00e8 pari a 15 milioni di euro. L\u2019indennit\u00e0 economica mensile individuale per i soggetti ammessi a contributo \u00e8 di 500 euro, a fronte della sottoscrizione del Patto di inclusione e dello svolgimento delle prestazioni in esso previste.<\/p>\n\n\n\n<p>Requisiti di accesso<\/p>\n\n\n\n<p>L\u2019avviso si rivolge a cittadini\/e di et\u00e0 compresa fra i 18 anni compiuti e i 65 anni non ancora compiuti in possesso dei seguenti requisiti:<\/p>\n\n\n\n<p>\u2022 ISEE (ordinario o corrente) in corso di validit\u00e0 con riferimento al nucleo familiare che riporti:<\/p>\n\n\n\n<p>-un valore ISEE non superiore ad \u20ac 9.360,00;<\/p>\n\n\n\n<p>-un valore della componente patrimoniale immobiliare, al netto delle detrazioni, non superiore a \u20ac 30.000,00;<\/p>\n\n\n\n<p>-un valore della componente patrimoniale mobiliare, al netto delle detrazioni, non superiore a \u20ac 15.000,00.<\/p>\n\n\n\n<p>Per le famiglie numerose (nuclei familiari di 5 componenti o pi\u00f9 oppure genitore solo con almeno tre figli minori), ISEE (ordinario o corrente) in corso di validit\u00e0, che riporti:<\/p>\n\n\n\n<p>\u2022 un valore ISEE non superiore ad \u20ac 15.000,00;<\/p>\n\n\n\n<p>\u2022 un valore della componente patrimoniale immobiliare, al netto delle detrazioni, non superiore a \u20ac 30.000,00;<\/p>\n\n\n\n<p>\u2022 il valore della componente patrimoniale mobiliare, al netto delle detrazioni, non superiore a \u20ac 20.000,00.<\/p>\n\n\n\n<p>Sono criteri premiali di valutazione:<\/p>\n\n\n\n<p>\u2022 la presenza nel nucleo familiare di immigrati,<\/p>\n\n\n\n<p>\u2022 la numerosit\u00e0 del nucleo familiare;<\/p>\n\n\n\n<p>\u2022 la presenza di disoccupati ultracinquantenni.<\/p>\n\n\n\n<p>\u2022 le giovani coppie conviventi<\/p>\n\n\n\n<p>\u2022 i nuclei familiari monopersonali<\/p>\n\n\n\n<p>La domanda potr\u00e0 essere presentata da tutti i cittadini i quali devono essere in possesso di credenziali SPID, di livello 2 e una attestazione ISEE (ordinario o corrente) in corso di validit\u00e0 alla data di generazione del \u201ccodice famiglia\u201d senza omissioni o difformit\u00e0. Le credenziali SPID devono essere intestate al titolare della domanda.<\/p>\n\n\n\n<p>Qualora il cittadino non sia in possesso di credenziali SPID \u00e8 possibile delegare soggetti terzi, in possesso di credenziali SPID, autorizzati alla presentazione delle domande, fra cui: gli sportelli dei CAF e dei Patronati, convenzionati all\u2019uopo con gli Ambiti territoriali, oppure gli sportelli di segretariato sociale degli Ambiti territoriali.<\/p>\n\n\n\n<p>La domanda va presentata esclusivamente online utilizzando l&#8217;apposita piattaforma informatica:<\/p>\n\n\n\n<figure class=\"wp-block-embed\"><div class=\"wp-block-embed__wrapper\">\nhttps:\/\/pugliasociale-spid.regione.puglia.it.\n<\/div><\/figure>\n\n\n\n<p>Potete contattare l&#8217;ufficio P.U.A. del Comune di Acquaviva delle Fonti al numero 0803065297 per ricevere informazioni e anche per prendere un appuntamento nei giorni luned\u00ec\/mercoled\u00ec\/venerd\u00ec dalle 9:00 alle 12:00 e il marted\u00ec dalle 16:00 alle ore 18:00.<\/p>\n\n\n\n<p><\/p>\n\n\n\n<figure class=\"wp-block-image size-full\"><img decoding=\"async\" width=\"376\" height=\"376\" src=\"https:\/\/acquaviva.lavocedelpaese.info\/wp-content\/uploads\/2023\/12\/408762555_730583205776689_1447839884617958485_n.jpg\" alt=\"\" class=\"wp-image-3479\" srcset=\"https:\/\/acquaviva.lavocedelpaese.info\/wp-content\/uploads\/2023\/12\/408762555_730583205776689_1447839884617958485_n.jpg 376w, https:\/\/acquaviva.lavocedelpaese.info\/wp-content\/uploads\/2023\/12\/408762555_730583205776689_1447839884617958485_n-300x300.jpg 300w, https:\/\/acquaviva.lavocedelpaese.info\/wp-content\/uploads\/2023\/12\/408762555_730583205776689_1447839884617958485_n-150x150.jpg 150w\" sizes=\"(max-width: 376px) 100vw, 376px\" \/><\/figure>\n","protected":false},"excerpt":{"rendered":"<p>L&#8217;Assessore alle Politiche Sociali Immacolata Morano rende noto che fino al 5 gennaio 2024 alle 14, sar\u00e0 possibile presentare le<\/p>\n","protected":false},"author":4,"featured_media":3480,"comment_status":"open","ping_status":"closed","sticky":false,"template":"","format":"standard","meta":{"colormag_page_container_layout":"default_layout","colormag_page_sidebar_layout":"default_layout","_monsterinsights_skip_tracking":false,"_monsterinsights_sitenote_active":false,"_monsterinsights_sitenote_note":"","_monsterinsights_sitenote_category":0,"footnotes":""},"categories":[3,33],"tags":[],"class_list":["post-3478","post","type-post","status-publish","format-standard","has-post-thumbnail","hentry","category-politica","category-spalla"],"_links":{"self":[{"href":"https:\/\/acquaviva.lavocedelpaese.info\/index.php\/wp-json\/wp\/v2\/posts\/3478","targetHints":{"allow":["GET"]}}],"collection":[{"href":"https:\/\/acquaviva.lavocedelpaese.info\/index.php\/wp-json\/wp\/v2\/posts"}],"about":[{"href":"https:\/\/acquaviva.lavocedelpaese.info\/index.php\/wp-json\/wp\/v2\/types\/post"}],"author":[{"embeddable":true,"href":"https:\/\/acquaviva.lavocedelpaese.info\/index.php\/wp-json\/wp\/v2\/users\/4"}],"replies":[{"embeddable":true,"href":"https:\/\/acquaviva.lavocedelpaese.info\/index.php\/wp-json\/wp\/v2\/comments?post=3478"}],"version-history":[{"count":1,"href":"https:\/\/acquaviva.lavocedelpaese.info\/index.php\/wp-json\/wp\/v2\/posts\/3478\/revisions"}],"predecessor-version":[{"id":3481,"href":"https:\/\/acquaviva.lavocedelpaese.info\/index.php\/wp-json\/wp\/v2\/posts\/3478\/revisions\/3481"}],"wp:featuredmedia":[{"embeddable":true,"href":"https:\/\/acquaviva.lavocedelpaese.info\/index.php\/wp-json\/wp\/v2\/media\/3480"}],"wp:attachment":[{"href":"https:\/\/acquaviva.lavocedelpaese.info\/index.php\/wp-json\/wp\/v2\/media?parent=3478"}],"wp:term":[{"taxonomy":"category","embeddable":true,"href":"https:\/\/acquaviva.lavocedelpaese.info\/index.php\/wp-json\/wp\/v2\/categories?post=3478"},{"taxonomy":"post_tag","embeddable":true,"href":"https:\/\/acquaviva.lavocedelpaese.info\/index.php\/wp-json\/wp\/v2\/tags?post=3478"}],"curies":[{"name":"wp","href":"https:\/\/api.w.org\/{rel}","templated":true}]}}