{"id":3374,"date":"2023-12-04T12:15:06","date_gmt":"2023-12-04T12:15:06","guid":{"rendered":"https:\/\/acquaviva.lavocedelpaese.info\/?p=3374"},"modified":"2023-12-05T16:47:11","modified_gmt":"2023-12-05T16:47:11","slug":"inaugurato-il-monumento-in-memoria-delling-pietro-milella","status":"publish","type":"post","link":"https:\/\/acquaviva.lavocedelpaese.info\/index.php\/2023\/12\/04\/inaugurato-il-monumento-in-memoria-delling-pietro-milella\/","title":{"rendered":"Inaugurato il monumento in memoria dell&#8217;ing. Pietro Milella"},"content":{"rendered":"\n<p class=\"has-text-align-center\"><strong>A realizzare il mezzo busto in bronzo l&#8217;artista molfettese prof. Mauro Antonio Mezzina<\/strong><\/p>\n\n\n\n<p><strong>di Isabella Giorgio<\/strong><\/p>\n\n\n\n<p>Foto: Isabella Giorgio &#8211; Vito Abbinante<\/p>\n\n\n\n<p>Grande partecipazione e sentita commozione ieri mattina in piazza Garibaldi per l&#8217;inaugurazione del monumento commemorativo dell&#8217;ing. Pietro Milella consegnato alla comunit\u00e0 per testimoniare alle future generazioni il simbolo del buon Governo, l&#8217;esempio di un buon politico e il ricordo di uno dei suoi pi\u00f9 amati e illustri figli di Acquaviva.<\/p>\n\n\n\n<p>&#8216;Don Pierino&#8217; come lo chiamavano tutti in paese \u00e8 stato amministratore pubblico, gi\u00e0 sindaco per ben quattro volte e preside dell&#8217;Istituto Professionale \u201cN. Chiarulli\u201d ha contribuito allo sviluppo economico e sociale di Acquaviva delle Fonti.<\/p>\n\n\n\n<figure class=\"wp-block-gallery has-nested-images columns-default is-cropped wp-block-gallery-1 is-layout-flex wp-block-gallery-is-layout-flex\">\n<figure class=\"wp-block-image size-large\"><img decoding=\"async\" width=\"800\" height=\"800\" data-id=\"3400\" src=\"https:\/\/acquaviva.lavocedelpaese.info\/wp-content\/uploads\/2023\/12\/407271024_3581348402130852_3518173134561279564_n-3.jpg\" alt=\"\" class=\"wp-image-3400\" srcset=\"https:\/\/acquaviva.lavocedelpaese.info\/wp-content\/uploads\/2023\/12\/407271024_3581348402130852_3518173134561279564_n-3.jpg 800w, https:\/\/acquaviva.lavocedelpaese.info\/wp-content\/uploads\/2023\/12\/407271024_3581348402130852_3518173134561279564_n-3-300x300.jpg 300w, https:\/\/acquaviva.lavocedelpaese.info\/wp-content\/uploads\/2023\/12\/407271024_3581348402130852_3518173134561279564_n-3-150x150.jpg 150w, https:\/\/acquaviva.lavocedelpaese.info\/wp-content\/uploads\/2023\/12\/407271024_3581348402130852_3518173134561279564_n-3-768x768.jpg 768w\" sizes=\"(max-width: 800px) 100vw, 800px\" \/><\/figure>\n\n\n\n<figure class=\"wp-block-image size-large\"><img decoding=\"async\" width=\"309\" height=\"390\" data-id=\"3398\" src=\"https:\/\/acquaviva.lavocedelpaese.info\/wp-content\/uploads\/2023\/12\/407445590_3581348342130858_1281329552223214423_n-3.jpg\" alt=\"\" class=\"wp-image-3398\" srcset=\"https:\/\/acquaviva.lavocedelpaese.info\/wp-content\/uploads\/2023\/12\/407445590_3581348342130858_1281329552223214423_n-3.jpg 309w, https:\/\/acquaviva.lavocedelpaese.info\/wp-content\/uploads\/2023\/12\/407445590_3581348342130858_1281329552223214423_n-3-238x300.jpg 238w\" sizes=\"(max-width: 309px) 100vw, 309px\" \/><\/figure>\n\n\n\n<figure class=\"wp-block-image size-large\"><img decoding=\"async\" width=\"380\" height=\"595\" data-id=\"3399\" src=\"https:\/\/acquaviva.lavocedelpaese.info\/wp-content\/uploads\/2023\/12\/407572780_3581348218797537_5451485348175537360_n-3.jpg\" alt=\"\" class=\"wp-image-3399\" srcset=\"https:\/\/acquaviva.lavocedelpaese.info\/wp-content\/uploads\/2023\/12\/407572780_3581348218797537_5451485348175537360_n-3.jpg 380w, https:\/\/acquaviva.lavocedelpaese.info\/wp-content\/uploads\/2023\/12\/407572780_3581348218797537_5451485348175537360_n-3-192x300.jpg 192w\" sizes=\"(max-width: 380px) 100vw, 380px\" \/><\/figure>\n<\/figure>\n\n\n\n<p>Il busto bronzeo di Pietro Milella sindaco \u00e8 stato realizzato dall&#8217;artista molfettese Mauro Antonio Mezzina, docente di Scultura presso l\u2019Accademia di Belle Arti di Bari, posto su un basamento lapideo bianco posto in opera dalla ditta Fratelli Tunzi Marmi di Acquaviva delle Fonti.<\/p>\n\n\n\n<p>I costi per la realizzazione del monumento sono stati interamente coperti da una sottoscrizione spontanea partita dal basso con entusiasmo e determinazione dal Comitato &#8216;Un monumento alla memoria di Pietro Milella&#8217;.<\/p>\n\n\n\n<p>\u201cEra un anno fa, a ottobre 2022 furono mossi i primi passi, a novembre si istituirono i primi banchetti per la raccolta fondi- precisa il maestro <strong>Gino Capozzo<\/strong>&#8211; come sono andate le cose ce lo dir\u00e0 Giacomo Abrusci e Vito Lucarelli\u201d.<\/p>\n\n\n\n<figure class=\"wp-block-gallery has-nested-images columns-default is-cropped wp-block-gallery-2 is-layout-flex wp-block-gallery-is-layout-flex\">\n<figure class=\"wp-block-image size-large\"><img decoding=\"async\" width=\"1000\" height=\"750\" data-id=\"3403\" src=\"https:\/\/acquaviva.lavocedelpaese.info\/wp-content\/uploads\/2023\/12\/IMG_20231203_113544_275.jpg\" alt=\"\" class=\"wp-image-3403\" srcset=\"https:\/\/acquaviva.lavocedelpaese.info\/wp-content\/uploads\/2023\/12\/IMG_20231203_113544_275.jpg 1000w, https:\/\/acquaviva.lavocedelpaese.info\/wp-content\/uploads\/2023\/12\/IMG_20231203_113544_275-300x225.jpg 300w, https:\/\/acquaviva.lavocedelpaese.info\/wp-content\/uploads\/2023\/12\/IMG_20231203_113544_275-768x576.jpg 768w\" sizes=\"(max-width: 1000px) 100vw, 1000px\" \/><\/figure>\n\n\n\n<figure class=\"wp-block-image size-large\"><img decoding=\"async\" width=\"600\" height=\"800\" data-id=\"3405\" src=\"https:\/\/acquaviva.lavocedelpaese.info\/wp-content\/uploads\/2023\/12\/IMG_20231203_114047_461.jpg\" alt=\"\" class=\"wp-image-3405\" srcset=\"https:\/\/acquaviva.lavocedelpaese.info\/wp-content\/uploads\/2023\/12\/IMG_20231203_114047_461.jpg 600w, https:\/\/acquaviva.lavocedelpaese.info\/wp-content\/uploads\/2023\/12\/IMG_20231203_114047_461-225x300.jpg 225w\" sizes=\"(max-width: 600px) 100vw, 600px\" \/><\/figure>\n\n\n\n<figure class=\"wp-block-image size-large\"><img decoding=\"async\" width=\"600\" height=\"800\" data-id=\"3404\" src=\"https:\/\/acquaviva.lavocedelpaese.info\/wp-content\/uploads\/2023\/12\/IMG_20231203_114215_137.jpg\" alt=\"\" class=\"wp-image-3404\" srcset=\"https:\/\/acquaviva.lavocedelpaese.info\/wp-content\/uploads\/2023\/12\/IMG_20231203_114215_137.jpg 600w, https:\/\/acquaviva.lavocedelpaese.info\/wp-content\/uploads\/2023\/12\/IMG_20231203_114215_137-225x300.jpg 225w\" sizes=\"(max-width: 600px) 100vw, 600px\" \/><\/figure>\n<\/figure>\n\n\n\n<p>La parola \u00e8 poi passata a <strong>Giacomo Abrusci<\/strong>, dopo aver salutato i presenti ha ringraziato il sindaco avv. Marco Lenoci per il patrocinio del Comune a questa manifestazione e l&#8217;ex sindaco Dott. Davide Carlucci per il determinante supporto istituzionale e amministrativo (Delibera G.M. N\u00b0 57 del 22.03.2023) con la quale autorizzava il Comitato all&#8217;apposizione del busto commemorativo in memoria di Pietro Milella in piazza Garibaldi.<\/p>\n\n\n\n<p>\u201cSiamo giunti alla conclusione di questa iniziativa maturata e condivisa inizialmente da me e dall&#8217;amico Vito Lucarelli, poi partecipata dagli amici Gino e Oronzo Capozzo e da Vitantonio Petrelli. Compartecipata subito dopo da molti altri sostenitori tutti indicati nella brouchure oltre a concittadini che per motivi personali non hanno ritenuto di essere menzionati. Ringraziamo anche l&#8217;amico Giovanni Ferrara che per un mero errore materiale non \u00e8 stato inserito in questo elenco, chiediamo scusa. Ringraziamo l&#8217;azienda IFAC S.p.a. di Amodio Angelo &amp; figli, l&#8217;azienda Cantine Polvanera di Filippo Cassano, l&#8217;azienda ISOTEK di Gentile Francesco, Credito Cooperativo BBC di Cassano delle Murge e Tolve, Agenzia Assicurazioni e Finanza di Palazzo e Capozzo.<\/p>\n\n\n\n<p>\u00c8 stata una bella esperienza, siamo stati dei folli, abbiamo creduto in quella che sentivamo nel nostro intimo: un sentimento sincero e scevro da qualsiasi secondo fine ci ha guidati fino all&#8217;obiettivo che ci eravamo preposti. Abbiamo evitato inutili strumentalizzazioni, posticipando la data di commemorazione a dopo la consultazione elettorale comunale per evitare dicerie che erano gi\u00e0 in atto.<\/p>\n\n\n\n<p>Questa iniziativa ha riscontrato subito una larghissima partecipazione di amici e concittadini che attraverso una volontaria donazione da 5 euro a 2mila euro, incamerando un totale di 12.500 euro manifestando in tal modo la condivisione alla nostra impresa. Perch\u00e9 di impresa si \u00e8 trattata, riguardo alla somma daremo il dovuto rendiconto al termine dei pagamenti ancora da effettuare.<\/p>\n\n\n\n<figure class=\"wp-block-gallery has-nested-images columns-default is-cropped wp-block-gallery-3 is-layout-flex wp-block-gallery-is-layout-flex\">\n<figure class=\"wp-block-image size-large\"><img decoding=\"async\" width=\"1000\" height=\"750\" data-id=\"3408\" src=\"https:\/\/acquaviva.lavocedelpaese.info\/wp-content\/uploads\/2023\/12\/IMG-20231203-WA0013-2.jpg\" alt=\"\" class=\"wp-image-3408\" srcset=\"https:\/\/acquaviva.lavocedelpaese.info\/wp-content\/uploads\/2023\/12\/IMG-20231203-WA0013-2.jpg 1000w, https:\/\/acquaviva.lavocedelpaese.info\/wp-content\/uploads\/2023\/12\/IMG-20231203-WA0013-2-300x225.jpg 300w, https:\/\/acquaviva.lavocedelpaese.info\/wp-content\/uploads\/2023\/12\/IMG-20231203-WA0013-2-768x576.jpg 768w\" sizes=\"(max-width: 1000px) 100vw, 1000px\" \/><\/figure>\n\n\n\n<figure class=\"wp-block-image size-large\"><img decoding=\"async\" width=\"1000\" height=\"750\" data-id=\"3410\" src=\"https:\/\/acquaviva.lavocedelpaese.info\/wp-content\/uploads\/2023\/12\/IMG-20231203-WA0015-1.jpg\" alt=\"\" class=\"wp-image-3410\" srcset=\"https:\/\/acquaviva.lavocedelpaese.info\/wp-content\/uploads\/2023\/12\/IMG-20231203-WA0015-1.jpg 1000w, https:\/\/acquaviva.lavocedelpaese.info\/wp-content\/uploads\/2023\/12\/IMG-20231203-WA0015-1-300x225.jpg 300w, https:\/\/acquaviva.lavocedelpaese.info\/wp-content\/uploads\/2023\/12\/IMG-20231203-WA0015-1-768x576.jpg 768w\" sizes=\"(max-width: 1000px) 100vw, 1000px\" \/><\/figure>\n\n\n\n<figure class=\"wp-block-image size-large\"><img decoding=\"async\" width=\"1000\" height=\"750\" data-id=\"3411\" src=\"https:\/\/acquaviva.lavocedelpaese.info\/wp-content\/uploads\/2023\/12\/IMG-20231203-WA0017-1.jpg\" alt=\"\" class=\"wp-image-3411\" srcset=\"https:\/\/acquaviva.lavocedelpaese.info\/wp-content\/uploads\/2023\/12\/IMG-20231203-WA0017-1.jpg 1000w, https:\/\/acquaviva.lavocedelpaese.info\/wp-content\/uploads\/2023\/12\/IMG-20231203-WA0017-1-300x225.jpg 300w, https:\/\/acquaviva.lavocedelpaese.info\/wp-content\/uploads\/2023\/12\/IMG-20231203-WA0017-1-768x576.jpg 768w\" sizes=\"(max-width: 1000px) 100vw, 1000px\" \/><\/figure>\n\n\n\n<figure class=\"wp-block-image size-large\"><img decoding=\"async\" width=\"1000\" height=\"749\" data-id=\"3407\" src=\"https:\/\/acquaviva.lavocedelpaese.info\/wp-content\/uploads\/2023\/12\/IMG-20231203-WA0019-1.jpg\" alt=\"\" class=\"wp-image-3407\" srcset=\"https:\/\/acquaviva.lavocedelpaese.info\/wp-content\/uploads\/2023\/12\/IMG-20231203-WA0019-1.jpg 1000w, https:\/\/acquaviva.lavocedelpaese.info\/wp-content\/uploads\/2023\/12\/IMG-20231203-WA0019-1-300x225.jpg 300w, https:\/\/acquaviva.lavocedelpaese.info\/wp-content\/uploads\/2023\/12\/IMG-20231203-WA0019-1-768x575.jpg 768w\" sizes=\"(max-width: 1000px) 100vw, 1000px\" \/><\/figure>\n<\/figure>\n\n\n\n<p>Oggi siamo qui tutti insieme a rappresentare questo momento di partecipazione collettiva alla cerimonia in memoria dell&#8217;ing. Milella mediante la realizzazione del monumento a testimonianza per le nuove generazioni di un uomo che con la sua attivit\u00e0 di amministratore pubblico ha contribuito in maniera distinta e determinata all&#8217;elevazione sociale ed economica di Acquaviva. Oggi non stiamo santificando Pietro Milella ma solamente a ringraziando un concittadino che con i suoi limiti, pregi e difetti, come tutti gli esseri umani, ha assunto nel corso dei suoi quattro mandati da sindaco di Acquaviva e preside dell&#8217;Istituto Professionale molte iniziative pubbliche indispensabili e necessarie per la crescita economica e sociale del nostro Paese. Tra le pi\u00f9 importanti la realizzazione della Zona Industriale, l&#8217;IRESI, l&#8217;Istituto Professionale, questa area come ha gi\u00e0 presentato Gino Capozzo come giardino pubblico con annesso monumento ai caduti in guerra. Grazie di tutto Don Pierino\u201d.<\/p>\n\n\n\n<figure class=\"wp-block-gallery has-nested-images columns-default is-cropped wp-block-gallery-4 is-layout-flex wp-block-gallery-is-layout-flex\">\n<figure class=\"wp-block-image size-large\"><img decoding=\"async\" width=\"600\" height=\"800\" data-id=\"3416\" src=\"https:\/\/acquaviva.lavocedelpaese.info\/wp-content\/uploads\/2023\/12\/IMG_20231203_114215_137-1.jpg\" alt=\"\" class=\"wp-image-3416\" srcset=\"https:\/\/acquaviva.lavocedelpaese.info\/wp-content\/uploads\/2023\/12\/IMG_20231203_114215_137-1.jpg 600w, https:\/\/acquaviva.lavocedelpaese.info\/wp-content\/uploads\/2023\/12\/IMG_20231203_114215_137-1-225x300.jpg 225w\" sizes=\"(max-width: 600px) 100vw, 600px\" \/><\/figure>\n\n\n\n<figure class=\"wp-block-image size-large\"><img decoding=\"async\" width=\"600\" height=\"800\" data-id=\"3413\" src=\"https:\/\/acquaviva.lavocedelpaese.info\/wp-content\/uploads\/2023\/12\/IMG_20231203_114548_330-1.jpg\" alt=\"\" class=\"wp-image-3413\" srcset=\"https:\/\/acquaviva.lavocedelpaese.info\/wp-content\/uploads\/2023\/12\/IMG_20231203_114548_330-1.jpg 600w, https:\/\/acquaviva.lavocedelpaese.info\/wp-content\/uploads\/2023\/12\/IMG_20231203_114548_330-1-225x300.jpg 225w\" sizes=\"(max-width: 600px) 100vw, 600px\" \/><\/figure>\n\n\n\n<figure class=\"wp-block-image size-large\"><img decoding=\"async\" width=\"1000\" height=\"750\" data-id=\"3415\" src=\"https:\/\/acquaviva.lavocedelpaese.info\/wp-content\/uploads\/2023\/12\/IMG_20231203_115603_821.jpg\" alt=\"\" class=\"wp-image-3415\" srcset=\"https:\/\/acquaviva.lavocedelpaese.info\/wp-content\/uploads\/2023\/12\/IMG_20231203_115603_821.jpg 1000w, https:\/\/acquaviva.lavocedelpaese.info\/wp-content\/uploads\/2023\/12\/IMG_20231203_115603_821-300x225.jpg 300w, https:\/\/acquaviva.lavocedelpaese.info\/wp-content\/uploads\/2023\/12\/IMG_20231203_115603_821-768x576.jpg 768w\" sizes=\"(max-width: 1000px) 100vw, 1000px\" \/><\/figure>\n\n\n\n<figure class=\"wp-block-image size-large\"><img decoding=\"async\" width=\"600\" height=\"800\" data-id=\"3414\" src=\"https:\/\/acquaviva.lavocedelpaese.info\/wp-content\/uploads\/2023\/12\/IMG_20231203_120455_730.jpg\" alt=\"\" class=\"wp-image-3414\" srcset=\"https:\/\/acquaviva.lavocedelpaese.info\/wp-content\/uploads\/2023\/12\/IMG_20231203_120455_730.jpg 600w, https:\/\/acquaviva.lavocedelpaese.info\/wp-content\/uploads\/2023\/12\/IMG_20231203_120455_730-225x300.jpg 225w\" sizes=\"(max-width: 600px) 100vw, 600px\" \/><\/figure>\n\n\n\n<figure class=\"wp-block-image size-large\"><img decoding=\"async\" width=\"1000\" height=\"750\" data-id=\"3412\" src=\"https:\/\/acquaviva.lavocedelpaese.info\/wp-content\/uploads\/2023\/12\/IMG_20231203_120550_003.jpg\" alt=\"\" class=\"wp-image-3412\" srcset=\"https:\/\/acquaviva.lavocedelpaese.info\/wp-content\/uploads\/2023\/12\/IMG_20231203_120550_003.jpg 1000w, https:\/\/acquaviva.lavocedelpaese.info\/wp-content\/uploads\/2023\/12\/IMG_20231203_120550_003-300x225.jpg 300w, https:\/\/acquaviva.lavocedelpaese.info\/wp-content\/uploads\/2023\/12\/IMG_20231203_120550_003-768x576.jpg 768w\" sizes=\"(max-width: 1000px) 100vw, 1000px\" \/><\/figure>\n<\/figure>\n\n\n\n<p><strong>Vito Lucarelli<\/strong> ha poi spiegato il perch\u00e9 del monumento, offrendo ai presenti aneddoti di vita personale. \u201cCi sono persone che incontriamo nella vita che secondo me hanno un&#8217;aurea che li distingue da tutti e dalla massa. La prima persona in cui ho visto questa luce \u00e8 stata Pierino Milella\u201d. Nel suo intervento ha fatto riferimento alla sua militanza nel movimento giovanile della DC: \u201cnei direttivi che si tenevano prima dei consigli comunali dove si decideva la linea del Partito, sentivo parlare Don Pierino: ti amaliava, era impossibile poi non andare sulle sue posizioni. Avevo 15-16 anni lui poco meno di 50anni, era un cavallo da corsa. Le sue forze erano inesauribili, \u00e8 stato il mio primo maestro di vita. Nella mia incoscienza giovanile non lo chiamavo Don Pierino ma maestro, lo ritenevo davvero un Maestro della bella politica del fare, una persona concreta. Un politico che diceva di fare cinque cose e ne faceva quattro e mezzo. La sua era una Politica rivolta sempre verso i bisogni della povera gente e il bene comune.<\/p>\n\n\n\n<p>Lasciai poi la DC e torna alla politica attiva all&#8217;et\u00e0 di 40 anni, era il periodo di &#8216;Citt\u00e0 per l&#8217;Uomo&#8217; e ci ritrovammo di nuovo insieme io, Vitantonio Petrelli, Gino Capozzo e quegli amici di una volta. Erano passati 25 anni e Pierino Milella era ancora quel cavallo da corsa che ti d\u00e0 la forza, e l&#8217;organizzazione\u201d.<\/p>\n\n\n\n<p>Vito Lucarelli ha poi menzionato alcune opere portate ad Acquaviva da Don Pierino Milella: l&#8217;IRESI impresa che realizzava apparecchiature mediche facendo lavorare operai acquavivesi, l&#8217;Istituto Professionale, per 20anni sono stato un tecnico. A scuola aveva fatto scrivere &#8216;<em>Un buon tecnico vale pi\u00f9 di un mediocre professionista<\/em>&#8216;. Era convinto di questo. Port\u00f2 il chimico ad Acquaviva, il Professionale era prima una succursale del Santarelli di Bari, in breve tempo divent\u00f2 capofila per altri Istituti. Tra le altre opere la realizzazione dell&#8217;oleificio sociale e della cantina sociale, la Zona Industriale e artigianale, la cooperativa La Molignana con i pozzi artesiani che hanno portato ricchezza e maggiore profitto agli agricoltori di Acquaviva\u201d.<\/p>\n\n\n\n<p>Gino Capozzo ha chiesto all&#8217;ex sindaco <strong>Davide Carlucci<\/strong> di avvicinarsi per prendere la parola ringraziandolo per essere stato vicino al Comitato nel dare sostegno con gli atti amministrativi.<\/p>\n\n\n\n<p>\u201cRingrazio tutti e in particolare Gino Capozzo, Vito Lucarelli e Giacomo Abrusci, nonch\u00e9 tutti i promotori del comitato cittadino che ha voluto questa statua e i sottoscrittori che l&#8217;hanno finanziata. Ringrazio la famiglia, i figli Antonella, Giovanni e Vincenzo, e i nipoti che a lui erano molto legati. E il sindaco Marco Lenoci, che ha portato a compimento l&#8217;iniziativa di dedicare una statua a &#8220;don Pierino&#8221;.<\/p>\n\n\n\n<p>Da sindaco io non ho fatto molto, se non agevolare la causa del comitato, cercando di rispondere tempestivamente alla loro sollecitazioni e facendo in modo che potessero andare in porto.<\/p>\n\n\n\n<p>Sono sempre pi\u00f9 convinto di una verit\u00e0 che \u00e8 lapalissiana, banale, ma \u00e8 una verit\u00e0 che sperimenti nel momento in cui amministri: le nostre citt\u00e0, gli spazi urbani ma anche i contenuti che li rendono vivi, sono il frutto di un avvicendarsi di uomini e donne &#8211; ad Acquaviva, purtroppo molto pi\u00f9 uomini che donne &#8211; che nel corso del tempo hanno dato il loro contributo alla nostra comunit\u00e0 chi realizzando un&#8217;opera pubblica, chi un&#8217;altra, chi impostando un servizio pubblico, chi dando una direzione di sviluppo.<\/p>\n\n\n\n<p>Questo spesso lo dimentichiamo e non consideriamo quanto il nostro passaggio sulla terra sia breve, avvenga in una dimensione spazio-temporale e forse anche spirituale infinitamente pi\u00f9 importante delle nostre beghe, ma rechi tracce che a volte restano visibili.<\/p>\n\n\n\n<p>In fondo ognuno di noi &#8211; chi ha amministrato, ma anche chi ha progettato, chi ha concretamente realizzato delle opere &#8211; \u00e8 in qualche modo artefice dello spazio in cui si trova.<\/p>\n\n\n\n<p>Pierino Milella, l&#8217;ingegner Milella, \u00e8 stato certamente, finora, l&#8217;uomo politico, il sindaco che ha lasciato pi\u00f9 tracce nella nostra citt\u00e0.<\/p>\n\n\n\n<p>Non solo nello spazio in cui ci troviamo, piazza Garibaldi, ma anche nella zona industriale, che abbiamo intitolato a lui perch\u00e9 lui l&#8217;ha progettata, nell&#8217;istituto Chiarulli, e in tante altre opere che parlano dello sforzo di trasformare un paese agricolo e farlo entrare nella modernit\u00e0.<\/p>\n\n\n\n<p>Certo, quando si realizza una statua, un busto, si sottrae per sempre la fisicit\u00e0 a un corpo, la sua carne e il suo sangue, e sembra che lo si voglia santificare. E in qualche modo facciamo un torto allo stesso Pierino, la cui vitalit\u00e0 era proverbiale, preso com&#8217;era da quella che un politico-poeta di idee diverse dalle sue, Pietro Ingrao, definiva &#8220;l&#8217;alta febbre del fare&#8221;.<\/p>\n\n\n\n<p>Milella ha lasciato un patrimonio inestimabile di realizzazioni per la citt\u00e0. Pensiamo a quanti giochi, quanti fidanzamenti, quante passeggiate, quante amicizie, quante chiacchierate, discorsi profondi sono stati fatti in piazza Garibaldi, che \u00e8 stata voluta e realizzata da lui. Quante imprese hanno potuto crescere e svilupparsi nella zona industriale, che noi abbiamo voluto intitolare a lui, quanti posti di lavoro sono stati creati, quanti affari, quante famiglie si sono potute creare. Quanti studenti si sono formati all&#8217;istituto Chiarulli. E potrei continuare.<\/p>\n\n\n\n<p>Tutto questo \u00e8 merito della sua dote di ingegnere\/sindaco, che progettava e realizzava con lungimiranza e tenacia. E non \u00e8 stato importante solo il suo voler vedere lontano ma anche la sua caparbia lotta contro la burocrazia, l&#8217;arretratezza culturale, l&#8217;ignoranza, l&#8217;infingardaggine, la testardaggine, la disonest\u00e0 di tanti che hanno ostacolato la sua volont\u00e0 di fare. Questa grande dote che fa di lui un grande.<\/p>\n\n\n\n<p>Nella lapide viene definito con semplicit\u00e0, &#8220;sindaco&#8221;: in questo modo si d\u00e0 importanza a questa funzione, a questo ruolo, a questa parola la cui etimologia, syn dike, riconduce a un&#8217;attivit\u00e0 antica che fin dalle prime comunit\u00e0 organizzate democraticamente i sindaci hanno avuto: fare giustizia insieme, svolgere il ruolo di difensore pubblico di una comunit\u00e0.<\/p>\n\n\n\n<p>Ricordo l&#8217;ormai novantenne Pierino che ci fu vicino quando perdemmo nostra Madre, lo ricordo quando lo invitai a partecipare accanto a me alla mia prima processione da sindaco, alla festa della Madonna del 2013. Aveva difficolt\u00e0 a camminare, ma volle esserci. Mi diede un grande onore e mi consent\u00ec di ringraziarlo, con quel gesto, a nome di tutti i primi cittadini che gli sono succeduti per aver donato una parte importante della sua vita all&#8217;amore per la cosa pubblica\u201d.<\/p>\n\n\n\n<p>Si \u00e8 entrati nel vivo della cerimonia procedendo allo svelamento del busto bronzeo da parte dei nipoti di Pietro Milella e alla benedizione dell&#8217;opera da parte di <strong>Don Mimmo Giannuzzi<\/strong>.<\/p>\n\n\n\n<figure class=\"wp-block-gallery has-nested-images columns-default is-cropped wp-block-gallery-5 is-layout-flex wp-block-gallery-is-layout-flex\">\n<figure class=\"wp-block-image size-large\"><img decoding=\"async\" width=\"831\" height=\"800\" data-id=\"3417\" src=\"https:\/\/acquaviva.lavocedelpaese.info\/wp-content\/uploads\/2023\/12\/IMG-20231203-WA0020-2.jpg\" alt=\"\" class=\"wp-image-3417\" srcset=\"https:\/\/acquaviva.lavocedelpaese.info\/wp-content\/uploads\/2023\/12\/IMG-20231203-WA0020-2.jpg 831w, https:\/\/acquaviva.lavocedelpaese.info\/wp-content\/uploads\/2023\/12\/IMG-20231203-WA0020-2-300x289.jpg 300w, https:\/\/acquaviva.lavocedelpaese.info\/wp-content\/uploads\/2023\/12\/IMG-20231203-WA0020-2-768x739.jpg 768w\" sizes=\"(max-width: 831px) 100vw, 831px\" \/><\/figure>\n<\/figure>\n\n\n\n<p>\u201cBenedire vuol dire dire bene [..] Chiediamo la benedizione al Signore su questa immagine e su di noi, vi lascio con una domanda: <strong>ci sono ancora dei Pierino Milella in mezzo a noi, nella nostra citt\u00e0, nella nostra comunit\u00e0? <\/strong>Non dobbiamo solo commemorare il passato guardando questa stele dovremmo sentirci sollecitati perch\u00e9 quello che hanno fatto gli altri prima di noi possiamo farlo noi con i nostri linguaggi nella nostra epoca. Mi date l&#8217;occasione di condividere questo saluto con tutti voi ringrazio il sindaco, il Comitato e chi ha realizzato questa stele\u201d.<\/p>\n\n\n\n<p>\u00c8 seguito un applauso scrosciante.<\/p>\n\n\n\n<figure class=\"wp-block-gallery has-nested-images columns-default is-cropped wp-block-gallery-6 is-layout-flex wp-block-gallery-is-layout-flex\">\n<figure class=\"wp-block-image size-large\"><img decoding=\"async\" width=\"1000\" height=\"749\" data-id=\"3418\" src=\"https:\/\/acquaviva.lavocedelpaese.info\/wp-content\/uploads\/2023\/12\/IMG-20231203-WA0025-1.jpg\" alt=\"\" class=\"wp-image-3418\" srcset=\"https:\/\/acquaviva.lavocedelpaese.info\/wp-content\/uploads\/2023\/12\/IMG-20231203-WA0025-1.jpg 1000w, https:\/\/acquaviva.lavocedelpaese.info\/wp-content\/uploads\/2023\/12\/IMG-20231203-WA0025-1-300x225.jpg 300w, https:\/\/acquaviva.lavocedelpaese.info\/wp-content\/uploads\/2023\/12\/IMG-20231203-WA0025-1-768x575.jpg 768w\" sizes=\"(max-width: 1000px) 100vw, 1000px\" \/><\/figure>\n<\/figure>\n\n\n\n<p>Gino Capozzo dopo aver presentato l&#8217;autore dell&#8217;opera il <strong>prof. Mauro Antonio Mezzina<\/strong> gli ha chiesto: <strong>quali espressioni ha voluto cogliere tra le mille immagini, video e fotogrammi di Pietro Milella? <\/strong>\u201cBuongiorno a tutti voglio fare ringraziamenti Gino Capozzo, il Dott. Abrusci,Vito Lucarelli e a coloro che mi hnno contattato e dato questa possibilit\u00e0. Quando si realizza un&#8217;opera come questa, diventa davvero difficile entrare in rapporto con quello che \u00e8 il soggetto da replicare. Ho chiesto loro una serie di imamgini, non conoscevo l&#8217;ing. Milella ho imparato a consoscere il personaggio, i figli mi hanno dato diverse indicazioni per arrivare a ottenere questo risultato. Non \u00e8 stato semplice anche quando ho dovuto fermarmi e cancellare completamente ci\u00f2 che avevo fatto in una prima edizione e rifare ex novo il lavoro. Vorrei cogliere ci\u00f2 che ha detto l&#8217;ex sindaco poco fa: &#8216;la fissit\u00e0 nella materia di un essere&#8217; non \u00e8 una fissit\u00e0 muta ma diventa l&#8217;anima del personaggio che si perpetuer\u00e0 in eterno. Questo \u00e8 quello che ho voluto cogliere, quello che \u00e8 stato raccontato fino ad ora, la possibilit\u00e0 di poter convivere con un personaggio che ha dato tanto a questo luogo e questa citt\u00e0. Da oggi anche io divento parte di questa citt\u00e0 che ha dato tanto e mi auguro possa perpetuare nel tempo questo tipo di educazione e insegnamento. Grazie a tutti\u201d.<\/p>\n\n\n\n<figure class=\"wp-block-gallery has-nested-images columns-default is-cropped wp-block-gallery-7 is-layout-flex wp-block-gallery-is-layout-flex\">\n<figure class=\"wp-block-image size-large\"><img decoding=\"async\" width=\"1000\" height=\"749\" data-id=\"3422\" src=\"https:\/\/acquaviva.lavocedelpaese.info\/wp-content\/uploads\/2023\/12\/IMG-20231203-WA0010-2.jpg\" alt=\"\" class=\"wp-image-3422\" srcset=\"https:\/\/acquaviva.lavocedelpaese.info\/wp-content\/uploads\/2023\/12\/IMG-20231203-WA0010-2.jpg 1000w, https:\/\/acquaviva.lavocedelpaese.info\/wp-content\/uploads\/2023\/12\/IMG-20231203-WA0010-2-300x225.jpg 300w, https:\/\/acquaviva.lavocedelpaese.info\/wp-content\/uploads\/2023\/12\/IMG-20231203-WA0010-2-768x575.jpg 768w\" sizes=\"(max-width: 1000px) 100vw, 1000px\" \/><\/figure>\n<\/figure>\n\n\n\n<p>\u201cOra a lei sindaco- ha detto il maestro Gino Capozzo- Pietro Milella diventa faro del buon governo. Questo luogo diventa luogo generativo di una memoria importante che dice, racconta e d\u00e0 l&#8217;occasione, adesso al sindaco Marco Lenoci e a tutti quelli che la seguiranno di confrontarsi per una corrispondenza di amorosi e civici sensi e generativa di quella che \u00e8 stata la straordinaria energia che ha lasciato in Acquaviva il sindaco Pietro Milella.<\/p>\n\n\n\n<p>Al termine della cerimonia la parola \u00e8 passata al sindaco di Acquaviva delle Fonti <strong>avv. Marco Lenoci<\/strong>: \u201cSi dice che nessuno \u00e8 profeta in patria ma da oggi in avanti, nella &#8220;sua&#8221; Piazza Graribaldi, ci sar\u00e0 una traccia indelebile del suo valore professionale e del suo impegno civico.<\/p>\n\n\n\n<p>Grazie al comitato cittadino che ha fortemente voluto l&#8217;opera ed all&#8217;artista che l&#8217;ha realizzata\u201d.<\/p>\n\n\n\n<p class=\"has-text-align-right\"><strong>ISABELLA GIORGIO<\/strong><\/p>\n\n\n\n<figure class=\"wp-block-gallery has-nested-images columns-default is-cropped wp-block-gallery-8 is-layout-flex wp-block-gallery-is-layout-flex\">\n<figure class=\"wp-block-image\"><img decoding=\"async\" src=\"https:\/\/acquaviva.lavocedelpaese.info\/4779ebb6-90f0-47c0-9f0a-6b109b0a91a0\" alt=\"\" \/><\/figure>\n<\/figure>\n\n\n\n<figure class=\"wp-block-gallery has-nested-images columns-default is-cropped wp-block-gallery-9 is-layout-flex wp-block-gallery-is-layout-flex\">\n<figure class=\"wp-block-image size-large\"><img decoding=\"async\" width=\"1000\" height=\"750\" data-id=\"3424\" src=\"https:\/\/acquaviva.lavocedelpaese.info\/wp-content\/uploads\/2023\/12\/IMG_20231203_115230_050.jpg\" alt=\"\" class=\"wp-image-3424\" srcset=\"https:\/\/acquaviva.lavocedelpaese.info\/wp-content\/uploads\/2023\/12\/IMG_20231203_115230_050.jpg 1000w, https:\/\/acquaviva.lavocedelpaese.info\/wp-content\/uploads\/2023\/12\/IMG_20231203_115230_050-300x225.jpg 300w, https:\/\/acquaviva.lavocedelpaese.info\/wp-content\/uploads\/2023\/12\/IMG_20231203_115230_050-768x576.jpg 768w\" sizes=\"(max-width: 1000px) 100vw, 1000px\" \/><\/figure>\n<\/figure>\n\n\n\n<figure class=\"wp-block-gallery has-nested-images columns-default is-cropped wp-block-gallery-10 is-layout-flex wp-block-gallery-is-layout-flex\">\n<figure class=\"wp-block-image size-large\"><img decoding=\"async\" width=\"1000\" height=\"750\" data-id=\"3421\" src=\"https:\/\/acquaviva.lavocedelpaese.info\/wp-content\/uploads\/2023\/12\/IMG_20231203_121103_1.jpg\" alt=\"\" class=\"wp-image-3421\" srcset=\"https:\/\/acquaviva.lavocedelpaese.info\/wp-content\/uploads\/2023\/12\/IMG_20231203_121103_1.jpg 1000w, https:\/\/acquaviva.lavocedelpaese.info\/wp-content\/uploads\/2023\/12\/IMG_20231203_121103_1-300x225.jpg 300w, https:\/\/acquaviva.lavocedelpaese.info\/wp-content\/uploads\/2023\/12\/IMG_20231203_121103_1-768x576.jpg 768w\" sizes=\"(max-width: 1000px) 100vw, 1000px\" \/><\/figure>\n<\/figure>\n","protected":false},"excerpt":{"rendered":"<p>A realizzare il mezzo busto in bronzo l&#8217;artista molfettese prof. Mauro Antonio Mezzina di Isabella Giorgio Foto: Isabella Giorgio &#8211;<\/p>\n","protected":false},"author":4,"featured_media":3397,"comment_status":"open","ping_status":"closed","sticky":false,"template":"","format":"standard","meta":{"colormag_page_container_layout":"default_layout","colormag_page_sidebar_layout":"default_layout","_monsterinsights_skip_tracking":false,"_monsterinsights_sitenote_active":false,"_monsterinsights_sitenote_note":"","_monsterinsights_sitenote_category":0,"footnotes":""},"categories":[2,33],"tags":[],"class_list":["post-3374","post","type-post","status-publish","format-standard","has-post-thumbnail","hentry","category-attualita","category-spalla"],"_links":{"self":[{"href":"https:\/\/acquaviva.lavocedelpaese.info\/index.php\/wp-json\/wp\/v2\/posts\/3374","targetHints":{"allow":["GET"]}}],"collection":[{"href":"https:\/\/acquaviva.lavocedelpaese.info\/index.php\/wp-json\/wp\/v2\/posts"}],"about":[{"href":"https:\/\/acquaviva.lavocedelpaese.info\/index.php\/wp-json\/wp\/v2\/types\/post"}],"author":[{"embeddable":true,"href":"https:\/\/acquaviva.lavocedelpaese.info\/index.php\/wp-json\/wp\/v2\/users\/4"}],"replies":[{"embeddable":true,"href":"https:\/\/acquaviva.lavocedelpaese.info\/index.php\/wp-json\/wp\/v2\/comments?post=3374"}],"version-history":[{"count":5,"href":"https:\/\/acquaviva.lavocedelpaese.info\/index.php\/wp-json\/wp\/v2\/posts\/3374\/revisions"}],"predecessor-version":[{"id":3436,"href":"https:\/\/acquaviva.lavocedelpaese.info\/index.php\/wp-json\/wp\/v2\/posts\/3374\/revisions\/3436"}],"wp:featuredmedia":[{"embeddable":true,"href":"https:\/\/acquaviva.lavocedelpaese.info\/index.php\/wp-json\/wp\/v2\/media\/3397"}],"wp:attachment":[{"href":"https:\/\/acquaviva.lavocedelpaese.info\/index.php\/wp-json\/wp\/v2\/media?parent=3374"}],"wp:term":[{"taxonomy":"category","embeddable":true,"href":"https:\/\/acquaviva.lavocedelpaese.info\/index.php\/wp-json\/wp\/v2\/categories?post=3374"},{"taxonomy":"post_tag","embeddable":true,"href":"https:\/\/acquaviva.lavocedelpaese.info\/index.php\/wp-json\/wp\/v2\/tags?post=3374"}],"curies":[{"name":"wp","href":"https:\/\/api.w.org\/{rel}","templated":true}]}}