{"id":3362,"date":"2023-12-02T16:04:17","date_gmt":"2023-12-02T16:04:17","guid":{"rendered":"https:\/\/acquaviva.lavocedelpaese.info\/?p=3362"},"modified":"2023-12-02T16:04:19","modified_gmt":"2023-12-02T16:04:19","slug":"inaugurazione-del-monumento-a-pietro-milella","status":"publish","type":"post","link":"https:\/\/acquaviva.lavocedelpaese.info\/index.php\/2023\/12\/02\/inaugurazione-del-monumento-a-pietro-milella\/","title":{"rendered":"Inaugurazione del Monumento a Pietro Milella"},"content":{"rendered":"\n<p>Domenica prossima 3 dicembre alle ore 11.30 nella centrale Piazza Garibaldi di Acquaviva delle Fonti si svolger\u00e0 la cerimonia di inaugurazione del monumento alla memoria di Pietro Milella.<\/p>\n\n\n\n<p>Lo scultore Mauro Antonio Mezzina, dopo aver realizzato nel suo atelier di Molfetta la modellatura del busto in argilla di Pietro Milella, ha affidato le fasi successive della realizzazione dell\u2019opera scultorea alla prestigiosa Fonderia <a><\/a>Nolana di Nola (NA) che ha eseguito la realizzazione della scultura con l\u2019antica tecnica della fusione a cera persa, la stessa con cui furono realizzati circa duemilacinquecento anni fa i Bronzi di Riace.<\/p>\n\n\n\n<p>(<a href=\"https:\/\/fineart.dimanoinmano.it\/magazine\/le-sculture-in-bronzo-e-la-fusione-a-cera-persa\/?fbclid=IwAR1duSxzauwEcgy1mRqVsQ3P3rDBFpvaOecztaTGto1mcogQi6m6c-wM4_c\" rel=\"noreferrer noopener\" target=\"_blank\">https:\/\/fineart.dimanoinmano.it\/&#8230;\/le-sculture-in&#8230;\/<\/a>)<\/p>\n\n\n\n<p>Il prof. Mezzina ha seguito nel laboratorio di Nola tutte le fasi di esecuzione dell\u2019opera intervenendo ancora con ulteriori ritocchi sul modello di cera rossa prima della fusione del bronzo e successivamente con un delicato intervento di eliminazione dei difetti di fusione, con la cesellatura e infine con lucidatura dell\u2019artistico busto.<\/p>\n\n\n\n<p>Gioved\u00ec scorso 30 novembre \u00e8 stato infine montato il monumentale busto sul basamento lapideo realizzato dalla ditta Fratelli Tunzi Marmi di Acquaviva delle Fonti.<\/p>\n\n\n\n<p>Il monumento, i cui costi sono stati coperti interamente da una libera raccolta di fondi promossa dal comitato \u201cUn monumento alla memoria di Pietro Milella\u201d , verr\u00e0 consegnato alla comunit\u00e0 acquavivese per protrarre nel futuro il ricordo di uno dei pi\u00f9 amati ed illustri figli di Acquaviva.<\/p>\n\n\n\n<figure class=\"wp-block-gallery has-nested-images columns-default is-cropped wp-block-gallery-1 is-layout-flex wp-block-gallery-is-layout-flex\">\n<figure class=\"wp-block-image size-large\"><img decoding=\"async\" width=\"800\" height=\"800\" data-id=\"3372\" src=\"https:\/\/acquaviva.lavocedelpaese.info\/wp-content\/uploads\/2023\/12\/407271024_3581348402130852_3518173134561279564_n-2.jpg\" alt=\"\" class=\"wp-image-3372\" srcset=\"https:\/\/acquaviva.lavocedelpaese.info\/wp-content\/uploads\/2023\/12\/407271024_3581348402130852_3518173134561279564_n-2.jpg 800w, https:\/\/acquaviva.lavocedelpaese.info\/wp-content\/uploads\/2023\/12\/407271024_3581348402130852_3518173134561279564_n-2-300x300.jpg 300w, https:\/\/acquaviva.lavocedelpaese.info\/wp-content\/uploads\/2023\/12\/407271024_3581348402130852_3518173134561279564_n-2-150x150.jpg 150w, https:\/\/acquaviva.lavocedelpaese.info\/wp-content\/uploads\/2023\/12\/407271024_3581348402130852_3518173134561279564_n-2-768x768.jpg 768w\" sizes=\"(max-width: 800px) 100vw, 800px\" \/><\/figure>\n\n\n\n<figure class=\"wp-block-image size-large\"><img decoding=\"async\" width=\"309\" height=\"390\" data-id=\"3370\" src=\"https:\/\/acquaviva.lavocedelpaese.info\/wp-content\/uploads\/2023\/12\/407445590_3581348342130858_1281329552223214423_n-2.jpg\" alt=\"\" class=\"wp-image-3370\" srcset=\"https:\/\/acquaviva.lavocedelpaese.info\/wp-content\/uploads\/2023\/12\/407445590_3581348342130858_1281329552223214423_n-2.jpg 309w, https:\/\/acquaviva.lavocedelpaese.info\/wp-content\/uploads\/2023\/12\/407445590_3581348342130858_1281329552223214423_n-2-238x300.jpg 238w\" sizes=\"(max-width: 309px) 100vw, 309px\" \/><\/figure>\n\n\n\n<figure class=\"wp-block-image size-large\"><img decoding=\"async\" width=\"380\" height=\"595\" data-id=\"3371\" src=\"https:\/\/acquaviva.lavocedelpaese.info\/wp-content\/uploads\/2023\/12\/407572780_3581348218797537_5451485348175537360_n-2.jpg\" alt=\"\" class=\"wp-image-3371\" srcset=\"https:\/\/acquaviva.lavocedelpaese.info\/wp-content\/uploads\/2023\/12\/407572780_3581348218797537_5451485348175537360_n-2.jpg 380w, https:\/\/acquaviva.lavocedelpaese.info\/wp-content\/uploads\/2023\/12\/407572780_3581348218797537_5451485348175537360_n-2-192x300.jpg 192w\" sizes=\"(max-width: 380px) 100vw, 380px\" \/><\/figure>\n<\/figure>\n\n\n\n<figure class=\"wp-block-gallery has-nested-images columns-default is-cropped wp-block-gallery-2 is-layout-flex wp-block-gallery-is-layout-flex\">\n<figure class=\"wp-block-image\"><img decoding=\"async\" src=\"https:\/\/acquaviva.lavocedelpaese.info\/b7e434b2-79a4-49bf-956d-398b1fa43a6d\" alt=\"\" \/><\/figure>\n\n\n\n<figure class=\"wp-block-image\"><img decoding=\"async\" src=\"https:\/\/acquaviva.lavocedelpaese.info\/f3c17d7a-a281-4277-aa16-5174e25852e6\" alt=\"\" \/><\/figure>\n\n\n\n<figure class=\"wp-block-image\"><img decoding=\"async\" src=\"https:\/\/acquaviva.lavocedelpaese.info\/94b58595-eb5d-4077-84d7-ce366673b2ff\" alt=\"\" \/><\/figure>\n<\/figure>\n\n\n\n<figure class=\"wp-block-image size-full\"><img decoding=\"async\" src=\"https:\/\/acquaviva.lavocedelpaese.info\/wp-content\/uploads\/2023\/12\/5566afb6-4084-4b37-be1c-ab456373b774.jpg\" alt=\"\" class=\"wp-image-3363\" \/><\/figure>\n","protected":false},"excerpt":{"rendered":"<p>Domenica prossima 3 dicembre alle ore 11.30 nella centrale Piazza Garibaldi di Acquaviva delle Fonti si svolger\u00e0 la cerimonia di<\/p>\n","protected":false},"author":4,"featured_media":3363,"comment_status":"open","ping_status":"closed","sticky":false,"template":"","format":"standard","meta":{"colormag_page_container_layout":"default_layout","colormag_page_sidebar_layout":"default_layout","_monsterinsights_skip_tracking":false,"_monsterinsights_sitenote_active":false,"_monsterinsights_sitenote_note":"","_monsterinsights_sitenote_category":0,"footnotes":""},"categories":[2,28],"tags":[],"class_list":["post-3362","post","type-post","status-publish","format-standard","has-post-thumbnail","hentry","category-attualita","category-primo-piano"],"_links":{"self":[{"href":"https:\/\/acquaviva.lavocedelpaese.info\/index.php\/wp-json\/wp\/v2\/posts\/3362","targetHints":{"allow":["GET"]}}],"collection":[{"href":"https:\/\/acquaviva.lavocedelpaese.info\/index.php\/wp-json\/wp\/v2\/posts"}],"about":[{"href":"https:\/\/acquaviva.lavocedelpaese.info\/index.php\/wp-json\/wp\/v2\/types\/post"}],"author":[{"embeddable":true,"href":"https:\/\/acquaviva.lavocedelpaese.info\/index.php\/wp-json\/wp\/v2\/users\/4"}],"replies":[{"embeddable":true,"href":"https:\/\/acquaviva.lavocedelpaese.info\/index.php\/wp-json\/wp\/v2\/comments?post=3362"}],"version-history":[{"count":1,"href":"https:\/\/acquaviva.lavocedelpaese.info\/index.php\/wp-json\/wp\/v2\/posts\/3362\/revisions"}],"predecessor-version":[{"id":3373,"href":"https:\/\/acquaviva.lavocedelpaese.info\/index.php\/wp-json\/wp\/v2\/posts\/3362\/revisions\/3373"}],"wp:featuredmedia":[{"embeddable":true,"href":"https:\/\/acquaviva.lavocedelpaese.info\/index.php\/wp-json\/wp\/v2\/media\/3363"}],"wp:attachment":[{"href":"https:\/\/acquaviva.lavocedelpaese.info\/index.php\/wp-json\/wp\/v2\/media?parent=3362"}],"wp:term":[{"taxonomy":"category","embeddable":true,"href":"https:\/\/acquaviva.lavocedelpaese.info\/index.php\/wp-json\/wp\/v2\/categories?post=3362"},{"taxonomy":"post_tag","embeddable":true,"href":"https:\/\/acquaviva.lavocedelpaese.info\/index.php\/wp-json\/wp\/v2\/tags?post=3362"}],"curies":[{"name":"wp","href":"https:\/\/api.w.org\/{rel}","templated":true}]}}