{"id":3343,"date":"2023-11-30T18:43:04","date_gmt":"2023-11-30T18:43:04","guid":{"rendered":"https:\/\/acquaviva.lavocedelpaese.info\/?p=3343"},"modified":"2023-11-30T18:43:05","modified_gmt":"2023-11-30T18:43:05","slug":"il-violoncello-suona-francese-con-il-virtuoso-sergio-patria","status":"publish","type":"post","link":"https:\/\/acquaviva.lavocedelpaese.info\/index.php\/2023\/11\/30\/il-violoncello-suona-francese-con-il-virtuoso-sergio-patria\/","title":{"rendered":"Il violoncello suona francese con il virtuoso Sergio Patria"},"content":{"rendered":"\n<figure class=\"wp-block-image size-full is-resized\"><img decoding=\"async\" width=\"828\" height=\"404\" src=\"https:\/\/acquaviva.lavocedelpaese.info\/wp-content\/uploads\/2023\/11\/e37bf6ff-85a6-4ea8-973b-e77b40b50541.jpg\" alt=\"\" class=\"wp-image-3347\" style=\"width:266px;height:auto\" srcset=\"https:\/\/acquaviva.lavocedelpaese.info\/wp-content\/uploads\/2023\/11\/e37bf6ff-85a6-4ea8-973b-e77b40b50541.jpg 828w, https:\/\/acquaviva.lavocedelpaese.info\/wp-content\/uploads\/2023\/11\/e37bf6ff-85a6-4ea8-973b-e77b40b50541-300x146.jpg 300w, https:\/\/acquaviva.lavocedelpaese.info\/wp-content\/uploads\/2023\/11\/e37bf6ff-85a6-4ea8-973b-e77b40b50541-768x375.jpg 768w\" sizes=\"(max-width: 828px) 100vw, 828px\" \/><\/figure>\n\n\n\n<p>Associazione Giovanni Colafemmina<br>XVI stagione concertistica<br><br>Venerd\u00ec 1\u00b0 dicembre ad Acquaviva delle Fonti (Palazzo de Mari)<\/p>\n\n\n\n<p><br>Il violoncello suona francese con il virtuoso Sergio Patria<\/p>\n\n\n\n<p><br>In duo con la pianista Elena Ballario per l\u2019Associazione Colafemmina<br><br>Il violoncello suona francese nel segno di Chopin, Bo\u00ebllmann e Debussy con Sergio Patria, che venerd\u00ec 1\u00b0 dicembre (ore 20) \u00e8 ospite a Palazzo de Mari (Sala Colafemmina) di Acquaviva delle Fonti dell\u2019Associazione Colafemmina accompagnato dalla pianista Elena Ballario, con la quale fa coppia nell\u2019arte e nella vita. Insieme sul palco da oltre trentacinque anni, i due musicisti figurano nei cartelloni delle principali stagioni concertistiche italiane ed europee con repertori classici e composizioni inedite o trascrizioni realizzate appositamente da Ballario.<br>Il programma della serata prevede in apertura la Sonata op. 65 di Chopin, autore che diceva di sentirsi sicuro solo quando scriveva per pianoforte, strumento che in questa pagina ricopre un ruolo dominante rispetto a quello del violoncello, come emerge gi\u00e0 nell\u2019Allegro moderato del primo tempo. Ma non mancano momenti di equilibrio in questa Sonata legata agli ultimi anni del compositore, che la dedic\u00f2 al violoncellista e suo grande amico August-Joseph Franchomme, con il quale tenne l\u2019ultimo concerto a Parigi, il 16 febbraio 1848, e dal quale si fece aiutare per la messa a punto della scrittura violoncellistica del Grand Duo e la revisione dell\u2019Introduzione e Polonaise op. 3.<br>A sua volta Jules Delsart, allievo di Franchomme, fu destinatario della Sonata op. 40 di L\u00e9on Bo\u00ebllmann che si ascolter\u00e0 immediatamente dopo. Una creazione del 1897, anno della morte del compositore, ritenuta uno dei vertici del tardo romanticismo francese, anche per le evidenti influenze di C\u00e9sar Franck.<br>Chiuder\u00e0 il recital una composizione del 1915, la Sonata in re minore di Claude Debussy, che a questa composizione aveva originariamente intenzione di dare un titolo simbolista, \u00abPierrot irritato con la Luna\u00bb, al quale poi rinunci\u00f2 limitandosi ai valori del discorso sonoro, decisamente neoclassico rispetto ai precedenti lavori impressionisti e ammantato da un\u2019aura notturna.<br>Il recital di Serio Patria ed Elena Ballario \u00e8 il penultimo appuntamento della stagione 2023 promossa dall\u2019associazione Colafemmina, che chiuder\u00e0 l\u2019anno il 16 dicembre con un Gran Gala al Teatro Luciani, protagonisti l\u2019Orchestra Filarmonica Pugliese diretta da Giovanni Minafra, il duo pianistico formato da Carla Aventaggiato e Maurizio Matarrese, direttori artistici del sodalizio barese, il flautista Francesco Girardi e il soprano Angelica Girardi.<br>Info 335.1406658.<\/p>\n\n\n\n<figure class=\"wp-block-image size-full\"><img decoding=\"async\" src=\"https:\/\/acquaviva.lavocedelpaese.info\/wp-content\/uploads\/2023\/11\/Il-violoncello-suona-francese.jpg\" alt=\"\" class=\"wp-image-3344\" \/><\/figure>\n\n\n\n<figure class=\"wp-block-image size-full\"><img decoding=\"async\" width=\"640\" height=\"480\" src=\"https:\/\/acquaviva.lavocedelpaese.info\/wp-content\/uploads\/2023\/11\/be661399-ed34-40ce-8853-248a1a373875.jpg\" alt=\"\" class=\"wp-image-3345\" srcset=\"https:\/\/acquaviva.lavocedelpaese.info\/wp-content\/uploads\/2023\/11\/be661399-ed34-40ce-8853-248a1a373875.jpg 640w, https:\/\/acquaviva.lavocedelpaese.info\/wp-content\/uploads\/2023\/11\/be661399-ed34-40ce-8853-248a1a373875-300x225.jpg 300w\" sizes=\"(max-width: 640px) 100vw, 640px\" \/><\/figure>\n\n\n\n<figure class=\"wp-block-image size-full\"><img decoding=\"async\" width=\"640\" height=\"427\" src=\"https:\/\/acquaviva.lavocedelpaese.info\/wp-content\/uploads\/2023\/11\/1b49ca12-de7a-4275-a750-394de4c1b4d3.jpg\" alt=\"\" class=\"wp-image-3346\" srcset=\"https:\/\/acquaviva.lavocedelpaese.info\/wp-content\/uploads\/2023\/11\/1b49ca12-de7a-4275-a750-394de4c1b4d3.jpg 640w, https:\/\/acquaviva.lavocedelpaese.info\/wp-content\/uploads\/2023\/11\/1b49ca12-de7a-4275-a750-394de4c1b4d3-300x200.jpg 300w\" sizes=\"(max-width: 640px) 100vw, 640px\" \/><\/figure>\n","protected":false},"excerpt":{"rendered":"<p>Associazione Giovanni ColafemminaXVI stagione concertistica Venerd\u00ec 1\u00b0 dicembre ad Acquaviva delle Fonti (Palazzo de Mari) Il violoncello suona francese con<\/p>\n","protected":false},"author":4,"featured_media":3344,"comment_status":"open","ping_status":"closed","sticky":false,"template":"","format":"standard","meta":{"colormag_page_container_layout":"default_layout","colormag_page_sidebar_layout":"default_layout","_monsterinsights_skip_tracking":false,"_monsterinsights_sitenote_active":false,"_monsterinsights_sitenote_note":"","_monsterinsights_sitenote_category":0,"footnotes":""},"categories":[5,28],"tags":[],"class_list":["post-3343","post","type-post","status-publish","format-standard","has-post-thumbnail","hentry","category-cultura","category-primo-piano"],"_links":{"self":[{"href":"https:\/\/acquaviva.lavocedelpaese.info\/index.php\/wp-json\/wp\/v2\/posts\/3343","targetHints":{"allow":["GET"]}}],"collection":[{"href":"https:\/\/acquaviva.lavocedelpaese.info\/index.php\/wp-json\/wp\/v2\/posts"}],"about":[{"href":"https:\/\/acquaviva.lavocedelpaese.info\/index.php\/wp-json\/wp\/v2\/types\/post"}],"author":[{"embeddable":true,"href":"https:\/\/acquaviva.lavocedelpaese.info\/index.php\/wp-json\/wp\/v2\/users\/4"}],"replies":[{"embeddable":true,"href":"https:\/\/acquaviva.lavocedelpaese.info\/index.php\/wp-json\/wp\/v2\/comments?post=3343"}],"version-history":[{"count":1,"href":"https:\/\/acquaviva.lavocedelpaese.info\/index.php\/wp-json\/wp\/v2\/posts\/3343\/revisions"}],"predecessor-version":[{"id":3348,"href":"https:\/\/acquaviva.lavocedelpaese.info\/index.php\/wp-json\/wp\/v2\/posts\/3343\/revisions\/3348"}],"wp:featuredmedia":[{"embeddable":true,"href":"https:\/\/acquaviva.lavocedelpaese.info\/index.php\/wp-json\/wp\/v2\/media\/3344"}],"wp:attachment":[{"href":"https:\/\/acquaviva.lavocedelpaese.info\/index.php\/wp-json\/wp\/v2\/media?parent=3343"}],"wp:term":[{"taxonomy":"category","embeddable":true,"href":"https:\/\/acquaviva.lavocedelpaese.info\/index.php\/wp-json\/wp\/v2\/categories?post=3343"},{"taxonomy":"post_tag","embeddable":true,"href":"https:\/\/acquaviva.lavocedelpaese.info\/index.php\/wp-json\/wp\/v2\/tags?post=3343"}],"curies":[{"name":"wp","href":"https:\/\/api.w.org\/{rel}","templated":true}]}}