{"id":3299,"date":"2023-11-25T06:32:53","date_gmt":"2023-11-25T06:32:53","guid":{"rendered":"https:\/\/acquaviva.lavocedelpaese.info\/?p=3299"},"modified":"2023-11-26T13:18:43","modified_gmt":"2023-11-26T13:18:43","slug":"il-comune-di-acquaviva-delle-fonti-dice-no-alla-violenza-sulle-donne","status":"publish","type":"post","link":"https:\/\/acquaviva.lavocedelpaese.info\/index.php\/2023\/11\/25\/il-comune-di-acquaviva-delle-fonti-dice-no-alla-violenza-sulle-donne\/","title":{"rendered":"Il Comune di Acquaviva delle Fonti dice NO alla violenza sulle donne."},"content":{"rendered":"\n<p><\/p>\n\n\n\n<p>&#8220;Se domani non rispondo alle tue telefonate, mamma. Se non ti dico che torno per cena. Se domani, mami, vedi che il taxi non arriva.<\/p>\n\n\n\n<p>Pu\u00f2 darsi che io sia avvolta nelle lenzuola di un albergo, su una strada, o in un sacco nero (Mara, Micaela, Majo, Mariana). Pu\u00f2 darsi cha sia in una valigia o abbandonata su una spiaggia (Emily, Shirley).<\/p>\n\n\n\n<p>Non spaventarti, mamma, se vedi che mi hanno pugnalata (Luz Marina). Non urlare se vedi che mi hanno trascinata (Arlette). Mammina, non piangere se ti dicono che mi hanno impalata (Luc\u00eda).<\/p>\n\n\n\n<p>Ti diranno che sono stata io, che non ho urlato, che erano i miei vestiti, che era l\u2019alcol nel mio sangue. Ti diranno che \u00e8 stato per l\u2019orario, perch\u00e9 ero da sola. Che quello psicopatico del mio ex aveva dei motivi, che lo avevo tradito, che ero una puttana. Ti diranno che ho vissuto, mamma, che mi ero permessa di volare troppo in alto in un mondo senz\u2019aria.<\/p>\n\n\n\n<p>Ti giuro, mamma, che sono morta combattendo.<\/p>\n\n\n\n<p>Ti giuro, cara mamma, che ho urlato davvero forte mentre volavo.<\/p>\n\n\n\n<p>Si ricorder\u00e0 di me, ma\u2019, sapr\u00e0 che sar\u00f2 stata io a rovinarlo, perch\u00e9 mi riconoscer\u00e0 nel volto di tutte quelle che gli urleranno contro il mio nome. Perch\u00e9 so, mamma, che tu non ti arrenderai.<\/p>\n\n\n\n<p>Per\u00f2, per quanto tu possa volerlo fare, non imbrigliare mia sorella. Non rinchiudere le mie cugine, non vietare niente alle tue nipoti. Non \u00e8 colpa loro, mamma, cos\u00ec come non \u00e8 stata nemmeno colpa mia. Sono loro, saranno sempre loro [ellos, gli uomini, ndt]. Lotta per le loro ali, visto che le mie me le hanno tagliate. Lotta perch\u00e9 siano libere e possano volare pi\u00f9 in alto di me. Combatti perch\u00e9 possano urlare pi\u00f9 forte di me. Perch\u00e9 possano vivere senza paura, mamma, proprio come ho fatto io.<\/p>\n\n\n\n<p>Mammina, non piangere sulle mie ceneri.<\/p>\n\n\n\n<p>Se domani sono io, mamma, se domani non torno, distruggi tutto.<\/p>\n\n\n\n<p>Se domani tocca a me, voglio essere l\u2019ultima.&#8221;<\/p>\n\n\n\n<p>Cristina Torres-C\u00e1ceres, un\u2019architetta e attivista femminista<\/p>\n\n\n\n<figure class=\"wp-block-image size-full\"><img decoding=\"async\" src=\"https:\/\/acquaviva.lavocedelpaese.info\/wp-content\/uploads\/2023\/11\/405085381_723575789810764_1195547162931598135_n.jpg\" alt=\"\" class=\"wp-image-3300\" \/><\/figure>\n","protected":false},"excerpt":{"rendered":"<p>&#8220;Se domani non rispondo alle tue telefonate, mamma. Se non ti dico che torno per cena. Se domani, mami, vedi<\/p>\n","protected":false},"author":4,"featured_media":3300,"comment_status":"open","ping_status":"closed","sticky":false,"template":"","format":"standard","meta":{"colormag_page_container_layout":"default_layout","colormag_page_sidebar_layout":"default_layout","_monsterinsights_skip_tracking":false,"_monsterinsights_sitenote_active":false,"_monsterinsights_sitenote_note":"","_monsterinsights_sitenote_category":0,"footnotes":""},"categories":[2,30],"tags":[],"class_list":["post-3299","post","type-post","status-publish","format-standard","has-post-thumbnail","hentry","category-attualita","category-news"],"_links":{"self":[{"href":"https:\/\/acquaviva.lavocedelpaese.info\/index.php\/wp-json\/wp\/v2\/posts\/3299","targetHints":{"allow":["GET"]}}],"collection":[{"href":"https:\/\/acquaviva.lavocedelpaese.info\/index.php\/wp-json\/wp\/v2\/posts"}],"about":[{"href":"https:\/\/acquaviva.lavocedelpaese.info\/index.php\/wp-json\/wp\/v2\/types\/post"}],"author":[{"embeddable":true,"href":"https:\/\/acquaviva.lavocedelpaese.info\/index.php\/wp-json\/wp\/v2\/users\/4"}],"replies":[{"embeddable":true,"href":"https:\/\/acquaviva.lavocedelpaese.info\/index.php\/wp-json\/wp\/v2\/comments?post=3299"}],"version-history":[{"count":1,"href":"https:\/\/acquaviva.lavocedelpaese.info\/index.php\/wp-json\/wp\/v2\/posts\/3299\/revisions"}],"predecessor-version":[{"id":3301,"href":"https:\/\/acquaviva.lavocedelpaese.info\/index.php\/wp-json\/wp\/v2\/posts\/3299\/revisions\/3301"}],"wp:featuredmedia":[{"embeddable":true,"href":"https:\/\/acquaviva.lavocedelpaese.info\/index.php\/wp-json\/wp\/v2\/media\/3300"}],"wp:attachment":[{"href":"https:\/\/acquaviva.lavocedelpaese.info\/index.php\/wp-json\/wp\/v2\/media?parent=3299"}],"wp:term":[{"taxonomy":"category","embeddable":true,"href":"https:\/\/acquaviva.lavocedelpaese.info\/index.php\/wp-json\/wp\/v2\/categories?post=3299"},{"taxonomy":"post_tag","embeddable":true,"href":"https:\/\/acquaviva.lavocedelpaese.info\/index.php\/wp-json\/wp\/v2\/tags?post=3299"}],"curies":[{"name":"wp","href":"https:\/\/api.w.org\/{rel}","templated":true}]}}