{"id":3283,"date":"2023-11-21T20:48:00","date_gmt":"2023-11-21T20:48:00","guid":{"rendered":"https:\/\/acquaviva.lavocedelpaese.info\/?p=3283"},"modified":"2023-11-25T04:58:44","modified_gmt":"2023-11-25T04:58:44","slug":"il-28-novembre-e-convocato-il-consiglio-comunale","status":"publish","type":"post","link":"https:\/\/acquaviva.lavocedelpaese.info\/index.php\/2023\/11\/21\/il-28-novembre-e-convocato-il-consiglio-comunale\/","title":{"rendered":"Il 28 novembre \u00e8 convocato il Consiglio Comunale"},"content":{"rendered":"\n<p><\/p>\n\n\n\n<p>Il Consiglio Comunale \u00e8 convocato per marted\u00ec 28 novembre alle ore 15:30 e sar\u00e0 tramesso in diretta streaming sulla piattaforma https:\/\/acquaviva.civicam.it<br><br>In allegato i punti all&#8217;ordine del giorno:<\/p>\n\n\n\n<div data-wp-interactive=\"core\/file\" class=\"wp-block-file\"><object data-wp-bind--hidden=\"!state.hasPdfPreview\" hidden class=\"wp-block-file__embed\" data=\"https:\/\/acquaviva.lavocedelpaese.info\/wp-content\/uploads\/2023\/11\/prot_par-0035442-del-21-11-2023-documento-skm_c224e23112118080-1.pdf\" type=\"application\/pdf\" style=\"width:100%;height:600px\" aria-label=\"Incorporamento di prot_par-0035442-del-21-11-2023-documento-skm_c224e23112118080-1.\"><\/object><a id=\"wp-block-file--media-0cc1b389-2f68-42f6-b931-722c53754e2b\" href=\"https:\/\/acquaviva.lavocedelpaese.info\/wp-content\/uploads\/2023\/11\/prot_par-0035442-del-21-11-2023-documento-skm_c224e23112118080-1.pdf\">prot_par-0035442-del-21-11-2023-documento-skm_c224e23112118080-1<\/a><a href=\"https:\/\/acquaviva.lavocedelpaese.info\/wp-content\/uploads\/2023\/11\/prot_par-0035442-del-21-11-2023-documento-skm_c224e23112118080-1.pdf\" class=\"wp-block-file__button wp-element-button\" download aria-describedby=\"wp-block-file--media-0cc1b389-2f68-42f6-b931-722c53754e2b\">Download<\/a><\/div>\n\n\n\n<p><\/p>\n\n\n\n<figure class=\"wp-block-image size-full\"><img decoding=\"async\" width=\"400\" height=\"220\" src=\"https:\/\/acquaviva.lavocedelpaese.info\/wp-content\/uploads\/2023\/11\/consiglio-comunale-new-1.jpg\" alt=\"\" class=\"wp-image-3284\" srcset=\"https:\/\/acquaviva.lavocedelpaese.info\/wp-content\/uploads\/2023\/11\/consiglio-comunale-new-1.jpg 400w, https:\/\/acquaviva.lavocedelpaese.info\/wp-content\/uploads\/2023\/11\/consiglio-comunale-new-1-300x165.jpg 300w\" sizes=\"(max-width: 400px) 100vw, 400px\" \/><\/figure>\n","protected":false},"excerpt":{"rendered":"<p>Il Consiglio Comunale \u00e8 convocato per marted\u00ec 28 novembre alle ore 15:30 e sar\u00e0 tramesso in diretta streaming sulla piattaforma<\/p>\n","protected":false},"author":4,"featured_media":3285,"comment_status":"open","ping_status":"closed","sticky":false,"template":"","format":"standard","meta":{"colormag_page_container_layout":"default_layout","colormag_page_sidebar_layout":"default_layout","_monsterinsights_skip_tracking":false,"_monsterinsights_sitenote_active":false,"_monsterinsights_sitenote_note":"","_monsterinsights_sitenote_category":0,"footnotes":""},"categories":[30,3],"tags":[],"class_list":["post-3283","post","type-post","status-publish","format-standard","has-post-thumbnail","hentry","category-news","category-politica"],"_links":{"self":[{"href":"https:\/\/acquaviva.lavocedelpaese.info\/index.php\/wp-json\/wp\/v2\/posts\/3283","targetHints":{"allow":["GET"]}}],"collection":[{"href":"https:\/\/acquaviva.lavocedelpaese.info\/index.php\/wp-json\/wp\/v2\/posts"}],"about":[{"href":"https:\/\/acquaviva.lavocedelpaese.info\/index.php\/wp-json\/wp\/v2\/types\/post"}],"author":[{"embeddable":true,"href":"https:\/\/acquaviva.lavocedelpaese.info\/index.php\/wp-json\/wp\/v2\/users\/4"}],"replies":[{"embeddable":true,"href":"https:\/\/acquaviva.lavocedelpaese.info\/index.php\/wp-json\/wp\/v2\/comments?post=3283"}],"version-history":[{"count":1,"href":"https:\/\/acquaviva.lavocedelpaese.info\/index.php\/wp-json\/wp\/v2\/posts\/3283\/revisions"}],"predecessor-version":[{"id":3287,"href":"https:\/\/acquaviva.lavocedelpaese.info\/index.php\/wp-json\/wp\/v2\/posts\/3283\/revisions\/3287"}],"wp:featuredmedia":[{"embeddable":true,"href":"https:\/\/acquaviva.lavocedelpaese.info\/index.php\/wp-json\/wp\/v2\/media\/3285"}],"wp:attachment":[{"href":"https:\/\/acquaviva.lavocedelpaese.info\/index.php\/wp-json\/wp\/v2\/media?parent=3283"}],"wp:term":[{"taxonomy":"category","embeddable":true,"href":"https:\/\/acquaviva.lavocedelpaese.info\/index.php\/wp-json\/wp\/v2\/categories?post=3283"},{"taxonomy":"post_tag","embeddable":true,"href":"https:\/\/acquaviva.lavocedelpaese.info\/index.php\/wp-json\/wp\/v2\/tags?post=3283"}],"curies":[{"name":"wp","href":"https:\/\/api.w.org\/{rel}","templated":true}]}}