{"id":3255,"date":"2023-11-19T17:38:17","date_gmt":"2023-11-19T17:38:17","guid":{"rendered":"https:\/\/acquaviva.lavocedelpaese.info\/?p=3255"},"modified":"2023-11-21T17:45:32","modified_gmt":"2023-11-21T17:45:32","slug":"presentazione-del-libro-la-cattedrale-di-acquaviva-delle-fonti","status":"publish","type":"post","link":"https:\/\/acquaviva.lavocedelpaese.info\/index.php\/2023\/11\/19\/presentazione-del-libro-la-cattedrale-di-acquaviva-delle-fonti\/","title":{"rendered":"Presentazione del libro &#8220;La Cattedrale di Acquaviva delle Fonti&#8221;"},"content":{"rendered":"\n<p>Lettera alla Comunit\u00e0<\/p>\n\n\n\n<p>400 anni fa il 26 novembre 1623 il popolo acquavivese, con i sacerdoti e il vescovo si ritrovarono in una nuova grande chiesa per consacrarla e dedicarla a S. Eustachio.<br>Sono passati 400 anni da allora e anche noi, raccogliendo come una staffetta questo testimone, ci ritroveremo in cattedrale, con il nostro vescovo alle ore 19.30 per dire GRAZIE a Dio, per fare memoria delle tante donne e uomini fedeli al Vangelo, i tanti sacerdoti e vescovi che hanno alimentato la fede della nostra Comunit\u00e0.<\/p>\n\n\n\n<p>La prossima settima, perci\u00f2, sar\u00e0 particolarmente importante per noi: vivremo la conclusione dell\u2019anno giubilare che ci ha preparato alla celebrazione dei 400 anni della dedicazione della cattedrale.<br>Gioved\u00ec 23 novembre alle ore 19.00 in cattedrale ci sar\u00e0 la presentazione di un libro sulla nostra chiesa. Saranno presenti il vescovo e gli autori del libro.<br>Venerd\u00ec 24 novembre dalle ore 17.00 alle ore 20.00 i sacerdoti saranno a disposizione in cattedrale per le confessioni, per dare la possibilit\u00e0 a tutti di ricevere in questi ultimi giorni l\u2019indulgenza plenaria.<br>Sabato alle ore 18.00 sar\u00e0 con noi don Vito Mignozzi, preside della Facolt\u00e0 Teologica Pugliese. Uno dei teologi pi\u00f9 importanti nella chiesa italiana. Sar\u00e0 con noi per l\u2019 ultima catechesi giubilare su la chiesa per il terzo millennio. Che tipo di chiesa siamo chiamati ad essere?<br>Dopo la catechesi sar\u00e0 celebrata la s. Messa alle ore 19.00.<br>Domenica 26 novembre celebreremo la s. Messa alle ore 9.00 e 10.30.<br>La sera il vescovo alle ore 19.30 il Vescovo celebrer\u00e0 la s. Messa solenne con la quale concluderemo il giubileo.<br>Mi auguro che in questa celebrazione ci sia tutta la comunit\u00e0: le famiglie, i giovani, in gruppi di AC, gli scout, i Neocatecumenali, associazione s. Rita, S. Lucia, granelli di senape, Tabit\u00e0, ecc.<\/p>\n\n\n\n<p>Viviamo questa settimana come un dono per tutti.<\/p>\n\n\n\n<p><\/p>\n\n\n\n<figure class=\"wp-block-image size-full\"><img decoding=\"async\" src=\"https:\/\/acquaviva.lavocedelpaese.info\/wp-content\/uploads\/2023\/11\/402904024_6824093307643680_4927834299733004942_n.jpg\" alt=\"\" class=\"wp-image-3256\" \/><\/figure>\n","protected":false},"excerpt":{"rendered":"<p>Lettera alla Comunit\u00e0 400 anni fa il 26 novembre 1623 il popolo acquavivese, con i sacerdoti e il vescovo si<\/p>\n","protected":false},"author":4,"featured_media":3256,"comment_status":"open","ping_status":"closed","sticky":false,"template":"","format":"standard","meta":{"colormag_page_container_layout":"default_layout","colormag_page_sidebar_layout":"default_layout","_monsterinsights_skip_tracking":false,"_monsterinsights_sitenote_active":false,"_monsterinsights_sitenote_note":"","_monsterinsights_sitenote_category":0,"footnotes":""},"categories":[2,30],"tags":[],"class_list":["post-3255","post","type-post","status-publish","format-standard","has-post-thumbnail","hentry","category-attualita","category-news"],"_links":{"self":[{"href":"https:\/\/acquaviva.lavocedelpaese.info\/index.php\/wp-json\/wp\/v2\/posts\/3255","targetHints":{"allow":["GET"]}}],"collection":[{"href":"https:\/\/acquaviva.lavocedelpaese.info\/index.php\/wp-json\/wp\/v2\/posts"}],"about":[{"href":"https:\/\/acquaviva.lavocedelpaese.info\/index.php\/wp-json\/wp\/v2\/types\/post"}],"author":[{"embeddable":true,"href":"https:\/\/acquaviva.lavocedelpaese.info\/index.php\/wp-json\/wp\/v2\/users\/4"}],"replies":[{"embeddable":true,"href":"https:\/\/acquaviva.lavocedelpaese.info\/index.php\/wp-json\/wp\/v2\/comments?post=3255"}],"version-history":[{"count":1,"href":"https:\/\/acquaviva.lavocedelpaese.info\/index.php\/wp-json\/wp\/v2\/posts\/3255\/revisions"}],"predecessor-version":[{"id":3257,"href":"https:\/\/acquaviva.lavocedelpaese.info\/index.php\/wp-json\/wp\/v2\/posts\/3255\/revisions\/3257"}],"wp:featuredmedia":[{"embeddable":true,"href":"https:\/\/acquaviva.lavocedelpaese.info\/index.php\/wp-json\/wp\/v2\/media\/3256"}],"wp:attachment":[{"href":"https:\/\/acquaviva.lavocedelpaese.info\/index.php\/wp-json\/wp\/v2\/media?parent=3255"}],"wp:term":[{"taxonomy":"category","embeddable":true,"href":"https:\/\/acquaviva.lavocedelpaese.info\/index.php\/wp-json\/wp\/v2\/categories?post=3255"},{"taxonomy":"post_tag","embeddable":true,"href":"https:\/\/acquaviva.lavocedelpaese.info\/index.php\/wp-json\/wp\/v2\/tags?post=3255"}],"curies":[{"name":"wp","href":"https:\/\/api.w.org\/{rel}","templated":true}]}}