{"id":3243,"date":"2023-11-21T16:52:27","date_gmt":"2023-11-21T16:52:27","guid":{"rendered":"https:\/\/acquaviva.lavocedelpaese.info\/?p=3243"},"modified":"2023-11-21T17:17:24","modified_gmt":"2023-11-21T17:17:24","slug":"incontro-pubblico-legalita-e-cooperazione","status":"publish","type":"post","link":"https:\/\/acquaviva.lavocedelpaese.info\/index.php\/2023\/11\/21\/incontro-pubblico-legalita-e-cooperazione\/","title":{"rendered":"&#8220;Legalit\u00e0 e cooperazione internazionale&#8221;"},"content":{"rendered":"\n<p>Incontro pubblico<\/p>\n\n\n\n<p>Si terr\u00e0 domani 22 novembre, ad Acquaviva delle Fonti nella Sala Colafemmina di Palazzo de Mari alle 16.30, l\u2019appuntamento con il viceministro agli Affari Esteri e alla Cooperazione internazionale, Edmondo Cirielli, dal titolo \u201cLegalit\u00e0 e cooperazione\u201d.<br>Un appuntamento organizzato dall\u2019amministrazione comunale, che vedr\u00e0 anche la partecipazione del sindaco Marco Lenoci, dell\u2019assessore alla Cultura Mariagrazia Barbieri e del consigliere regionale Michele Picaro. Scopo dell\u2019iniziativa \u00e8 promuovere una volta ancora la cultura della legalit\u00e0 e della cooperazione, tra cittadini e nelle istituzioni di qualsiasi livello.<br>A presentare l\u2019incontro \u00e8 il primo cittadino, Marco Lenoci: \u201cSiamo onorati dell\u2019attenzione del Governo per la nostra realt\u00e0. Parlare di legalit\u00e0 e cooperazione, soprattutto ai pi\u00f9 giovani, non \u00e8 mai abbastanza. Sono pilastri della nostra democrazia e come tali vanno difesi e valorizzati, in tutte le comuni pratiche quotidiane che ognuno di noi compie\u201d.<br>L\u2019assessore Mariagrazia Barbieri, poi, sottolinea il legame del viceministro con la citt\u00e0, viste le sue origini famigliari acquavivesi: \u201cUn legame profondo con la terra d\u2019origine, che si riverbera anche nel suo costante impegno nelle istituzioni per promuovere la nostra identit\u00e0 di italiani e la cultura della legalit\u00e0, anche al di fuori dei confini nazionali\u201d.<\/p>\n\n\n\n<p><\/p>\n\n\n\n<figure class=\"wp-block-image size-full\"><img decoding=\"async\" src=\"https:\/\/acquaviva.lavocedelpaese.info\/wp-content\/uploads\/2023\/11\/f07d3214-98dc-4cab-862d-a0d65c1af79a.jpg\" alt=\"\" class=\"wp-image-3244\" \/><\/figure>\n","protected":false},"excerpt":{"rendered":"<p>Incontro pubblico Si terr\u00e0 domani 22 novembre, ad Acquaviva delle Fonti nella Sala Colafemmina di Palazzo de Mari alle 16.30,<\/p>\n","protected":false},"author":4,"featured_media":3244,"comment_status":"open","ping_status":"closed","sticky":false,"template":"","format":"standard","meta":{"colormag_page_container_layout":"default_layout","colormag_page_sidebar_layout":"default_layout","_monsterinsights_skip_tracking":false,"_monsterinsights_sitenote_active":false,"_monsterinsights_sitenote_note":"","_monsterinsights_sitenote_category":0,"footnotes":""},"categories":[2,28],"tags":[],"class_list":["post-3243","post","type-post","status-publish","format-standard","has-post-thumbnail","hentry","category-attualita","category-primo-piano"],"_links":{"self":[{"href":"https:\/\/acquaviva.lavocedelpaese.info\/index.php\/wp-json\/wp\/v2\/posts\/3243","targetHints":{"allow":["GET"]}}],"collection":[{"href":"https:\/\/acquaviva.lavocedelpaese.info\/index.php\/wp-json\/wp\/v2\/posts"}],"about":[{"href":"https:\/\/acquaviva.lavocedelpaese.info\/index.php\/wp-json\/wp\/v2\/types\/post"}],"author":[{"embeddable":true,"href":"https:\/\/acquaviva.lavocedelpaese.info\/index.php\/wp-json\/wp\/v2\/users\/4"}],"replies":[{"embeddable":true,"href":"https:\/\/acquaviva.lavocedelpaese.info\/index.php\/wp-json\/wp\/v2\/comments?post=3243"}],"version-history":[{"count":2,"href":"https:\/\/acquaviva.lavocedelpaese.info\/index.php\/wp-json\/wp\/v2\/posts\/3243\/revisions"}],"predecessor-version":[{"id":3246,"href":"https:\/\/acquaviva.lavocedelpaese.info\/index.php\/wp-json\/wp\/v2\/posts\/3243\/revisions\/3246"}],"wp:featuredmedia":[{"embeddable":true,"href":"https:\/\/acquaviva.lavocedelpaese.info\/index.php\/wp-json\/wp\/v2\/media\/3244"}],"wp:attachment":[{"href":"https:\/\/acquaviva.lavocedelpaese.info\/index.php\/wp-json\/wp\/v2\/media?parent=3243"}],"wp:term":[{"taxonomy":"category","embeddable":true,"href":"https:\/\/acquaviva.lavocedelpaese.info\/index.php\/wp-json\/wp\/v2\/categories?post=3243"},{"taxonomy":"post_tag","embeddable":true,"href":"https:\/\/acquaviva.lavocedelpaese.info\/index.php\/wp-json\/wp\/v2\/tags?post=3243"}],"curies":[{"name":"wp","href":"https:\/\/api.w.org\/{rel}","templated":true}]}}