{"id":3211,"date":"2023-11-15T19:10:15","date_gmt":"2023-11-15T19:10:15","guid":{"rendered":"https:\/\/acquaviva.lavocedelpaese.info\/?p=3211"},"modified":"2023-11-21T16:49:36","modified_gmt":"2023-11-21T16:49:36","slug":"lo-strano-delitto-delle-sorelle-bedin","status":"publish","type":"post","link":"https:\/\/acquaviva.lavocedelpaese.info\/index.php\/2023\/11\/15\/lo-strano-delitto-delle-sorelle-bedin\/","title":{"rendered":"&#8220;Lo strano delitto delle sorelle Bedin&#8221;"},"content":{"rendered":"\n<p>Gioved\u00ec 23 novembre, a partire dalle ore 18:00, Chicca Maralfa, giornalista e scrittrice barese, presenter\u00e0 ad Acquaviva delle Fonti il suo ultimo romanzo \u201cLo strano delitto delle sorelle Bedin\u201d.<br>L\u2019incontro, che si svolger\u00e0 nella bella cornice della Sala Colafemmina, vede il patrocinio del Comune di Acquaviva ed \u00e8 in collaborazione con Confcommercio Imprese per l\u2019Italia \u2013 delegazione di Acquaviva delle Fonti e Mondadori Bookstore. Dopo i saluti introduttivi dell\u2019assessore alla Cultura Maria Grazia Barbieri, a dialogare con l\u2019autrice sar\u00e0 l\u2019operatrice culturale Antonia Bellafronte.<br>\u201cLo strano delitto delle sorelle Bedin\u201d, edito da Newton Compton Editori, \u00e8 un giallo ambientato nell\u2019attualit\u00e0 ma con un rilevante fondale storico, elemento che lo rende un\u2019opera molto originale perch\u00e9 al di fuori dei canoni di genere. La storia, che ha per protagonista Gaetano Ravid\u00e0, luogotenente dei Carabinieri barese di origini siciliane, si svolge difatti ad Asiago, il paese del Veneto che \u00e8 stato teatro delle pi\u00f9 sanguinose battaglie del primo conflitto mondiale. L\u2019investigatore indagher\u00e0 su due efferati delitti ma allo stesso tempo anche sulla sua condizione di nipote di uno dei tanti militi ignoti scomparsi su quelle montagne nei primi anni del Secolo scorso. La ricerca delle proprie radici, lontano da Bari la sua citt\u00e0 natale, assegna alla sua vicenda personale un respiro collettivo, per non dimenticare un destino che ha accomunato tante famiglie private dei propri cari morti a causa della Grande Guerra.<\/p>\n\n\n\n<figure class=\"wp-block-image size-full\"><img decoding=\"async\" width=\"805\" height=\"805\" src=\"https:\/\/acquaviva.lavocedelpaese.info\/wp-content\/uploads\/2023\/11\/404514049_721805103321166_688017028156435679_n.jpg\" alt=\"\" class=\"wp-image-3241\" srcset=\"https:\/\/acquaviva.lavocedelpaese.info\/wp-content\/uploads\/2023\/11\/404514049_721805103321166_688017028156435679_n.jpg 805w, https:\/\/acquaviva.lavocedelpaese.info\/wp-content\/uploads\/2023\/11\/404514049_721805103321166_688017028156435679_n-300x300.jpg 300w, https:\/\/acquaviva.lavocedelpaese.info\/wp-content\/uploads\/2023\/11\/404514049_721805103321166_688017028156435679_n-150x150.jpg 150w, https:\/\/acquaviva.lavocedelpaese.info\/wp-content\/uploads\/2023\/11\/404514049_721805103321166_688017028156435679_n-768x768.jpg 768w\" sizes=\"(max-width: 805px) 100vw, 805px\" \/><\/figure>\n\n\n\n<figure class=\"wp-block-image size-full\"><img decoding=\"async\" src=\"https:\/\/acquaviva.lavocedelpaese.info\/wp-content\/uploads\/2023\/11\/f7ed5dea-6b68-4631-a949-2af1c7f0191e.jpg\" alt=\"\" class=\"wp-image-3212\" \/><\/figure>\n","protected":false},"excerpt":{"rendered":"<p>Gioved\u00ec 23 novembre, a partire dalle ore 18:00, Chicca Maralfa, giornalista e scrittrice barese, presenter\u00e0 ad Acquaviva delle Fonti il<\/p>\n","protected":false},"author":4,"featured_media":3212,"comment_status":"open","ping_status":"closed","sticky":false,"template":"","format":"standard","meta":{"colormag_page_container_layout":"default_layout","colormag_page_sidebar_layout":"default_layout","_monsterinsights_skip_tracking":false,"_monsterinsights_sitenote_active":false,"_monsterinsights_sitenote_note":"","_monsterinsights_sitenote_category":0,"footnotes":""},"categories":[5,30],"tags":[],"class_list":["post-3211","post","type-post","status-publish","format-standard","has-post-thumbnail","hentry","category-cultura","category-news"],"_links":{"self":[{"href":"https:\/\/acquaviva.lavocedelpaese.info\/index.php\/wp-json\/wp\/v2\/posts\/3211","targetHints":{"allow":["GET"]}}],"collection":[{"href":"https:\/\/acquaviva.lavocedelpaese.info\/index.php\/wp-json\/wp\/v2\/posts"}],"about":[{"href":"https:\/\/acquaviva.lavocedelpaese.info\/index.php\/wp-json\/wp\/v2\/types\/post"}],"author":[{"embeddable":true,"href":"https:\/\/acquaviva.lavocedelpaese.info\/index.php\/wp-json\/wp\/v2\/users\/4"}],"replies":[{"embeddable":true,"href":"https:\/\/acquaviva.lavocedelpaese.info\/index.php\/wp-json\/wp\/v2\/comments?post=3211"}],"version-history":[{"count":2,"href":"https:\/\/acquaviva.lavocedelpaese.info\/index.php\/wp-json\/wp\/v2\/posts\/3211\/revisions"}],"predecessor-version":[{"id":3242,"href":"https:\/\/acquaviva.lavocedelpaese.info\/index.php\/wp-json\/wp\/v2\/posts\/3211\/revisions\/3242"}],"wp:featuredmedia":[{"embeddable":true,"href":"https:\/\/acquaviva.lavocedelpaese.info\/index.php\/wp-json\/wp\/v2\/media\/3212"}],"wp:attachment":[{"href":"https:\/\/acquaviva.lavocedelpaese.info\/index.php\/wp-json\/wp\/v2\/media?parent=3211"}],"wp:term":[{"taxonomy":"category","embeddable":true,"href":"https:\/\/acquaviva.lavocedelpaese.info\/index.php\/wp-json\/wp\/v2\/categories?post=3211"},{"taxonomy":"post_tag","embeddable":true,"href":"https:\/\/acquaviva.lavocedelpaese.info\/index.php\/wp-json\/wp\/v2\/tags?post=3211"}],"curies":[{"name":"wp","href":"https:\/\/api.w.org\/{rel}","templated":true}]}}