{"id":3185,"date":"2023-11-08T20:33:32","date_gmt":"2023-11-08T20:33:32","guid":{"rendered":"https:\/\/acquaviva.lavocedelpaese.info\/?p=3185"},"modified":"2023-11-08T20:33:33","modified_gmt":"2023-11-08T20:33:33","slug":"presentazione-del-volume-di-lea-cosentino","status":"publish","type":"post","link":"https:\/\/acquaviva.lavocedelpaese.info\/index.php\/2023\/11\/08\/presentazione-del-volume-di-lea-cosentino\/","title":{"rendered":"Presentazione del volume di Lea Cosentino"},"content":{"rendered":"\n<p><a><\/a>Venerd\u00ec 10 novembre&nbsp; nella Sala Angelillo di Palazzo De Mari alle ore 18 , 30 sar\u00e0 presentato il volume &#8221; Tutta La Verit\u00e0 \u201c di Lea Cosentino. Ingresso libero. Modera la giornalista Anna Larato . Interviene il sindaco di Acquaviva avv. Marco Lenoci e Mariagrazia Barbieri assessore alla cultura.<\/p>\n\n\n\n<p><strong>TUTTA LA VERIT\u00c0<\/strong> ripercorre il periodo che, dal 2005 al 2009, porta Lea Cosentino a diventare il primo Direttore Generale donna , di una Asl pugliese.L\u2019ascesa e il declino e le vicende giudiziarie che l\u2019hanno coinvolta.&nbsp;Dalla piccola Asl murgiana alla guida della terza azienda sanitaria pi\u00f9 grande in Italia. La politica, il potere toccato con mano e poi la caduta. Le inchieste, i processi, il sentirsi intrappolata e stritolata Lea Cosentino racconta gli ultimi diciassette anni della sua vita, dal suo ruolo di direttore generale della Asl di Altamura ,agli arresti domiciliari. Una ricostruzione cronologica ed emozionale, temporale ed affettiva, dove l\u2019autrice ricostruisce con ritrovata consapevolezza le circostanze, i protagonisti e gli avvenimenti di quegli anni, dalla conquista del \u201cpotere\u201d alla sua perdite. Approfondisce le questioni relative alle inchieste giudiziarie nelle quali \u00e8 rimasta coinvolta da manager Asl, traccia una disamina del sistema politico che l\u2019aveva portata a quella nomina, le amicizie, le frequentazioni, le inimicizie e poi la malattia, le assoluzioni e il ritorno a \u201ccasa. \u201c<em>Se mi fossi dimessa e fossi stata in silenzio tutto quello che mi accadde dopo, probabilmente, non sarebbe mai successo \u2026 \u201c<\/em><\/p>\n\n\n\n<p><\/p>\n\n\n\n<figure class=\"wp-block-image size-full\"><img decoding=\"async\" width=\"504\" height=\"800\" src=\"https:\/\/acquaviva.lavocedelpaese.info\/wp-content\/uploads\/2023\/11\/400160852_198485243298901_6652791862683227468_n.jpg\" alt=\"\" class=\"wp-image-3186\" srcset=\"https:\/\/acquaviva.lavocedelpaese.info\/wp-content\/uploads\/2023\/11\/400160852_198485243298901_6652791862683227468_n.jpg 504w, https:\/\/acquaviva.lavocedelpaese.info\/wp-content\/uploads\/2023\/11\/400160852_198485243298901_6652791862683227468_n-189x300.jpg 189w\" sizes=\"(max-width: 504px) 100vw, 504px\" \/><\/figure>\n","protected":false},"excerpt":{"rendered":"<p>Venerd\u00ec 10 novembre&nbsp; nella Sala Angelillo di Palazzo De Mari alle ore 18 , 30 sar\u00e0 presentato il volume &#8221;<\/p>\n","protected":false},"author":4,"featured_media":3187,"comment_status":"open","ping_status":"closed","sticky":false,"template":"","format":"standard","meta":{"colormag_page_container_layout":"default_layout","colormag_page_sidebar_layout":"default_layout","_monsterinsights_skip_tracking":false,"_monsterinsights_sitenote_active":false,"_monsterinsights_sitenote_note":"","_monsterinsights_sitenote_category":0,"footnotes":""},"categories":[5,33],"tags":[],"class_list":["post-3185","post","type-post","status-publish","format-standard","has-post-thumbnail","hentry","category-cultura","category-spalla"],"_links":{"self":[{"href":"https:\/\/acquaviva.lavocedelpaese.info\/index.php\/wp-json\/wp\/v2\/posts\/3185","targetHints":{"allow":["GET"]}}],"collection":[{"href":"https:\/\/acquaviva.lavocedelpaese.info\/index.php\/wp-json\/wp\/v2\/posts"}],"about":[{"href":"https:\/\/acquaviva.lavocedelpaese.info\/index.php\/wp-json\/wp\/v2\/types\/post"}],"author":[{"embeddable":true,"href":"https:\/\/acquaviva.lavocedelpaese.info\/index.php\/wp-json\/wp\/v2\/users\/4"}],"replies":[{"embeddable":true,"href":"https:\/\/acquaviva.lavocedelpaese.info\/index.php\/wp-json\/wp\/v2\/comments?post=3185"}],"version-history":[{"count":2,"href":"https:\/\/acquaviva.lavocedelpaese.info\/index.php\/wp-json\/wp\/v2\/posts\/3185\/revisions"}],"predecessor-version":[{"id":3189,"href":"https:\/\/acquaviva.lavocedelpaese.info\/index.php\/wp-json\/wp\/v2\/posts\/3185\/revisions\/3189"}],"wp:featuredmedia":[{"embeddable":true,"href":"https:\/\/acquaviva.lavocedelpaese.info\/index.php\/wp-json\/wp\/v2\/media\/3187"}],"wp:attachment":[{"href":"https:\/\/acquaviva.lavocedelpaese.info\/index.php\/wp-json\/wp\/v2\/media?parent=3185"}],"wp:term":[{"taxonomy":"category","embeddable":true,"href":"https:\/\/acquaviva.lavocedelpaese.info\/index.php\/wp-json\/wp\/v2\/categories?post=3185"},{"taxonomy":"post_tag","embeddable":true,"href":"https:\/\/acquaviva.lavocedelpaese.info\/index.php\/wp-json\/wp\/v2\/tags?post=3185"}],"curies":[{"name":"wp","href":"https:\/\/api.w.org\/{rel}","templated":true}]}}