{"id":2929,"date":"2023-11-04T14:08:05","date_gmt":"2023-11-04T14:08:05","guid":{"rendered":"https:\/\/acquaviva.lavocedelpaese.info\/?p=2929"},"modified":"2023-11-04T14:08:06","modified_gmt":"2023-11-04T14:08:06","slug":"memoria-del-caduto-di-guerra","status":"publish","type":"post","link":"https:\/\/acquaviva.lavocedelpaese.info\/index.php\/2023\/11\/04\/memoria-del-caduto-di-guerra\/","title":{"rendered":"Memoria del Caduto di Guerra"},"content":{"rendered":"\n<p><\/p>\n\n\n\n<p><br>Il giorno 4 novembre 2023, conosciuto come Festa dell&#8217;Unit\u00e0 Nazionale e Giornata delle Forze Armate, presso Piazza Garibaldi ad Acquaviva delle Fonti si \u00e8 svolto la Cerimonia Civile con deposizione di Corona commemorativa al monumento dei caduti.<\/p>\n\n\n\n<p>&#8221; Oggi \u00e8 una giornata particolare, &#8211; Sindaco Marco <strong>Lenoci <\/strong>-, vi \u00e8 la celebrazione dell&#8217;Unit\u00e0 Nazionale che deve essere ricordata come un valore che non deve rimanere come fonte sulla carta, ma \u00e8 fondamentale che sia una qualit\u00e0 aggiunta per la quale ogni cittadino ha la necessit\u00e0 di aggrapparsi nei momenti pi\u00f9 difficili. Siamo contemporanei al Covid, attualmente vi sono due guerre devastanti tra Russia e Ucraina, Israele e Palestina, il compito della nostra comunit\u00e0 \u00e8 avvalersi di tali valori e ricompattarsi sin da subito. Tengo a ringraziare le autorit\u00e0 militari, civili e religiose, le scolaresche, la croce rossa, la protezione civile. Vorrei esprimere un pensiero agli uomini e le donne che fanno parte della Forza dell&#8217;Ordine che ci consentono di vivere in sicurezza e un ultimo ricordo ai Caduti, coloro che in onore della libert\u00e0 hanno combattuto per donarci la societ\u00e0 attuale, in cui siamo persone libere e possiamo vivere in sicurezza grazie a tutti coloro che<br>vigilano su di noi&#8221;.<\/p>\n\n\n\n<p>Una giornata abbastanza importante e commemorativa per la quale sono state presenti le autorit\u00e0 civili, militari e religiose, la partecipazione delle scolaresche acquavivesi che hanno avuto l&#8217;onore di leggere alcuni passi concernenti il ruolo di colui che ha combattuto per la patria, lottando e morendo sul campo di guerra. Un momento per il quale \u00e8 stato seguito dai cittadini acquavivesi che si sono mostrati altamente interessati a trascorrere tale tempo in onore del caduto di guerra.<br>Successivamente vi \u00e8 stata la deposizione della Corona commemorativa al monumento dei caduti.<\/p>\n\n\n\n<p class=\"has-text-align-right\"><br><strong>ANTONIO SABINI<\/strong><\/p>\n\n\n\n<figure class=\"wp-block-image size-full\"><img decoding=\"async\" width=\"1000\" height=\"563\" src=\"https:\/\/acquaviva.lavocedelpaese.info\/wp-content\/uploads\/2023\/11\/IMG-20231104-WA0017.jpg\" alt=\"\" class=\"wp-image-2930\" srcset=\"https:\/\/acquaviva.lavocedelpaese.info\/wp-content\/uploads\/2023\/11\/IMG-20231104-WA0017.jpg 1000w, https:\/\/acquaviva.lavocedelpaese.info\/wp-content\/uploads\/2023\/11\/IMG-20231104-WA0017-300x169.jpg 300w, https:\/\/acquaviva.lavocedelpaese.info\/wp-content\/uploads\/2023\/11\/IMG-20231104-WA0017-768x432.jpg 768w\" sizes=\"(max-width: 1000px) 100vw, 1000px\" \/><\/figure>\n\n\n\n<figure class=\"wp-block-image size-full\"><img decoding=\"async\" width=\"1000\" height=\"563\" src=\"https:\/\/acquaviva.lavocedelpaese.info\/wp-content\/uploads\/2023\/11\/IMG-20231104-WA0018.jpg\" alt=\"\" class=\"wp-image-2931\" srcset=\"https:\/\/acquaviva.lavocedelpaese.info\/wp-content\/uploads\/2023\/11\/IMG-20231104-WA0018.jpg 1000w, https:\/\/acquaviva.lavocedelpaese.info\/wp-content\/uploads\/2023\/11\/IMG-20231104-WA0018-300x169.jpg 300w, https:\/\/acquaviva.lavocedelpaese.info\/wp-content\/uploads\/2023\/11\/IMG-20231104-WA0018-768x432.jpg 768w\" sizes=\"(max-width: 1000px) 100vw, 1000px\" \/><\/figure>\n\n\n\n<figure class=\"wp-block-image size-full\"><img decoding=\"async\" width=\"600\" height=\"800\" src=\"https:\/\/acquaviva.lavocedelpaese.info\/wp-content\/uploads\/2023\/11\/20231104_114653.jpg\" alt=\"\" class=\"wp-image-2932\" srcset=\"https:\/\/acquaviva.lavocedelpaese.info\/wp-content\/uploads\/2023\/11\/20231104_114653.jpg 600w, https:\/\/acquaviva.lavocedelpaese.info\/wp-content\/uploads\/2023\/11\/20231104_114653-225x300.jpg 225w\" sizes=\"(max-width: 600px) 100vw, 600px\" \/><\/figure>\n\n\n\n<figure class=\"wp-block-image size-full\"><img decoding=\"async\" width=\"1000\" height=\"750\" src=\"https:\/\/acquaviva.lavocedelpaese.info\/wp-content\/uploads\/2023\/11\/20231104_121400.jpg\" alt=\"\" class=\"wp-image-2933\" srcset=\"https:\/\/acquaviva.lavocedelpaese.info\/wp-content\/uploads\/2023\/11\/20231104_121400.jpg 1000w, https:\/\/acquaviva.lavocedelpaese.info\/wp-content\/uploads\/2023\/11\/20231104_121400-300x225.jpg 300w, https:\/\/acquaviva.lavocedelpaese.info\/wp-content\/uploads\/2023\/11\/20231104_121400-768x576.jpg 768w\" sizes=\"(max-width: 1000px) 100vw, 1000px\" \/><\/figure>\n\n\n\n<p><\/p>\n","protected":false},"excerpt":{"rendered":"<p>Il giorno 4 novembre 2023, conosciuto come Festa dell&#8217;Unit\u00e0 Nazionale e Giornata delle Forze Armate, presso Piazza Garibaldi ad Acquaviva<\/p>\n","protected":false},"author":4,"featured_media":2934,"comment_status":"open","ping_status":"closed","sticky":false,"template":"","format":"standard","meta":{"colormag_page_container_layout":"default_layout","colormag_page_sidebar_layout":"default_layout","_monsterinsights_skip_tracking":false,"_monsterinsights_sitenote_active":false,"_monsterinsights_sitenote_note":"","_monsterinsights_sitenote_category":0,"footnotes":""},"categories":[2,28],"tags":[],"class_list":["post-2929","post","type-post","status-publish","format-standard","has-post-thumbnail","hentry","category-attualita","category-primo-piano"],"_links":{"self":[{"href":"https:\/\/acquaviva.lavocedelpaese.info\/index.php\/wp-json\/wp\/v2\/posts\/2929","targetHints":{"allow":["GET"]}}],"collection":[{"href":"https:\/\/acquaviva.lavocedelpaese.info\/index.php\/wp-json\/wp\/v2\/posts"}],"about":[{"href":"https:\/\/acquaviva.lavocedelpaese.info\/index.php\/wp-json\/wp\/v2\/types\/post"}],"author":[{"embeddable":true,"href":"https:\/\/acquaviva.lavocedelpaese.info\/index.php\/wp-json\/wp\/v2\/users\/4"}],"replies":[{"embeddable":true,"href":"https:\/\/acquaviva.lavocedelpaese.info\/index.php\/wp-json\/wp\/v2\/comments?post=2929"}],"version-history":[{"count":1,"href":"https:\/\/acquaviva.lavocedelpaese.info\/index.php\/wp-json\/wp\/v2\/posts\/2929\/revisions"}],"predecessor-version":[{"id":2935,"href":"https:\/\/acquaviva.lavocedelpaese.info\/index.php\/wp-json\/wp\/v2\/posts\/2929\/revisions\/2935"}],"wp:featuredmedia":[{"embeddable":true,"href":"https:\/\/acquaviva.lavocedelpaese.info\/index.php\/wp-json\/wp\/v2\/media\/2934"}],"wp:attachment":[{"href":"https:\/\/acquaviva.lavocedelpaese.info\/index.php\/wp-json\/wp\/v2\/media?parent=2929"}],"wp:term":[{"taxonomy":"category","embeddable":true,"href":"https:\/\/acquaviva.lavocedelpaese.info\/index.php\/wp-json\/wp\/v2\/categories?post=2929"},{"taxonomy":"post_tag","embeddable":true,"href":"https:\/\/acquaviva.lavocedelpaese.info\/index.php\/wp-json\/wp\/v2\/tags?post=2929"}],"curies":[{"name":"wp","href":"https:\/\/api.w.org\/{rel}","templated":true}]}}