{"id":2911,"date":"2023-11-03T21:51:00","date_gmt":"2023-11-03T21:51:00","guid":{"rendered":"https:\/\/acquaviva.lavocedelpaese.info\/?p=2911"},"modified":"2023-11-04T14:14:37","modified_gmt":"2023-11-04T14:14:37","slug":"parco-eolico-ad-acquaviva-la-minoranza-richiede-la-conferenza-dei-capigruppo-urgente","status":"publish","type":"post","link":"https:\/\/acquaviva.lavocedelpaese.info\/index.php\/2023\/11\/03\/parco-eolico-ad-acquaviva-la-minoranza-richiede-la-conferenza-dei-capigruppo-urgente\/","title":{"rendered":"Parco eolico ad Acquaviva: la Minoranza richiede la Conferenza dei capigruppo urgente"},"content":{"rendered":"\n<p>PROGETTO PER LA REALIZZAZIONE DI UN IMPIANTO EOLICO NELL\u2019AGRO DI ACQUAVIVA DI 12 AEROGENERATORI DA 200 MT DI ALTEZZA.<\/p>\n\n\n\n<p>I consiglieri di Minoranza del Comune di Acquaviva delle Fonti hanno richiesto la convocazione di una conferenza dei capigruppo urgente in merito alla conferenza dei servizi del 09\/11\/2023 presso la Regione Puglia relativa alla realizzazione di un impianto eolico nell&#8217;agro di Acquaviva delle Fonti di 12 aerogeneratori da 200 metri di altezza.<\/p>\n\n\n\n<p>Di seguito il testo della richiesta:<\/p>\n\n\n\n<p><em>Il 09\/11\/2023 \u00e8 stata convocata presso la Regione Puglia la CONFERENZA DEI SERVIZI per il progetto relativo alla realizzazione di un MEGA IMPIANTO EOLICO IN UNO DEGLI SCORCI PI\u00d9 BELLI DEL NOSTRO TERRITORIO.<\/em><\/p>\n\n\n\n<p><em>In campagna elettorale \u00e8 stato dichiarato dalla coalizione &nbsp;DEL CAMBIAMENTO &nbsp;\u201c .. la nostra azione politica sar\u00e0 incentrata sulla condivisione con i cittadini per scrivere insieme la visione di futuro della citt\u00e0.\u201d<\/em><\/p>\n\n\n\n<p><em>ChiedIamo UFFICIALMENTE &nbsp;ED URGENTEMENTE al Sindaco Lenoci di dare seguito all\u2019impegno assunto durante la competizione elettorale, coinvolgendo una delegazione della minoranza e delle associazioni che chiedono di essere tutti uniti dall\u2019amore per la nostra terra e dalla necessit\u00e0 di difenderla dallo sviluppo indiscriminato di grandi impianti di produzione di energia elettrica.<br>\u00c8 stato pi\u00f9 volte riaffermato &nbsp;dall\u2019attuale amministrazione che \u201cLA NOSTRA AZIONE POLITICA SAR\u00c0 INCENTRATA SULLA CONDIVISIONE CON I CITTADINI PER SCRIVERE INSIEME LA VISIONE DI FUTURO DELLA CITT\u00c0\u201d.<\/em><\/p>\n\n\n\n<p><em><br>Attendiamo urgentemente la convocazione della CONFERENZA DEI CAPIGRUPPO da parte dell\u2019AMMINISTRAZIONE COMUNALE.<\/em><\/p>\n\n\n\n<p><em>Nell\u2019attesa inviano distinti saluti.<\/em><\/p>\n\n\n\n<p><em>I consiglieri<\/em><\/p>\n\n\n\n<p><em>Luca Dinapoli<\/em><\/p>\n\n\n\n<p><em>Alessandro Laera<\/em><\/p>\n\n\n\n<p><em>Tommaso Montenegro<\/em><\/p>\n\n\n\n<p><em>Francesca Pietroforte<\/em><\/p>\n\n\n\n<p><em>Francesco Pistilli<\/em><\/p>\n\n\n\n<p><em>Lorenzo Spinelli<\/em><\/p>\n\n\n\n<div data-wp-interactive=\"core\/file\" class=\"wp-block-file\"><object data-wp-bind--hidden=\"!state.hasPdfPreview\" hidden class=\"wp-block-file__embed\" data=\"https:\/\/acquaviva.lavocedelpaese.info\/wp-content\/uploads\/2023\/11\/richiesta-convocazione-capigruppo-impianto-eolico-acquaviva-delle-fonti-.pdf\" type=\"application\/pdf\" style=\"width:100%;height:600px\" aria-label=\"Incorporamento di richiesta-convocazione-capigruppo-impianto-eolico-acquaviva-delle-fonti-.\"><\/object><a id=\"wp-block-file--media-d4405703-e274-4619-ae6f-e7a2c3ff8663\" href=\"https:\/\/acquaviva.lavocedelpaese.info\/wp-content\/uploads\/2023\/11\/richiesta-convocazione-capigruppo-impianto-eolico-acquaviva-delle-fonti-.pdf\">richiesta-convocazione-capigruppo-impianto-eolico-acquaviva-delle-fonti-<\/a><a href=\"https:\/\/acquaviva.lavocedelpaese.info\/wp-content\/uploads\/2023\/11\/richiesta-convocazione-capigruppo-impianto-eolico-acquaviva-delle-fonti-.pdf\" class=\"wp-block-file__button wp-element-button\" download aria-describedby=\"wp-block-file--media-d4405703-e274-4619-ae6f-e7a2c3ff8663\">Download<\/a><\/div>\n\n\n\n<figure class=\"wp-block-image size-full\"><img decoding=\"async\" width=\"1000\" height=\"711\" src=\"https:\/\/acquaviva.lavocedelpaese.info\/wp-content\/uploads\/2023\/11\/357520869_178966438484377_3019620988880778403_n-1.jpg\" alt=\"\" class=\"wp-image-2915\" srcset=\"https:\/\/acquaviva.lavocedelpaese.info\/wp-content\/uploads\/2023\/11\/357520869_178966438484377_3019620988880778403_n-1.jpg 1000w, https:\/\/acquaviva.lavocedelpaese.info\/wp-content\/uploads\/2023\/11\/357520869_178966438484377_3019620988880778403_n-1-300x213.jpg 300w, https:\/\/acquaviva.lavocedelpaese.info\/wp-content\/uploads\/2023\/11\/357520869_178966438484377_3019620988880778403_n-1-768x546.jpg 768w\" sizes=\"(max-width: 1000px) 100vw, 1000px\" \/><\/figure>\n\n\n\n<figure class=\"wp-block-image size-full\"><img decoding=\"async\" width=\"995\" height=\"363\" src=\"https:\/\/acquaviva.lavocedelpaese.info\/wp-content\/uploads\/2023\/11\/398637023_188613087623908_3293312605124538675_n-1.jpg\" alt=\"\" class=\"wp-image-2916\" srcset=\"https:\/\/acquaviva.lavocedelpaese.info\/wp-content\/uploads\/2023\/11\/398637023_188613087623908_3293312605124538675_n-1.jpg 995w, https:\/\/acquaviva.lavocedelpaese.info\/wp-content\/uploads\/2023\/11\/398637023_188613087623908_3293312605124538675_n-1-300x109.jpg 300w, https:\/\/acquaviva.lavocedelpaese.info\/wp-content\/uploads\/2023\/11\/398637023_188613087623908_3293312605124538675_n-1-768x280.jpg 768w\" sizes=\"(max-width: 995px) 100vw, 995px\" \/><\/figure>\n","protected":false},"excerpt":{"rendered":"<p>PROGETTO PER LA REALIZZAZIONE DI UN IMPIANTO EOLICO NELL\u2019AGRO DI ACQUAVIVA DI 12 AEROGENERATORI DA 200 MT DI ALTEZZA. I<\/p>\n","protected":false},"author":4,"featured_media":2917,"comment_status":"open","ping_status":"closed","sticky":false,"template":"","format":"standard","meta":{"colormag_page_container_layout":"default_layout","colormag_page_sidebar_layout":"default_layout","_monsterinsights_skip_tracking":false,"_monsterinsights_sitenote_active":false,"_monsterinsights_sitenote_note":"","_monsterinsights_sitenote_category":0,"footnotes":""},"categories":[3,33],"tags":[],"class_list":["post-2911","post","type-post","status-publish","format-standard","has-post-thumbnail","hentry","category-politica","category-spalla"],"_links":{"self":[{"href":"https:\/\/acquaviva.lavocedelpaese.info\/index.php\/wp-json\/wp\/v2\/posts\/2911","targetHints":{"allow":["GET"]}}],"collection":[{"href":"https:\/\/acquaviva.lavocedelpaese.info\/index.php\/wp-json\/wp\/v2\/posts"}],"about":[{"href":"https:\/\/acquaviva.lavocedelpaese.info\/index.php\/wp-json\/wp\/v2\/types\/post"}],"author":[{"embeddable":true,"href":"https:\/\/acquaviva.lavocedelpaese.info\/index.php\/wp-json\/wp\/v2\/users\/4"}],"replies":[{"embeddable":true,"href":"https:\/\/acquaviva.lavocedelpaese.info\/index.php\/wp-json\/wp\/v2\/comments?post=2911"}],"version-history":[{"count":1,"href":"https:\/\/acquaviva.lavocedelpaese.info\/index.php\/wp-json\/wp\/v2\/posts\/2911\/revisions"}],"predecessor-version":[{"id":2918,"href":"https:\/\/acquaviva.lavocedelpaese.info\/index.php\/wp-json\/wp\/v2\/posts\/2911\/revisions\/2918"}],"wp:featuredmedia":[{"embeddable":true,"href":"https:\/\/acquaviva.lavocedelpaese.info\/index.php\/wp-json\/wp\/v2\/media\/2917"}],"wp:attachment":[{"href":"https:\/\/acquaviva.lavocedelpaese.info\/index.php\/wp-json\/wp\/v2\/media?parent=2911"}],"wp:term":[{"taxonomy":"category","embeddable":true,"href":"https:\/\/acquaviva.lavocedelpaese.info\/index.php\/wp-json\/wp\/v2\/categories?post=2911"},{"taxonomy":"post_tag","embeddable":true,"href":"https:\/\/acquaviva.lavocedelpaese.info\/index.php\/wp-json\/wp\/v2\/tags?post=2911"}],"curies":[{"name":"wp","href":"https:\/\/api.w.org\/{rel}","templated":true}]}}